{"id":76837,"date":"2021-06-01T17:01:55","date_gmt":"2021-06-01T20:01:55","guid":{"rendered":"https:\/\/tvtecjundiai.com.br\/news\/?p=76837"},"modified":"2021-06-02T11:28:45","modified_gmt":"2021-06-02T14:28:45","slug":"confira-o-abre-e-fecha-do-feriado-de-corpus-christi-em-jundiai-1","status":"publish","type":"post","link":"https:\/\/tvtecjundiai.com.br\/news\/2021\/06\/01\/confira-o-abre-e-fecha-do-feriado-de-corpus-christi-em-jundiai-1\/","title":{"rendered":"Confira o Abre e Fecha do feriado de Corpus Christi em Jundia\u00ed"},"content":{"rendered":"\n<p>Por conta do feriado local do Dia de Corpus Christi nesta quinta (03) e do dia posterior ao feriado, na sexta-feira (04), os equipamentos p\u00fablicos do Munic\u00edpio podem ter seus hor\u00e1rios de funcionamento alterados no per\u00edodo, conforme estabelecido pelo&nbsp;<a href=\"https:\/\/jundiai.sp.gov.br\/noticias\/wp-content\/uploads\/sites\/32\/2021\/02\/decreto-no-29-377-de-14-de-outubro-de-2020-feriados-e-pontos-facultativos.pdf\" target=\"_blank\" rel=\"noreferrer noopener\">decreto 29.377, de 14 de outubro de 2020<\/a>.<\/p>\n\n\n\n<p>Confira, abaixo, os hor\u00e1rios de funcionamentos dos equipamentos j\u00e1 n\u00e3o afetados pelo&nbsp;<a href=\"https:\/\/jundiai.sp.gov.br\/coronavirus\/wp-content\/uploads\/sites\/61\/2021\/05\/Edicao-4914-21-05-2021-1-1-1.pdf\" target=\"_blank\" rel=\"noreferrer noopener\">decreto municipal n\u00ba 30.012 de 21 de maio de 2021<\/a>, que trata das restri\u00e7\u00f5es previstas para a Fase de Transi\u00e7\u00e3o do Plano S\u00e3o Paulo no Munic\u00edpio. Confira:<\/p>\n\n\n\n<p><strong>Pa\u00e7o Municipal<\/strong><br>O Pa\u00e7o permanece fechado a partir desta quinta (03) e reabre na segunda-feira (07), \u00e0s 9h, com as restri\u00e7\u00f5es estabelecidas pelo decreto municipal.<\/p>\n\n\n\n<figure class=\"wp-block-image size-large\"><img decoding=\"async\" src=\"https:\/\/tvtecjundiai.com.br\/news\/wp-content\/uploads\/sites\/2\/2021\/06\/paco-municipal-26-1200x797.jpg\" alt=\"\" class=\"wp-image-76838\" \/><figcaption>Pa\u00e7o reabre na segunda (07), \u00e0s 8h, com as restri\u00e7\u00f5es estabelecidas pelo decreto<\/figcaption><\/figure>\n\n\n\n<p><strong>Sa\u00fade<\/strong><br>As Unidades B\u00e1sicas de Sa\u00fade (UBSs), Cl\u00ednica da Fam\u00edlia e Novas UBSs, Ambulat\u00f3rios, CAPS 1, CAPS 2 e o CAPS Infantojuvenil permanecem fechados a partir desta quinta (03) e reabrem na segunda-feira (07). J\u00e1 o CAPS AD fica aberto 24 horas, apenas para acolhidos.<\/p>\n\n\n\n<p>As unidades de Pronto-Atendimento (PA) da Ponte S\u00e3o Jo\u00e3o (rua Santo Ant\u00f4nio, 191), do Retiro (rua Maria L\u00facia de Almeida, 100) e da Vila Hortol\u00e2ndia (avenida Prefeito Jos\u00e9 Castro Marcondes, 510) funcionam normalmente, das 7h \u00e0s 18h.<\/p>\n\n\n\n<p>As situa\u00e7\u00f5es de urg\u00eancia devem ser encaminhadas para o PS do Hospital S\u00e3o Vicente de Paulo (adultos), Hospital Universit\u00e1rio (gestantes, crian\u00e7as e adolescentes), UPA 24h Vetor Oeste (crian\u00e7as e adultos) e PA Central (pra\u00e7a Dom Pedro II, Centro) em per\u00edodo integral.<\/p>\n\n\n\n<p>O PA Exclusivo Covid-19 no Centro de Conviv\u00eancia do Idoso (CCI) (avenida Alexandre Ludke, 780) funciona de segunda a domingo, das 7h \u00e0s 19h, mesmo hor\u00e1rio do atendimento da Unidade Sentinela Jardim do Lago, que funciona na quinta e na sexta, retornando o atendimento na segunda-feira (7).<\/p>\n\n\n\n<p>O atendimento 24 horas para casos Covid-19 \u00e9 realizado pelo PA Central e na UPA\/Cl\u00ednica da Fam\u00edlia Novo Horizonte.<\/p>\n\n\n\n<p>O&nbsp;<a href=\"https:\/\/jundiai.sp.gov.br\/coronavirus\/vacinacao-covid-19\/\">cronograma de vacina\u00e7\u00e3o<\/a>&nbsp;para os hor\u00e1rios j\u00e1 agendados tamb\u00e9m ser\u00e1 mantido durante o feriado.<\/p>\n\n\n\n<p><strong>Educa\u00e7\u00e3o<\/strong><br>As atividades da rede municipal de ensino param na quinta (03) e retomam na segunda-feira (07).<\/p>\n\n\n\n<p><strong>Mobilidade e Transporte<\/strong><br>Nesta quinta-feira (03), todas as linhas ativas de \u00f4nibus circulam com tabela hor\u00e1ria de domingos e feriados. As exce\u00e7\u00f5es s\u00e3o das linhas 974 (Terminal Hortol\u00e2ndia \u2013 Terminal Eloy Chaves, via Distrito Industrial), 537 (Terminal Central \u2013 Jardim das Tulipas), 545 (Residencial Jundia\u00ed 2 \u2013 Terminal Eloy Chaves, via Parque Industrial) e 840, 850, 860 e 880 (Distrito\/CMR), que circulam com hor\u00e1rios normais de segunda a sexta-feira. Haver\u00e1 monitoramento nos terminais para avalia\u00e7\u00e3o da necessidade de refor\u00e7os pontuais nas linhas.<\/p>\n\n\n\n<p>J\u00e1 na sexta (04), todas as linhas seguem tabela hor\u00e1ria de segunda a sexta, com exce\u00e7\u00e3o da linha 577 (Pa\u00e7o Municipal \u2013 Terminal Hortol\u00e2ndia), que circula com hor\u00e1rios especiais.<\/p>\n\n\n\n<p>No s\u00e1bado (05), as linhas circulam com tabela de s\u00e1bado e no domingo (06) com tabela de domingos e feriados.<\/p>\n\n\n\n<p><strong>Feiras e varej\u00f5es<\/strong><br>A programa\u00e7\u00e3o de feiras e varej\u00f5es segue com hor\u00e1rio e funcionamento normais, exceto o Varej\u00e3o Noturno da Argos, que n\u00e3o ser\u00e1 realizado nesta quinta-feira (3). Toda a programa\u00e7\u00e3o, locais e hor\u00e1rios podem ser consultados no&nbsp;<a rel=\"noreferrer noopener\" href=\"https:\/\/abastecimento.jundiai.sp.gov.br\/programas-do-departamento-de-abastecimento\/\" target=\"_blank\">site do Agroneg\u00f3cio e Abastecimento<\/a>.<\/p>\n\n\n\n<figure class=\"wp-block-image size-large\"><img loading=\"lazy\" decoding=\"async\" width=\"1200\" height=\"800\" src=\"https:\/\/tvtecjundiai.com.br\/news\/wp-content\/uploads\/sites\/2\/2021\/06\/vacinacao-covid-19-em-professores-e-profissionais-de-saude-no-dal-santo_c_-21-1200x800.jpg\" alt=\"\" class=\"wp-image-76839\" srcset=\"https:\/\/tvtecjundiai.com.br\/news\/wp-content\/uploads\/sites\/2\/2021\/06\/vacinacao-covid-19-em-professores-e-profissionais-de-saude-no-dal-santo_c_-21-1200x800.jpg 1200w, https:\/\/tvtecjundiai.com.br\/news\/wp-content\/uploads\/sites\/2\/2021\/06\/vacinacao-covid-19-em-professores-e-profissionais-de-saude-no-dal-santo_c_-21-300x200.jpg 300w, https:\/\/tvtecjundiai.com.br\/news\/wp-content\/uploads\/sites\/2\/2021\/06\/vacinacao-covid-19-em-professores-e-profissionais-de-saude-no-dal-santo_c_-21-768x512.jpg 768w, https:\/\/tvtecjundiai.com.br\/news\/wp-content\/uploads\/sites\/2\/2021\/06\/vacinacao-covid-19-em-professores-e-profissionais-de-saude-no-dal-santo_c_-21.jpg 1223w\" sizes=\"auto, (max-width: 1200px) 100vw, 1200px\" \/><figcaption>Vacina\u00e7\u00e3o para os hor\u00e1rios j\u00e1 agendados segue durante o feriado<\/figcaption><\/figure>\n\n\n\n<p><strong>Coleta de lixo<\/strong><br>Os cronogramas de coletas org\u00e2nica, seletiva cata-treco e seletiva recicl\u00e1vel seguem com normalidade e podem ser consultados no&nbsp;<a href=\"https:\/\/jundiai.sp.gov.br\/infraestrutura-e-servicos-publicos\/limpeza-publica\/coleta-organica-seletiva-e-cata-treco\/\">site da Prefeitura<\/a>.<\/p>\n\n\n\n<p><strong>Parques e complexos esportivos<\/strong><br>Conforme estabelecido pelo decreto municipal, est\u00e3o abertos das 7h \u00e0s 17h (com entrada de visitantes permitida nos parques at\u00e9 as 16h) os seguintes parques e pra\u00e7as municipais: o&nbsp;<a rel=\"noreferrer noopener\" href=\"https:\/\/parquedacidade.jundiai.sp.gov.br\/\" target=\"_blank\">Parque da Cidade<\/a>&nbsp;(inclusive para atividades sem aglomera\u00e7\u00e3o no Centro N\u00e1utico; nas pistas de aeromodelismo, automobilismo e quadras de esporte coletivos; e com o aluguel de bicicletas do Programa de Esportes e Atividades Motoras Adaptadas \u2013&nbsp; Peama); o&nbsp;<a rel=\"noreferrer noopener\" href=\"https:\/\/mundodascriancasjundiai.com.br\/\" target=\"_blank\">Mundo das Crian\u00e7as<\/a>; o&nbsp;<a rel=\"noreferrer noopener\" href=\"https:\/\/jardimbotanico.jundiai.sp.gov.br\/\" target=\"_blank\">Jardim Bot\u00e2nico<\/a>; os parques Bot\u00e2nico Eloy Chaves, \u00c2ngelo Costa (Engordadouro) e Ant\u00f4nio Garcia Machado (Jardim do Lago); as Pra\u00e7as Fam\u00edlia Jundia\u00ed &amp; Espa\u00e7o PET da Nove de Julho, Vila Rami e Ponte S\u00e3o Jo\u00e3o; e os bosques Onofre Canedo (Almerinda Chaves) e do Jardim Copacabana.<\/p>\n\n\n\n<p>J\u00e1 os complexos esportivos permanecer\u00e3o fechados durante o per\u00edodo. A exce\u00e7\u00e3o \u00e9 o Dr. Nicolino de Luca \u2013 Bol\u00e3o (Anhangaba\u00fa), que ir\u00e1 funcionar na quinta (03), s\u00e1bado (05) e domingo (06), das 7h \u00e0s 18h; e na sexta-feira (04), das 7h \u00e0s 19h.<\/p>\n\n\n\n<p><strong>Cultura<\/strong><br>Os equipamentos culturais e o setor administrativo no Complexo Fepasa permanecem fechados entre esta quinta (03) e o domingo (06), reabrindo na segunda-feira (07), a partir das 8h, somente para atendimento ao p\u00fablico. Ensaios e visita\u00e7\u00f5es ainda n\u00e3o est\u00e3o previstos pelo decreto municipal.<\/p>\n\n\n\n<figure class=\"wp-block-image size-large\"><img loading=\"lazy\" decoding=\"async\" width=\"1200\" height=\"801\" src=\"https:\/\/tvtecjundiai.com.br\/news\/wp-content\/uploads\/sites\/2\/2021\/06\/onibus-2-1200x801.jpg\" alt=\"\" class=\"wp-image-76840\" srcset=\"https:\/\/tvtecjundiai.com.br\/news\/wp-content\/uploads\/sites\/2\/2021\/06\/onibus-2-1200x801.jpg 1200w, https:\/\/tvtecjundiai.com.br\/news\/wp-content\/uploads\/sites\/2\/2021\/06\/onibus-2-300x200.jpg 300w, https:\/\/tvtecjundiai.com.br\/news\/wp-content\/uploads\/sites\/2\/2021\/06\/onibus-2-768x512.jpg 768w, https:\/\/tvtecjundiai.com.br\/news\/wp-content\/uploads\/sites\/2\/2021\/06\/onibus-2.jpg 1280w\" sizes=\"auto, (max-width: 1200px) 100vw, 1200px\" \/><figcaption>Hor\u00e1rios das linhas podem ser consultados na&nbsp;<a rel=\"noreferrer noopener\" href=\"https:\/\/situ.jundiai.sp.gov.br\/\" target=\"_blank\">internet<\/a><\/figcaption><\/figure>\n\n\n\n<p><strong>DAE<\/strong><br>A sede administrativa da DAE e os Postos de Atendimento no Centro, Eloy Chaves, Ponte S\u00e3o Jo\u00e3o e Vila Hortol\u00e2ndia n\u00e3o ter\u00e3o expediente nesta quinta (03) e sexta-feira (04). A unidade da empresa no Poupatempo (\u00fanica que funciona aos s\u00e1bados) tamb\u00e9m fecha na quinta (03), mas abre na sexta (04), das 9h \u00e0s 17 horas, e no s\u00e1bado (05), das 9h \u00e0s 13h. Para ser atendido no Poupatempo, \u00e9 necess\u00e1rio agendamento pelo site poupatempo.sp.gov.br ou na pr\u00f3pria unidade.<\/p>\n\n\n\n<p>Al\u00e9m desse posto, os mun\u00edcipes podem entrar em contato com a DAE pela Central de Relacionamento, gratuitamente, pelo telefone 08000 133 155, com atendimento 24 horas, ou acessar o&nbsp;<a href=\"http:\/\/www.daejundiai.com.br\/\" target=\"_blank\" rel=\"noreferrer noopener\">site<\/a>.<\/p>\n\n\n\n<p><strong>PAT<\/strong><br>O Posto de Atendimento ao Trabalhador (PAT), que fica na Rua Zacarias de Goes, 530, Centro, permanece fechado a partir da quinta (03) e reabre na segunda-feira (07), \u00e0s 8h, somente para atendimento sobre Seguro Desemprego, que deve ser agendado pelo&nbsp;<a href=\"https:\/\/emprego.jundiai.sp.gov.br\/agenda-seguro-desemprego\/\" target=\"_blank\" rel=\"noreferrer noopener\">Portal Jundia\u00ed Empreendedora<\/a>.<\/p>\n\n\n\n<p><strong>Banco do Povo<\/strong><br>O posto do Banco do Povo no Poupatempo (Complexo Fepasa) tamb\u00e9m permanece fechado e retoma o atendimento na segunda-feira (07), \u00e0s 8h, somente por meio de opera\u00e7\u00e3o eletr\u00f4nica \u2013 e-mail&nbsp;<a href=\"mailto:jundiai@bancodopovo.sp.gov.br\" target=\"_blank\" rel=\"noreferrer noopener\">jundiai@bancodopovo.sp.gov.br<\/a>&nbsp;\u2013 e pelo telefone (11) 4589-8890.<\/p>\n\n\n\n<p><strong>Procon<\/strong><br>O Procon Jundia\u00ed tamb\u00e9m permanece fechado a partir desta quinta (03) e retoma o atendimento na segunda-feira (07), de maneira remota, pelo&nbsp;<a rel=\"noreferrer noopener\" href=\"https:\/\/www.consumidor.gov.br\/pages\/principal\/?1622477206560\" target=\"_blank\">site consumidor.gov.br<\/a>&nbsp;ou por meio de&nbsp;<a rel=\"noreferrer noopener\" href=\"https:\/\/docs.google.com\/forms\/d\/e\/1FAIpQLSctabLAf6QmlIgD7VsqxG6kuPN93kamOIW-N_0XRZLwo7wN2w\/viewform?vc=0&amp;c=0&amp;w=1&amp;flr=0\" target=\"_blank\">formul\u00e1rio on-line<\/a>, ou de modo presencial mediante&nbsp;<a rel=\"noreferrer noopener\" href=\"https:\/\/procon.jundiai.sp.gov.br\/formas-de-atendimento\/atendimento-presencial\/\" target=\"_blank\">agendamento pr\u00e9vio<\/a>. Mais informa\u00e7\u00f5es sobre as formas de agendamento podem ser obtidas no site do Procon Jundia\u00ed, na aba&nbsp;<a rel=\"noreferrer noopener\" href=\"https:\/\/procon.jundiai.sp.gov.br\/formas-de-atendimento\" target=\"_blank\">Formas de Atendimento<\/a>.<\/p>\n\n\n\n<figure class=\"wp-block-image size-large\"><img loading=\"lazy\" decoding=\"async\" width=\"1200\" height=\"800\" src=\"https:\/\/tvtecjundiai.com.br\/news\/wp-content\/uploads\/sites\/2\/2021\/06\/mundo_das_criancas_visita_emeb_aparecido_garcia-7-1200x800.jpg\" alt=\"\" class=\"wp-image-76841\" srcset=\"https:\/\/tvtecjundiai.com.br\/news\/wp-content\/uploads\/sites\/2\/2021\/06\/mundo_das_criancas_visita_emeb_aparecido_garcia-7-1200x800.jpg 1200w, https:\/\/tvtecjundiai.com.br\/news\/wp-content\/uploads\/sites\/2\/2021\/06\/mundo_das_criancas_visita_emeb_aparecido_garcia-7-300x200.jpg 300w, https:\/\/tvtecjundiai.com.br\/news\/wp-content\/uploads\/sites\/2\/2021\/06\/mundo_das_criancas_visita_emeb_aparecido_garcia-7-768x512.jpg 768w, https:\/\/tvtecjundiai.com.br\/news\/wp-content\/uploads\/sites\/2\/2021\/06\/mundo_das_criancas_visita_emeb_aparecido_garcia-7.jpg 1280w\" sizes=\"auto, (max-width: 1200px) 100vw, 1200px\" \/><figcaption>Parque da Cidade e Mundo das Crian\u00e7as ficam abertos das 7h \u00e0s 17h, com entrada de visitantes at\u00e9 as 16h<\/figcaption><\/figure>\n\n\n\n<p><strong>Fundo Social<\/strong><br>O Fundo Social de Solidariedade de Jundia\u00ed (avenida Manoela Lacerda de Vergueiro, s\/n\u00ba, Anhangaba\u00fa) tamb\u00e9m n\u00e3o ter\u00e1 expediente a partir desta quinta (03). As atividades ser\u00e3o retomadas na segunda-feira (07), \u00e0s 8h.<\/p>\n\n\n\n<p><strong>Assist\u00eancia e Desenvolvimento Social<\/strong><br>O Centro Pop, que fica na rua Marechal Deodoro da Fonseca, 504, Centro, para o atendimento \u00e0 popula\u00e7\u00e3o em situa\u00e7\u00e3o de rua, permanece aberto at\u00e9 as 12h da quinta (03) e depois permanece fechado at\u00e9 reabrir na segunda-feira (07).<\/p>\n\n\n\n<p>Durante o per\u00edodo, conforme a previs\u00e3o de temperaturas, poder\u00e1 ser acionada a Opera\u00e7\u00e3o Noites Frias e o Servi\u00e7o Especial de Abordagem Social (SEAS) poder\u00e1 ser acionado pelo telefone (11) 98531-0146, diariamente, at\u00e9 as 22h. A partir desse hor\u00e1rio, a indica\u00e7\u00e3o \u00e9 pelo acionamento da Guarda Municipal de Jundia\u00ed (GMJ), pelo telefone 153. J\u00e1 em casos de identificada intoxica\u00e7\u00e3o ou ocorr\u00eancias mais graves, o SAMU poder\u00e1 ser acionado pelo telefone 192.<\/p>\n\n\n\n<p><strong>Fumas<\/strong><br>A Funda\u00e7\u00e3o Municipal de A\u00e7\u00e3o Social (Fumas) tamb\u00e9m permanece fechada nesta quarta (21), retornando \u00e0s atividades na quinta-feira (22), \u00e0s 8h. Pelo telefone (11) 4583-1722 h\u00e1 tamb\u00e9m atendimento telef\u00f4nico ou WhatsApp.<\/p>\n\n\n\n<p>Os cemit\u00e9rios municipais Nossa Senhora do Montenegro e Nossa Senhora do Desterro permanecem abertos todos os dias, das 7h \u00e0s 16h, para sepultamentos, visita\u00e7\u00f5es e reformas.<\/p>\n\n\n\n<p>S\u00e3o permitidos vel\u00f3rios de at\u00e9 uma hora de dura\u00e7\u00e3o e com capacidade m\u00e1xima de dez pessoas por sala, para \u00f3bitos n\u00e3o causados por Covid-19. J\u00e1 o atendimento do vel\u00f3rio segue funcionamento 24 horas por dia, podendo somente uma pessoa por vez fazer a declara\u00e7\u00e3o de \u00f3bito.<\/p>\n\n\n\n<figure class=\"wp-block-image size-large\"><img loading=\"lazy\" decoding=\"async\" width=\"1200\" height=\"800\" src=\"https:\/\/tvtecjundiai.com.br\/news\/wp-content\/uploads\/sites\/2\/2021\/06\/procon-internas-e-externas_c_-10-1-1200x800.jpg\" alt=\"\" class=\"wp-image-76842\" srcset=\"https:\/\/tvtecjundiai.com.br\/news\/wp-content\/uploads\/sites\/2\/2021\/06\/procon-internas-e-externas_c_-10-1-1200x800.jpg 1200w, https:\/\/tvtecjundiai.com.br\/news\/wp-content\/uploads\/sites\/2\/2021\/06\/procon-internas-e-externas_c_-10-1-300x200.jpg 300w, https:\/\/tvtecjundiai.com.br\/news\/wp-content\/uploads\/sites\/2\/2021\/06\/procon-internas-e-externas_c_-10-1-768x512.jpg 768w, https:\/\/tvtecjundiai.com.br\/news\/wp-content\/uploads\/sites\/2\/2021\/06\/procon-internas-e-externas_c_-10-1.jpg 1280w\" sizes=\"auto, (max-width: 1200px) 100vw, 1200px\" \/><figcaption>Procon reabre na segunda (07), com atendimentos nas modalidades on-line e presencial sob agendamento<\/figcaption><\/figure>\n\n\n\n<p><em>(Texto\/Imagem: Prefeitura de Jundia\u00ed)<\/em><\/p>\n","protected":false},"excerpt":{"rendered":"<p>Confira os hor\u00e1rios de funcionamentos dos \u00f3rg\u00e3os da Prefeitura de Jundia\u00ed<\/p>\n","protected":false},"author":28,"featured_media":76838,"comment_status":"closed","ping_status":"closed","sticky":false,"template":"","format":"standard","meta":{"footnotes":""},"categories":[8356,1],"tags":[],"class_list":["post-76837","post","type-post","status-publish","format-standard","has-post-thumbnail","hentry","category-jundiai","category-noticias"],"_links":{"self":[{"href":"https:\/\/tvtecjundiai.com.br\/news\/wp-json\/wp\/v2\/posts\/76837","targetHints":{"allow":["GET"]}}],"collection":[{"href":"https:\/\/tvtecjundiai.com.br\/news\/wp-json\/wp\/v2\/posts"}],"about":[{"href":"https:\/\/tvtecjundiai.com.br\/news\/wp-json\/wp\/v2\/types\/post"}],"author":[{"embeddable":true,"href":"https:\/\/tvtecjundiai.com.br\/news\/wp-json\/wp\/v2\/users\/28"}],"replies":[{"embeddable":true,"href":"https:\/\/tvtecjundiai.com.br\/news\/wp-json\/wp\/v2\/comments?post=76837"}],"version-history":[{"count":2,"href":"https:\/\/tvtecjundiai.com.br\/news\/wp-json\/wp\/v2\/posts\/76837\/revisions"}],"predecessor-version":[{"id":76887,"href":"https:\/\/tvtecjundiai.com.br\/news\/wp-json\/wp\/v2\/posts\/76837\/revisions\/76887"}],"wp:featuredmedia":[{"embeddable":true,"href":"https:\/\/tvtecjundiai.com.br\/news\/wp-json\/wp\/v2\/media\/76838"}],"wp:attachment":[{"href":"https:\/\/tvtecjundiai.com.br\/news\/wp-json\/wp\/v2\/media?parent=76837"}],"wp:term":[{"taxonomy":"category","embeddable":true,"href":"https:\/\/tvtecjundiai.com.br\/news\/wp-json\/wp\/v2\/categories?post=76837"},{"taxonomy":"post_tag","embeddable":true,"href":"https:\/\/tvtecjundiai.com.br\/news\/wp-json\/wp\/v2\/tags?post=76837"}],"curies":[{"name":"wp","href":"https:\/\/api.w.org\/{rel}","templated":true}]}}