{"id":76845,"date":"2021-06-02T11:00:00","date_gmt":"2021-06-02T14:00:00","guid":{"rendered":"https:\/\/tvtecjundiai.com.br\/news\/?p=76845"},"modified":"2021-06-02T22:13:52","modified_gmt":"2021-06-03T01:13:52","slug":"fe-e-tradicao-marcam-a-data-de-corpus-christi","status":"publish","type":"post","link":"https:\/\/tvtecjundiai.com.br\/news\/2021\/06\/02\/fe-e-tradicao-marcam-a-data-de-corpus-christi\/","title":{"rendered":"F\u00e9 e tradi\u00e7\u00e3o marcam a data de Corpus Christi"},"content":{"rendered":"\n<p>Nesta quinta-feira, 3 de junho, comemora-se o Corpus Christi, mas muito mais do que um feriado, a data tem um significado mais profundo para os crist\u00e3os cat\u00f3licos.<\/p>\n\n\n\n<p>A data, que \u00e9 sempre comemorada 60 dias ap\u00f3s a P\u00e1scoa, faz parte do calend\u00e1rio da Igreja Cat\u00f3lica. No dia de Corpus Christi, celebra-se o sacramento da eucaristia, ou seja, a celebra\u00e7\u00e3o da morte e ressurei\u00e7\u00e3o de Jesus Cristo.<\/p>\n\n\n\n<p>Ali\u00e1s, Corpus Christi \u00e9 a palavra em latim para \u2018corpo de Cristo\u2019. Durante a celebra\u00e7\u00e3o, o p\u00e3o que \u00e9 consumido representa o corpo de Cristo e o vinho ingerido, o sangue de Cristo. A data \u00e9 obrigatoriamente comemorada em uma quinta-feira, em alus\u00e3o ao fato de que a Santa Ceia ocorreu, tamb\u00e9m, em uma quinta-feira.<\/p>\n\n\n\n<p>Outra curiosidade foi que a produ\u00e7\u00e3o dos tapetes, tradi\u00e7\u00e3o muito comum no Brasil, veio trazida pelos portugueses e \u00e9 bem comum em v\u00e1rias partes do mundo.<\/p>\n\n\n\n<div class=\"wp-block-image\"><figure class=\"alignleft size-medium is-resized\"><a href=\"https:\/\/tvtecjundiai.com.br\/news\/wp-content\/uploads\/sites\/2\/2021\/06\/paroco-corpus-christ.jpg\"><img loading=\"lazy\" decoding=\"async\" src=\"https:\/\/tvtecjundiai.com.br\/news\/wp-content\/uploads\/sites\/2\/2021\/06\/paroco-corpus-christ-300x180.jpg\" alt=\"\" class=\"wp-image-76946\" width=\"510\" height=\"306\" srcset=\"https:\/\/tvtecjundiai.com.br\/news\/wp-content\/uploads\/sites\/2\/2021\/06\/paroco-corpus-christ-300x180.jpg 300w, https:\/\/tvtecjundiai.com.br\/news\/wp-content\/uploads\/sites\/2\/2021\/06\/paroco-corpus-christ.jpg 639w\" sizes=\"auto, (max-width: 510px) 100vw, 510px\" \/><\/a><figcaption>P\u00e1roco Michael Henrique explica sobre o Corpus Christi<\/figcaption><\/figure><\/div>\n\n\n\n<p>Para o p\u00e1roco Michael Henrique, da Par\u00f3quia S\u00e3o Jo\u00e3o Bosco, no Eloy Chaves, o Corpus Christi tem um significado maior para os cat\u00f3licos. \u201cA import\u00e2ncia para n\u00f3s, crist\u00e3os cat\u00f3licos, de celebrar o Corpus Christi, \u00e9 poder testemunhar a presen\u00e7a real de Jesus na eucaristia. \u00c9 testemunhar que n\u00f3s realmente acreditamos que Jesus est\u00e1 todo inteiro &#8211; corpo, sangue, alma e divindade, presente no sacramento da eucaristia\u201d, diz.<\/p>\n\n\n\n<p>O p\u00e1roco explica que a solenidade \u00e9 celebrada, sempre, com muito amor e carinho. \u201cPorque n\u00f3s lembramos as \u00faltimas palavras de Jesus na ceia, em que ele nos deu o seu pr\u00f3prio corpo e o seu pr\u00f3prio sangue para nos alimentar &#8211; alimentar o corpo e alimentar a alma. Ent\u00e3o para n\u00f3s \u00e9 muito importante podermos ter um dia em que n\u00f3s celebramos esse grande presente, que \u00e9 a presen\u00e7a real de Jesus na sant\u00edssima eucaristia\u201d, celebra.<\/p>\n\n\n\n<p><em>(Texto: TVTEC\/Imagem: Assessoria de Imprensa)<\/em><\/p>\n","protected":false},"excerpt":{"rendered":"<p>\u201cCelebrar o Corpus Christi \u00e9 poder testemunhar a presen\u00e7a real de Jesus\u201d, diz Padre Michael Henrique<\/p>\n","protected":false},"author":28,"featured_media":76946,"comment_status":"closed","ping_status":"closed","sticky":false,"template":"","format":"standard","meta":{"footnotes":""},"categories":[8356,1],"tags":[],"class_list":["post-76845","post","type-post","status-publish","format-standard","has-post-thumbnail","hentry","category-jundiai","category-noticias"],"_links":{"self":[{"href":"https:\/\/tvtecjundiai.com.br\/news\/wp-json\/wp\/v2\/posts\/76845","targetHints":{"allow":["GET"]}}],"collection":[{"href":"https:\/\/tvtecjundiai.com.br\/news\/wp-json\/wp\/v2\/posts"}],"about":[{"href":"https:\/\/tvtecjundiai.com.br\/news\/wp-json\/wp\/v2\/types\/post"}],"author":[{"embeddable":true,"href":"https:\/\/tvtecjundiai.com.br\/news\/wp-json\/wp\/v2\/users\/28"}],"replies":[{"embeddable":true,"href":"https:\/\/tvtecjundiai.com.br\/news\/wp-json\/wp\/v2\/comments?post=76845"}],"version-history":[{"count":5,"href":"https:\/\/tvtecjundiai.com.br\/news\/wp-json\/wp\/v2\/posts\/76845\/revisions"}],"predecessor-version":[{"id":76949,"href":"https:\/\/tvtecjundiai.com.br\/news\/wp-json\/wp\/v2\/posts\/76845\/revisions\/76949"}],"wp:featuredmedia":[{"embeddable":true,"href":"https:\/\/tvtecjundiai.com.br\/news\/wp-json\/wp\/v2\/media\/76946"}],"wp:attachment":[{"href":"https:\/\/tvtecjundiai.com.br\/news\/wp-json\/wp\/v2\/media?parent=76845"}],"wp:term":[{"taxonomy":"category","embeddable":true,"href":"https:\/\/tvtecjundiai.com.br\/news\/wp-json\/wp\/v2\/categories?post=76845"},{"taxonomy":"post_tag","embeddable":true,"href":"https:\/\/tvtecjundiai.com.br\/news\/wp-json\/wp\/v2\/tags?post=76845"}],"curies":[{"name":"wp","href":"https:\/\/api.w.org\/{rel}","templated":true}]}}