{"id":76856,"date":"2021-06-02T09:27:55","date_gmt":"2021-06-02T12:27:55","guid":{"rendered":"https:\/\/tvtecjundiai.com.br\/news\/?p=76856"},"modified":"2021-06-02T09:27:55","modified_gmt":"2021-06-02T12:27:55","slug":"veja-o-que-muda-com-a-aprovacao-da-oms-para-uso-emergencial-da-coronavac","status":"publish","type":"post","link":"https:\/\/tvtecjundiai.com.br\/news\/2021\/06\/02\/veja-o-que-muda-com-a-aprovacao-da-oms-para-uso-emergencial-da-coronavac\/","title":{"rendered":"Veja o que muda com a aprova\u00e7\u00e3o da OMS para uso emergencial da CoronaVac"},"content":{"rendered":"\n<p>A Organiza\u00e7\u00e3o Mundial da Sa\u00fade (OMS) anunciou nesta ter\u00e7a-feira, 1\u00ba, a aprova\u00e7\u00e3o de uso emergencial da vacina contra a COVID-19 Coronavac, produzida pelo laborat\u00f3rio chin\u00eas Sinovac em parceria com o Instituto Butantan. O \u00f3rg\u00e3o recomendou a vacina para uso em adultos de 18 anos ou mais, em um esquema de duas doses com espa\u00e7amento de duas a quatro semanas.<\/p>\n\n\n\n<p>Os resultados da efic\u00e1cia da vacina mostraram que o imunizante previne doen\u00e7as sintom\u00e1ticas em 51% dos vacinados e evitou casos graves e hospitaliza\u00e7\u00f5es em toda a popula\u00e7\u00e3o estudada. Para avalia\u00e7\u00e3o da vacina, a OMS avalia qualidade, seguran\u00e7a e efic\u00e1cia das vacinas contra a COVID, no caso da Coronavac, a avalia\u00e7\u00e3o incluiu inspe\u00e7\u00f5es no local das instala\u00e7\u00f5es de produ\u00e7\u00e3o.<\/p>\n\n\n\n<div class=\"wp-block-image\"><figure class=\"aligncenter size-large\"><img loading=\"lazy\" decoding=\"async\" width=\"923\" height=\"609\" src=\"https:\/\/tvtecjundiai.com.br\/news\/wp-content\/uploads\/sites\/2\/2021\/06\/CORONAVAC.png\" alt=\"\" class=\"wp-image-76857\" srcset=\"https:\/\/tvtecjundiai.com.br\/news\/wp-content\/uploads\/sites\/2\/2021\/06\/CORONAVAC.png 923w, https:\/\/tvtecjundiai.com.br\/news\/wp-content\/uploads\/sites\/2\/2021\/06\/CORONAVAC-300x198.png 300w, https:\/\/tvtecjundiai.com.br\/news\/wp-content\/uploads\/sites\/2\/2021\/06\/CORONAVAC-768x507.png 768w\" sizes=\"auto, (max-width: 923px) 100vw, 923px\" \/><figcaption>Aprovado o uso emergencial da Coronavac pela OMS<\/figcaption><\/figure><\/div>\n\n\n\n<p><strong>Entenda quais os benef\u00edcios e as mudan\u00e7as com essa&nbsp;aprova\u00e7\u00e3o para brasileiros:<\/strong><\/p>\n\n\n\n<h3 class=\"wp-block-heading\">O que significa uma aprova\u00e7\u00e3o da OMS para uso emergencial de uma vacina?<\/h3>\n\n\n\n<p>O procedimento, utilizado pela OMS em caso de emerg\u00eancia sanit\u00e1ria, permite que pa\u00edses que n\u00e3o disp\u00f5em de meios para determinar rapidamente a efic\u00e1cia e seguran\u00e7a de um medicamento tenham acesso mais r\u00e1pido aos tratamentos, no caso acesso aos imunizantes contra a covid-19. A aprova\u00e7\u00e3o tamb\u00e9m facilita a log\u00edstica de distribui\u00e7\u00e3o da vacina em todo mundo, por meio de cons\u00f3rcios como o\u00a0<strong>Covax Facility<\/strong>, organizado pela OMS.<\/p>\n\n\n\n<h3 class=\"wp-block-heading\">Como o Brasil se beneficia com essa decis\u00e3o?<\/h3>\n\n\n\n<p>Para integrantes do governo brasileiro, isso abre caminho para que outros pa\u00edses aceitem a entrada de pessoas vacinadas com as duas doses do imunizante contra a covid-19, com a abertura de fronteiras esperada para os pr\u00f3ximos meses. A valida\u00e7\u00e3o oferece aos pa\u00edses, financiadores, ag\u00eancias de compra e comunidades a garantia de que atende aos padr\u00f5es internacionais de seguran\u00e7a, efic\u00e1cia e fabrica\u00e7\u00e3o.&nbsp;<\/p>\n\n\n\n<h3 class=\"wp-block-heading\">A decis\u00e3o permite que brasileiros vacinados com a Coronavac possam viajar para outros pa\u00edses?<\/h3>\n\n\n\n<p>N\u00e3o. A maioria dos pa\u00edses tem restri\u00e7\u00f5es que n\u00e3o s\u00e3o necessariamente atreladas as autoriza\u00e7\u00f5es da OMS. Na\u00a0<strong>Uni\u00e3o Europeia<\/strong>, por exemplo, turistas\u00a0precisam apresentar\u00a0um teste PCR feito at\u00e9 72 horas antes do embarque e a uma quarentena de 14 dias no pa\u00eds de desembarque, com isolamento e rastreio de contatos. Outra maneira \u00e9 o turista ter completado o ciclo de imuniza\u00e7\u00e3o pelo menos\u00a0duas semanas antes da viagem, com imunizantes\u00a0aprovados pelo \u00f3rg\u00e3o regulador da Uni\u00e3o Europeia. At\u00e9 o momento, as vacinas\u00a0que receberam aval s\u00e3o os da Oxford\/AstraZeneca, Johnson &amp; Johnson, Moderna, Pfizer-BioNTech e Sinopharm. Fora da lista, a Coronavac ainda est\u00e1 em an\u00e1lise, mas agora as chances de aprova\u00e7\u00e3o s\u00e3o maiores. Isso porque o bloco tamb\u00e9m prev\u00ea estender a autoriza\u00e7\u00e3o para vacinas que conclu\u00edram o processo de uso emergencial da OMS.<\/p>\n\n\n\n<p>Entretanto,\u00a0<strong>outras restri\u00e7\u00f5es que foram recomendadas na Uni\u00e3o Europeia s\u00e3o as \u201ctravas de emerg\u00eancia\u201d<\/strong>, para evitar novos picos da doen\u00e7a e a entrada de cepas diferentes do v\u00edrus. Segundo a regra apresentada, turistas de pa\u00edses com variantes podem ser barrados. J\u00e1 o limiar de controle aceit\u00e1vel seria de at\u00e9 100 casos de covid por 100 mil habitantes nos \u00faltimos 14 dias. Essas restri\u00e7\u00f5es podem afetar o Brasil, onde h\u00e1 registros de variantes e a taxa de infec\u00e7\u00f5es est\u00e1 em 413,2 novos casos por 100 mil habitantes. \u201cUm Estado-Membro pode suspender urgente e temporariamente todas as viagens de entrada de cidad\u00e3os n\u00e3o residentes nesse pa\u00eds\u201d, diz comunicado da UE, sobre a reabertura. \u201cEsses viajantes devem ser submetidos a testes rigorosos e medidas de quarentena, mesmo que tenham sido vacinados.\u201d<\/p>\n\n\n\n<h3 class=\"wp-block-heading\">A aprova\u00e7\u00e3o possibilita que mais vacinas sejam aplicadas no pa\u00eds?<\/h3>\n\n\n\n<p>A Coronavac \u00e9 um imunizante amplamente utilizado no Brasil, entretanto com a aprova\u00e7\u00e3o mais doses da vacina podem ser disponibilizadas por meio do Covax Facility, cons\u00f3rcio organizado pela OMS. Hoje, o Brasil j\u00e1 recebe doses da\u00a0<strong>Pfizer<\/strong>\u00a0e da\u00a0<strong>Astrazeneca<\/strong>\u00a0por meio do programa, que refor\u00e7am as compras diretas e a produ\u00e7\u00e3o local de vacinas. A Lista de Uso de Emerg\u00eancia da OMS \u00e9 um pr\u00e9-requisito para o fornecimento de vacinas pelo cons\u00f3rcio e para negocia\u00e7\u00f5es internacionais.<\/p>\n\n\n\n<h3 class=\"wp-block-heading\">Outras vacinas t\u00eam essa aprova\u00e7\u00e3o para uso emergencial?&nbsp;<\/h3>\n\n\n\n<p>Sim, a Coronavac \u00e9 o sexto imunizante a receber aprova\u00e7\u00e3o para uso emergencial pela OMS. Entre os aprovados est\u00e3o duas vacinas j\u00e1 utilizadas no Brasil, a da Pfizer\/BioNTech e da AstraZeneca. Al\u00e9m delas, a vacina da Janssen, bra\u00e7o farmac\u00eautico da\u00a0<strong>Johnson &amp; Johnson<\/strong>, a vacina da Moderna e a vacina da farmac\u00eautica chinesa\u00a0<strong>Sinopharm<\/strong>\u00a0tamb\u00e9m t\u00eam a autoriza\u00e7\u00e3o do \u00f3rg\u00e3o.<\/p>\n\n\n\n<h3 class=\"wp-block-heading\">A partir de agora outros pa\u00edses v\u00e3o usar a vacina?<\/h3>\n\n\n\n<p>Na verdade, outros pa\u00edses como\u00a0<strong>China<\/strong>,\u00a0<strong>Indon\u00e9sia<\/strong>,\u00a0<strong>Turquia<\/strong>,\u00a0<strong>Col\u00f4mbia<\/strong>,\u00a0<strong>Uruguai<\/strong>,<strong>\u00a0Chile<\/strong>,\u00a0<strong>Ucr\u00e2nia<\/strong>, entre outros, j\u00e1 possuem aprova\u00e7\u00e3o para uso da Coronavac. Entretanto, com a aprova\u00e7\u00e3o da OMS, mais na\u00e7\u00f5es podem buscar a compra do imunizante, ou ainda, receb\u00ea-lo por meio de cons\u00f3rcios, j\u00e1 que a valida\u00e7\u00e3o oferece aos pa\u00edses, financiadores, ag\u00eancias de compra e comunidades a garantia de que a vacina atende aos padr\u00f5es internacionais de seguran\u00e7a, efic\u00e1cia e fabrica\u00e7\u00e3o.\u00a0<\/p>\n\n\n\n<h3 class=\"wp-block-heading\">Ent\u00e3o a Coronavac \u00e9 segura?<\/h3>\n\n\n\n<p>Dados recentes divulgados por meio de um\u00a0<strong>estudo realizado em Serrana (SP)<\/strong>\u00a0que vacinou 95,7% da popula\u00e7\u00e3o adulta do munic\u00edpio, mostraram que a vacina \u00e9 segura. Foram administradas 54.882 doses na popula\u00e7\u00e3o e o \u00edndice geral de eventos adversos foi de 4,4% da primeira dose, a maioria deles leves. Somente 0,02% dos vacinados tiveram registros de efeitos de grau 3 ou superior, mas a maioria teve dor de cabe\u00e7a ou muscular.<\/p>\n\n\n\n<h3 class=\"wp-block-heading\">O que os estudos brasileiros apontam sobre a efic\u00e1cia da Coronavac?&nbsp;<\/h3>\n\n\n\n<p>Os testes cl\u00ednicos da Coronavac no Brasil demonstraram uma efic\u00e1cia geral de 50,7%, podendo chegar a 62% se o intervalo entre a primeira e a segunda dose for igual ou superior a 21 dias.<\/p>\n\n\n\n<p>Em um\u00a0<strong>estudo de vacina\u00e7\u00e3o em massa<\/strong>\u00a0realizado em Serrana mostrou uma diminui\u00e7\u00e3o de 80% no n\u00famero de casos sintom\u00e1ticos, ap\u00f3s a vacina\u00e7\u00e3o e as interna\u00e7\u00f5es foram reduzidas em cerca de 86%. J\u00e1 o n\u00famero de \u00f3bitos por conta da covid diminuiu em 95% na cidade.<\/p>\n\n\n\n<p>Entretanto,\u00a0<strong>outro estudo divulgado no dia 21 de maio<\/strong>\u00a0mostrou que, na m\u00e9dia, a efetividade ap\u00f3s 14 dias da segunda dose ficou em 42% no grupo de idosos acima de 70 anos, variando de 61,8% (70 a 74 anos) a at\u00e9 28% (80 anos ou mais). Na faixa et\u00e1ria dos 75 aos 79 anos, a taxa ficou em 48,9%.<\/p>\n\n\n\n<p><em>(Fonte\/Imagem: Estad\u00e3o)<\/em><\/p>\n","protected":false},"excerpt":{"rendered":"<p>Medida pode ter efeito sobre obten\u00e7\u00e3o de imunizantes via cons\u00f3rcios como o Covax Facility<\/p>\n","protected":false},"author":25,"featured_media":76857,"comment_status":"closed","ping_status":"closed","sticky":false,"template":"","format":"standard","meta":{"footnotes":""},"categories":[1,2839],"tags":[],"class_list":["post-76856","post","type-post","status-publish","format-standard","has-post-thumbnail","hentry","category-noticias","category-saude"],"_links":{"self":[{"href":"https:\/\/tvtecjundiai.com.br\/news\/wp-json\/wp\/v2\/posts\/76856","targetHints":{"allow":["GET"]}}],"collection":[{"href":"https:\/\/tvtecjundiai.com.br\/news\/wp-json\/wp\/v2\/posts"}],"about":[{"href":"https:\/\/tvtecjundiai.com.br\/news\/wp-json\/wp\/v2\/types\/post"}],"author":[{"embeddable":true,"href":"https:\/\/tvtecjundiai.com.br\/news\/wp-json\/wp\/v2\/users\/25"}],"replies":[{"embeddable":true,"href":"https:\/\/tvtecjundiai.com.br\/news\/wp-json\/wp\/v2\/comments?post=76856"}],"version-history":[{"count":1,"href":"https:\/\/tvtecjundiai.com.br\/news\/wp-json\/wp\/v2\/posts\/76856\/revisions"}],"predecessor-version":[{"id":76858,"href":"https:\/\/tvtecjundiai.com.br\/news\/wp-json\/wp\/v2\/posts\/76856\/revisions\/76858"}],"wp:featuredmedia":[{"embeddable":true,"href":"https:\/\/tvtecjundiai.com.br\/news\/wp-json\/wp\/v2\/media\/76857"}],"wp:attachment":[{"href":"https:\/\/tvtecjundiai.com.br\/news\/wp-json\/wp\/v2\/media?parent=76856"}],"wp:term":[{"taxonomy":"category","embeddable":true,"href":"https:\/\/tvtecjundiai.com.br\/news\/wp-json\/wp\/v2\/categories?post=76856"},{"taxonomy":"post_tag","embeddable":true,"href":"https:\/\/tvtecjundiai.com.br\/news\/wp-json\/wp\/v2\/tags?post=76856"}],"curies":[{"name":"wp","href":"https:\/\/api.w.org\/{rel}","templated":true}]}}