{"id":76860,"date":"2021-06-02T10:00:55","date_gmt":"2021-06-02T13:00:55","guid":{"rendered":"https:\/\/tvtecjundiai.com.br\/news\/?p=76860"},"modified":"2021-06-02T10:01:20","modified_gmt":"2021-06-02T13:01:20","slug":"produtores-rurais-contabilizam-prejuizos-em-plantacoes-apos-chuva-de-granizo-em-jundiai","status":"publish","type":"post","link":"https:\/\/tvtecjundiai.com.br\/news\/2021\/06\/02\/produtores-rurais-contabilizam-prejuizos-em-plantacoes-apos-chuva-de-granizo-em-jundiai\/","title":{"rendered":"Produtores rurais contabilizam preju\u00edzos em planta\u00e7\u00f5es ap\u00f3s chuva de granizo em Jundia\u00ed"},"content":{"rendered":"\n<p>Os produtores rurais de Jundia\u00ed continuam contabilizando os preju\u00edzos ap\u00f3s a forte chuva de granizo que atingiu a cidade no final de semana.<\/p>\n\n\n\n<p>Segundo a Associa\u00e7\u00e3o Agr\u00edcola de Jundia\u00ed, cerca de 15% dos produtores rurais ativos, que vivem exclusivamente da agricultura, foram atingidos pelo temporal. Na maioria dessas propriedades atingidas a destrui\u00e7\u00e3o foi quase total.<\/p>\n\n\n\n<div class=\"wp-block-image\"><figure class=\"aligncenter size-large\"><img loading=\"lazy\" decoding=\"async\" width=\"984\" height=\"578\" src=\"https:\/\/tvtecjundiai.com.br\/news\/wp-content\/uploads\/sites\/2\/2021\/06\/alface.jpg\" alt=\"\" class=\"wp-image-76861\" srcset=\"https:\/\/tvtecjundiai.com.br\/news\/wp-content\/uploads\/sites\/2\/2021\/06\/alface.jpg 984w, https:\/\/tvtecjundiai.com.br\/news\/wp-content\/uploads\/sites\/2\/2021\/06\/alface-300x176.jpg 300w, https:\/\/tvtecjundiai.com.br\/news\/wp-content\/uploads\/sites\/2\/2021\/06\/alface-768x451.jpg 768w\" sizes=\"auto, (max-width: 984px) 100vw, 984px\" \/><figcaption>Prefeitura de Jundia\u00ed inicia levantamento para contabilizar preju\u00edzos ap\u00f3s a chuva<\/figcaption><\/figure><\/div>\n\n\n\n<p>A Prefeitura de Jundia\u00ed informou que come\u00e7ou a fazer um levantamento com os agricultores. As planta\u00e7\u00f5es de hortali\u00e7as foram as mais atingidas.<\/p>\n\n\n\n<p>Em uma das propriedades que produz hortali\u00e7as, no bairro Caxambu, de dois hectares com alface, couve, almeir\u00e3o e tempero verde, n\u00e3o sobrou quase nada. Galhos foram quebrados e folhas foram rasgadas pelo gelo.<\/p>\n\n\n\n<div class=\"wp-block-image\"><figure class=\"aligncenter size-large\"><img loading=\"lazy\" decoding=\"async\" width=\"984\" height=\"550\" src=\"https:\/\/tvtecjundiai.com.br\/news\/wp-content\/uploads\/sites\/2\/2021\/06\/plantacao.jpg\" alt=\"\" class=\"wp-image-76862\" srcset=\"https:\/\/tvtecjundiai.com.br\/news\/wp-content\/uploads\/sites\/2\/2021\/06\/plantacao.jpg 984w, https:\/\/tvtecjundiai.com.br\/news\/wp-content\/uploads\/sites\/2\/2021\/06\/plantacao-300x168.jpg 300w, https:\/\/tvtecjundiai.com.br\/news\/wp-content\/uploads\/sites\/2\/2021\/06\/plantacao-768x429.jpg 768w\" sizes=\"auto, (max-width: 984px) 100vw, 984px\" \/><figcaption>Produtores rurais contabilizam preju\u00edzos em planta\u00e7\u00f5es ap\u00f3s chuva de granizo em Jundia<\/figcaption><\/figure><\/div>\n\n\n\n<p>Conforme apurado pela TV TEM, um dos produtores estima que o preju\u00edzo que pode chegar a R$ 50 mil.<\/p>\n\n\n\n<p>Outro exemplo foi um produtor de uva do bairro Caxambu, que perdeu cerca de 3.500 p\u00e9s de uva Ni\u00e1gara. Os cachos, que estavam quase no ponto de colheita, ficaram destru\u00eddos.<\/p>\n\n\n\n<div class=\"wp-block-image\"><figure class=\"aligncenter size-large\"><img loading=\"lazy\" decoding=\"async\" width=\"984\" height=\"645\" src=\"https:\/\/tvtecjundiai.com.br\/news\/wp-content\/uploads\/sites\/2\/2021\/06\/jundiai.jpg\" alt=\"\" class=\"wp-image-76863\" srcset=\"https:\/\/tvtecjundiai.com.br\/news\/wp-content\/uploads\/sites\/2\/2021\/06\/jundiai.jpg 984w, https:\/\/tvtecjundiai.com.br\/news\/wp-content\/uploads\/sites\/2\/2021\/06\/jundiai-300x197.jpg 300w, https:\/\/tvtecjundiai.com.br\/news\/wp-content\/uploads\/sites\/2\/2021\/06\/jundiai-768x503.jpg 768w\" sizes=\"auto, (max-width: 984px) 100vw, 984px\" \/><figcaption>Chuva de granizo afeta planta\u00e7\u00f5es de uva em Jundia\u00ed<\/figcaption><\/figure><\/div>\n\n\n\n<p><em>(Fonte\/Imagem: Prefeitura de Jundia\u00ed)<\/em><\/p>\n","protected":false},"excerpt":{"rendered":"<p>Segundo a Associa\u00e7\u00e3o Agr\u00edcola, cerca de 15% dos produtores rurais foram atingidos pelo temporal<\/p>\n","protected":false},"author":25,"featured_media":76863,"comment_status":"closed","ping_status":"closed","sticky":false,"template":"","format":"standard","meta":{"footnotes":""},"categories":[6272,3185,1],"tags":[],"class_list":["post-76860","post","type-post","status-publish","format-standard","has-post-thumbnail","hentry","category-agronegocios","category-clima","category-noticias"],"_links":{"self":[{"href":"https:\/\/tvtecjundiai.com.br\/news\/wp-json\/wp\/v2\/posts\/76860","targetHints":{"allow":["GET"]}}],"collection":[{"href":"https:\/\/tvtecjundiai.com.br\/news\/wp-json\/wp\/v2\/posts"}],"about":[{"href":"https:\/\/tvtecjundiai.com.br\/news\/wp-json\/wp\/v2\/types\/post"}],"author":[{"embeddable":true,"href":"https:\/\/tvtecjundiai.com.br\/news\/wp-json\/wp\/v2\/users\/25"}],"replies":[{"embeddable":true,"href":"https:\/\/tvtecjundiai.com.br\/news\/wp-json\/wp\/v2\/comments?post=76860"}],"version-history":[{"count":2,"href":"https:\/\/tvtecjundiai.com.br\/news\/wp-json\/wp\/v2\/posts\/76860\/revisions"}],"predecessor-version":[{"id":76865,"href":"https:\/\/tvtecjundiai.com.br\/news\/wp-json\/wp\/v2\/posts\/76860\/revisions\/76865"}],"wp:featuredmedia":[{"embeddable":true,"href":"https:\/\/tvtecjundiai.com.br\/news\/wp-json\/wp\/v2\/media\/76863"}],"wp:attachment":[{"href":"https:\/\/tvtecjundiai.com.br\/news\/wp-json\/wp\/v2\/media?parent=76860"}],"wp:term":[{"taxonomy":"category","embeddable":true,"href":"https:\/\/tvtecjundiai.com.br\/news\/wp-json\/wp\/v2\/categories?post=76860"},{"taxonomy":"post_tag","embeddable":true,"href":"https:\/\/tvtecjundiai.com.br\/news\/wp-json\/wp\/v2\/tags?post=76860"}],"curies":[{"name":"wp","href":"https:\/\/api.w.org\/{rel}","templated":true}]}}