{"id":76866,"date":"2021-06-02T10:28:35","date_gmt":"2021-06-02T13:28:35","guid":{"rendered":"https:\/\/tvtecjundiai.com.br\/news\/?p=76866"},"modified":"2021-06-02T11:06:10","modified_gmt":"2021-06-02T14:06:10","slug":"semana-do-meio-ambiente-jundiai-faz-combate-a-ocupacao-irregular-e-clandestina-na-area-rural-2","status":"publish","type":"post","link":"https:\/\/tvtecjundiai.com.br\/news\/2021\/06\/02\/semana-do-meio-ambiente-jundiai-faz-combate-a-ocupacao-irregular-e-clandestina-na-area-rural-2\/","title":{"rendered":"Governo do Estado volta atr\u00e1s e decide vetar jogos da Copa Am\u00e9rica em S\u00e3o Paulo"},"content":{"rendered":"\n<p>Segundo o Pal\u00e1cio dos Bandeirantes, o novo posicionamento de Doria se deu &#8216;ap\u00f3s ampla consulta aos membros do Centro de Conting\u00eancia do Coronav\u00edrus sobre os efeitos da competi\u00e7\u00e3o no combate \u00e0 Covid-19&#8217;. Pela manh\u00e3, o governador havia defendido a realiza\u00e7\u00e3o de jogos em SP, como &#8216;qualquer outra competi\u00e7\u00e3o&#8217; nacional.<\/p>\n\n\n\n<p>O governador de S\u00e3o Paulo, Jo\u00e3o Doria (PSDB), voltou atr\u00e1s e solicitou ao secret\u00e1rio-geral da Confedera\u00e7\u00e3o Brasileira de Futebol (CBF), Walter Feldman, que busque alternativas para a realiza\u00e7\u00e3o da Copa Am\u00e9rica&nbsp;fora do estado de S\u00e3o Paulo.<\/p>\n\n\n\n<p>A solicita\u00e7\u00e3o do governador acontece menos de seis horas depois de ele defender a realiza\u00e7\u00e3o de jogos da competi\u00e7\u00e3o no estado na manh\u00e3 desta ter\u00e7a-feira (1), durante a inaugura\u00e7\u00e3o de uma esta\u00e7\u00e3o de trem reformada na capital paulista.<\/p>\n\n\n\n<p>Segundo o Pal\u00e1cio dos Bandeirantes, a decis\u00e3o de Doria voltar atr\u00e1s e vetar os jogos se deu \u201cap\u00f3s ampla consulta aos membros do Centro de Conting\u00eancia do Coronav\u00edrus do estado sobre os efeitos que a realiza\u00e7\u00e3o da competi\u00e7\u00e3o sulamericana em S\u00e3o Paulo\u201d.<\/p>\n\n\n\n<p>\u201cOs cientistas apontaram que neste momento a realiza\u00e7\u00e3o do torneio representaria uma m\u00e1 sinaliza\u00e7\u00e3o de arrefecimento no controle da transmiss\u00e3o do coronav\u00edrus, prioridade absoluta do Governo do Estado\u201d, declarou em nota o Pal\u00e1cio dos Bandeirantes.<\/p>\n\n\n\n<p>O governador tamb\u00e9m explicou a mudan\u00e7a de seu posicionamento no Twitter.<\/p>\n\n\n\n<p>&#8220;Comuniquei ao secret\u00e1rio-geral da CBF que SP n\u00e3o dever\u00e1 sediar a Copa Am\u00e9rica. Ap\u00f3s ampla consulta aos membros do Centro de Conting\u00eancia conclu\u00edmos que representaria uma m\u00e1 sinaliza\u00e7\u00e3o do arrefecimento no controle da transmiss\u00e3o do coronav\u00edrus. A prioridade \u00e9 conter a pandemia.&#8221;<\/p>\n\n\n\n<figure class=\"wp-block-image\"><img decoding=\"async\" src=\"https:\/\/s2.glbimg.com\/a2Td3JpyDtzFTd5J_7EsiXaLu0c=\/0x0:1207x1245\/984x0\/smart\/filters:strip_icc()\/i.s3.glbimg.com\/v1\/AUTH_59edd422c0c84a879bd37670ae4f538a\/internal_photos\/bs\/2021\/2\/d\/D0ROZRR7GpWO4mJ9BKww\/whatsapp-image-2021-06-01-at-18.26.23.jpeg\" alt=\"Governador de S\u00e3o Paulo, Jo\u00e3o Doria (PSDB) fala sobre Copa Am\u00e9rica no Twitter. \u2014 Foto: Reprodu\u00e7\u00e3o\/Twitter\" \/><\/figure>\n\n\n\n<p>Mais cedo, Jo\u00e3o Doria defendeu a realiza\u00e7\u00e3o de jogos da Copa Am\u00e9rica no estado, j\u00e1 que outros campeonatos nacionais de futebol est\u00e3o em andamento no estado.<\/p>\n\n\n\n<p>Para Doria, era preciso haver &#8220;coer\u00eancia&#8221; porque os jogos do campeonato paulista ocorreram no estado e h\u00e1 ainda as partidas do Campeonato Brasileiro, entre outras competi\u00e7\u00f5es. Segundo o governador, os jogadores de pa\u00edses da Am\u00e9rica Latina s\u00e3o iguais aos jogadores brasileiros e n\u00e3o pode haver &#8220;criminaliza\u00e7\u00e3o&#8221; da Copa Am\u00e9rica.<\/p>\n\n\n\n<p>\u201cSe tivermos que ter o discurso coerente, temos que parar o futebol em S\u00e3o Paulo. Todos os torneios t\u00eam que parar. Agora, criminalizar especificamente a Copa Am\u00e9rica porque veio fruto de um entendimento com o negacionista de Bras\u00edlia [Bolsonaro], n\u00f3s perdemos o bom senso e an\u00e1lise que, obedecendo todos os protocolos rigorosamente, n\u00e3o h\u00e1 raz\u00e3o para n\u00e3o ter um torneio aqui em S\u00e3o Paulo\u201d, afirmou.<\/p>\n\n\n\n<p>Depois da desist\u00eancia de Argentina e Col\u00f4mbia, a Confedera\u00e7\u00e3o Sul-Americana de Futebol (Conmebol) anunciou na manh\u00e3 de segunda (31) que o Brasil vai sediar a competi\u00e7\u00e3o entre os dias 11 de junho e 10 de julho.<\/p>\n\n\n\n<p>O ministro da Casa Civil, Luiz Eduardo Ramos, afirmou nesta ter\u00e7a (1) que as partidas da competi\u00e7\u00e3o acontecer\u00e3o em Mato Grosso, Rio de Janeiro, Distrito Federal e Goi\u00e1s, sem participa\u00e7\u00e3o de p\u00fablico.<\/p>\n\n\n\n<p><br>Doria tinha condicionado a realiza\u00e7\u00e3o da competi\u00e7\u00e3o em S\u00e3o Paulo se a Confedera\u00e7\u00e3o Brasileira de Futebol (CBF) garantisse jogos sem torcida, com uso obrigat\u00f3rio de m\u00e1scaras das sele\u00e7\u00f5es e testagem de todos os jogadores e comiss\u00e3o t\u00e9cnica periodicamente, como acontece nos campeonatos locais realizados no estado.<\/p>\n\n\n\n<p>\u201cSa\u00fade \u00e9 sa\u00fade e eu trabalho com coer\u00eancia. Portanto, se os jogos do Campeonato Brasileiro, da Copa do Brasil, do Campeonato Paulista, das divis\u00f5es inferiores [acontecem]\u2026 impedir a realiza\u00e7\u00e3o de um torneio simplesmente porque \u00e9 a Copa Am\u00e9rica!?\u201d, disse Doria.<\/p>\n\n\n\n<p>\u201cO que difere o jogador chileno, equatoriano do jogador brasileiro? S\u00e3o todos seres humanos, todos eles t\u00eam que estar protegidos, todos eles, se puderem, estar vacinados e, se n\u00e3o tiverem recebido ainda a vacina, t\u00eam que fazer a testagem. A testagem tem que dar negativo, sen\u00e3o n\u00e3o entra, nem sequer sai do vesti\u00e1rio, n\u00e3o entra em campo\u201d, declarou o governador paulista durante a manh\u00e3.<\/p>\n\n\n\n<p><em>(Texto\/Imagem: G1)<\/em><\/p>\n","protected":false},"excerpt":{"rendered":"<p>O novo posicionamento de Doria se deu &#8216;ap\u00f3s ampla consulta aos membros do Centro de Conting\u00eancia do Coronav\u00edrus sobre os efeitos da competi\u00e7\u00e3o no combate \u00e0 Covid-19<\/p>\n","protected":false},"author":24,"featured_media":76879,"comment_status":"closed","ping_status":"closed","sticky":false,"template":"","format":"standard","meta":{"footnotes":""},"categories":[3060,1],"tags":[],"class_list":["post-76866","post","type-post","status-publish","format-standard","has-post-thumbnail","hentry","category-geral","category-noticias"],"_links":{"self":[{"href":"https:\/\/tvtecjundiai.com.br\/news\/wp-json\/wp\/v2\/posts\/76866","targetHints":{"allow":["GET"]}}],"collection":[{"href":"https:\/\/tvtecjundiai.com.br\/news\/wp-json\/wp\/v2\/posts"}],"about":[{"href":"https:\/\/tvtecjundiai.com.br\/news\/wp-json\/wp\/v2\/types\/post"}],"author":[{"embeddable":true,"href":"https:\/\/tvtecjundiai.com.br\/news\/wp-json\/wp\/v2\/users\/24"}],"replies":[{"embeddable":true,"href":"https:\/\/tvtecjundiai.com.br\/news\/wp-json\/wp\/v2\/comments?post=76866"}],"version-history":[{"count":5,"href":"https:\/\/tvtecjundiai.com.br\/news\/wp-json\/wp\/v2\/posts\/76866\/revisions"}],"predecessor-version":[{"id":76880,"href":"https:\/\/tvtecjundiai.com.br\/news\/wp-json\/wp\/v2\/posts\/76866\/revisions\/76880"}],"wp:featuredmedia":[{"embeddable":true,"href":"https:\/\/tvtecjundiai.com.br\/news\/wp-json\/wp\/v2\/media\/76879"}],"wp:attachment":[{"href":"https:\/\/tvtecjundiai.com.br\/news\/wp-json\/wp\/v2\/media?parent=76866"}],"wp:term":[{"taxonomy":"category","embeddable":true,"href":"https:\/\/tvtecjundiai.com.br\/news\/wp-json\/wp\/v2\/categories?post=76866"},{"taxonomy":"post_tag","embeddable":true,"href":"https:\/\/tvtecjundiai.com.br\/news\/wp-json\/wp\/v2\/tags?post=76866"}],"curies":[{"name":"wp","href":"https:\/\/api.w.org\/{rel}","templated":true}]}}