{"id":76873,"date":"2021-06-02T11:05:09","date_gmt":"2021-06-02T14:05:09","guid":{"rendered":"https:\/\/tvtecjundiai.com.br\/news\/?p=76873"},"modified":"2021-06-02T11:05:09","modified_gmt":"2021-06-02T14:05:09","slug":"semana-do-meio-ambiente-jundiai-faz-combate-a-ocupacao-irregular-e-clandestina-na-area-rural","status":"publish","type":"post","link":"https:\/\/tvtecjundiai.com.br\/news\/2021\/06\/02\/semana-do-meio-ambiente-jundiai-faz-combate-a-ocupacao-irregular-e-clandestina-na-area-rural\/","title":{"rendered":"Semana do Meio Ambiente: Jundia\u00ed faz combate \u00e0 ocupa\u00e7\u00e3o irregular e clandestina na \u00e1rea rural"},"content":{"rendered":"\n<p>A Prefeitura de Jundia\u00ed promove a\u00e7\u00f5es constantes com foco na preserva\u00e7\u00e3o do meio ambiente e para atender \u00e0s metas dos Objetivos de Desenvolvimento Sustent\u00e1vel para a promo\u00e7\u00e3o de cidades e comunidades sustent\u00e1veis (ODS 11), vida na \u00e1gua (ODS 13) e vida terrestre (ODS 15). Na Semana do Meio Ambiente, a Unidade de Planejamento Urbano e Meio Ambiente (UGPUMA) ressalta os trabalhos realizados, como o combate \u00e0 clandestinidade na regi\u00e3o rural da cidade, com foco na preserva\u00e7\u00e3o das \u00e1reas rurais e de prote\u00e7\u00e3o ambiental.&nbsp;<\/p>\n\n\n\n<p>As a\u00e7\u00f5es s\u00e3o realizadas pelo Departamento de Assuntos Fundi\u00e1rios, em parceria com o Departamento de Meio Ambiente, e visam o combate \u00e0 ocupa\u00e7\u00e3o irregular e clandestina de propriedades na zona rural.&nbsp;\u201cEssas ocupa\u00e7\u00f5es irregulares s\u00e3o muito prejudiciais e afetam diretamente a qualidade ambiental do munic\u00edpio, j\u00e1 que na maioria dos loteamentos irregulares n\u00e3o h\u00e1 saneamento b\u00e1sico. Al\u00e9m disso, com frequ\u00eancia ocorre o corte e supress\u00e3o de vegeta\u00e7\u00e3o para a sua forma\u00e7\u00e3o. Por isso, \u00e9 necess\u00e1rio realizar a\u00e7\u00f5es para garantir a conserva\u00e7\u00e3o dessas \u00e1reas\u201d, explica o gestor da UGPUMA, Sin\u00e9sio Scarabello Filho.&nbsp;<\/p>\n\n\n\n<figure class=\"wp-block-image\"><img decoding=\"async\" src=\"https:\/\/jundiai.sp.gov.br\/noticias\/wp-content\/uploads\/sites\/32\/2020\/04\/producao-rural.jpg\" alt=\"Campo verde, com grama, \u00e1rvores, casas e planta\u00e7\u00f5es.\" class=\"wp-image-248962\" \/><\/figure>\n\n\n\n<p>As a\u00e7\u00f5es de identifica\u00e7\u00e3o das \u00e1reas irregulares e clandestinas s\u00e3o realizadas tamb\u00e9m em parceria com o Departamento de Meio Ambiente, com o Departamento de Agroneg\u00f3cio, da Unidade de Gest\u00e3o de Agroneg\u00f3cio, Abastecimento e Turismo e a DAE Jundia\u00ed nas \u00e1reas de mananciais.&nbsp;<\/p>\n\n\n\n<p>\u201cAtualmente estamos com 30 processos de fiscaliza\u00e7\u00e3o de lotes irregulares e\/ou loteamentos clandestinos. Fazemos a abertura do processo administrativo, informamos a Pol\u00edcia Civil para investiga\u00e7\u00e3o criminal dos casos, acionamos o Minist\u00e9rio P\u00fablico em alguns casos, \u00f3rg\u00e3os como CRECI e CREA quando identificamos profissionais envolvidos na infra\u00e7\u00e3o, objetivando evitar que haja evolu\u00e7\u00e3o de constru\u00e7\u00f5es e amplia\u00e7\u00e3o nas \u00e1reas. Caso a popula\u00e7\u00e3o identifique algum caso irregular, pode denunciar via 156 ou Aplicativo da Prefeitura\u201d, explica o diretor de Assuntos Fundi\u00e1rios, Clovis Pinhata Baptista.<\/p>\n\n\n\n<p><em>(Fonte\/Imagem: Prefeitura de Jundia\u00ed)<\/em><\/p>\n","protected":false},"excerpt":{"rendered":"<p>As a\u00e7\u00f5es s\u00e3o realizadas pelo Departamento de Assuntos Fundi\u00e1rios, em parceria com o Departamento de Meio Ambiente<\/p>\n","protected":false},"author":24,"featured_media":76875,"comment_status":"closed","ping_status":"closed","sticky":false,"template":"","format":"standard","meta":{"footnotes":""},"categories":[3569],"tags":[],"class_list":["post-76873","post","type-post","status-publish","format-standard","has-post-thumbnail","hentry","category-meio-ambiente"],"_links":{"self":[{"href":"https:\/\/tvtecjundiai.com.br\/news\/wp-json\/wp\/v2\/posts\/76873","targetHints":{"allow":["GET"]}}],"collection":[{"href":"https:\/\/tvtecjundiai.com.br\/news\/wp-json\/wp\/v2\/posts"}],"about":[{"href":"https:\/\/tvtecjundiai.com.br\/news\/wp-json\/wp\/v2\/types\/post"}],"author":[{"embeddable":true,"href":"https:\/\/tvtecjundiai.com.br\/news\/wp-json\/wp\/v2\/users\/24"}],"replies":[{"embeddable":true,"href":"https:\/\/tvtecjundiai.com.br\/news\/wp-json\/wp\/v2\/comments?post=76873"}],"version-history":[{"count":1,"href":"https:\/\/tvtecjundiai.com.br\/news\/wp-json\/wp\/v2\/posts\/76873\/revisions"}],"predecessor-version":[{"id":76877,"href":"https:\/\/tvtecjundiai.com.br\/news\/wp-json\/wp\/v2\/posts\/76873\/revisions\/76877"}],"wp:featuredmedia":[{"embeddable":true,"href":"https:\/\/tvtecjundiai.com.br\/news\/wp-json\/wp\/v2\/media\/76875"}],"wp:attachment":[{"href":"https:\/\/tvtecjundiai.com.br\/news\/wp-json\/wp\/v2\/media?parent=76873"}],"wp:term":[{"taxonomy":"category","embeddable":true,"href":"https:\/\/tvtecjundiai.com.br\/news\/wp-json\/wp\/v2\/categories?post=76873"},{"taxonomy":"post_tag","embeddable":true,"href":"https:\/\/tvtecjundiai.com.br\/news\/wp-json\/wp\/v2\/tags?post=76873"}],"curies":[{"name":"wp","href":"https:\/\/api.w.org\/{rel}","templated":true}]}}