{"id":76878,"date":"2021-06-02T11:23:26","date_gmt":"2021-06-02T14:23:26","guid":{"rendered":"https:\/\/tvtecjundiai.com.br\/news\/?p=76878"},"modified":"2021-06-02T11:23:26","modified_gmt":"2021-06-02T14:23:26","slug":"boas-praticas-para-reducao-de-custos-e-tema-de-capacitacao-para-empreendimentos-turisticos-em-jundiai","status":"publish","type":"post","link":"https:\/\/tvtecjundiai.com.br\/news\/2021\/06\/02\/boas-praticas-para-reducao-de-custos-e-tema-de-capacitacao-para-empreendimentos-turisticos-em-jundiai\/","title":{"rendered":"Boas pr\u00e1ticas para redu\u00e7\u00e3o de custos \u00e9 tema de capacita\u00e7\u00e3o para empreendimentos tur\u00edsticos em Jundia\u00ed"},"content":{"rendered":"\n<p>Com o objetivo de oferecer capacita\u00e7\u00e3o para os empreendimentos tur\u00edsticos, o Conselho Municipal de Turismo de Jundia\u00ed (COMTUR) promoveu, na noite de segunda-feira (31), em parceria com a Unidade de Gest\u00e3o de Agroneg\u00f3cio, Abastecimento e Turismo, a Palestra \u201cBoas pr\u00e1ticas como estrat\u00e9gia para redu\u00e7\u00e3o de custos\u201d, uma capacita\u00e7\u00e3o realizada por plataforma digital e voltada para todos os empreendimentos tur\u00edsticos.&nbsp;<\/p>\n\n\n\n<p>A capacita\u00e7\u00e3o gratuita faz parte de ciclo de palestras, com tem\u00e1ticas relacionadas \u00e0 seguran\u00e7a na \u00e1rea de alimenta\u00e7\u00e3o e foi ministrada pela diretora da La Belle Cuisine e especialista em seguran\u00e7a de alimentos, Elaine de Ara\u00fajo. Durante o encontro, Elaine apresentou boas pr\u00e1ticas na gest\u00e3o de redu\u00e7\u00e3o de custos, al\u00e9m de exemplos pr\u00e1ticos relacionados ao armazenamento, log\u00edstica, cuidados na recep\u00e7\u00e3o de produtos, entre outros.&nbsp;<\/p>\n\n\n\n<figure class=\"wp-block-image\"><img decoding=\"async\" src=\"https:\/\/jundiai.sp.gov.br\/noticias\/wp-content\/uploads\/sites\/32\/2021\/06\/capacitacao_comtur_boas-praticas-reducao-de-custos.jpeg\" alt=\"Mosaico de telas que participam de reuni\u00e3o virtual\" class=\"wp-image-269440\" \/><\/figure>\n\n\n\n<p>&nbsp;\u201cEssa \u00e9 mais uma maneira de oferecer apoio aos empreendedores do turismo em Jundia\u00ed\u201d, comenta a diretora do Departamento de Fomento ao Turismo, Marcela Moro. As pr\u00f3ximas palestras ser\u00e3o realizadas nos dias 14 e 28 de junho.&nbsp;<\/p>\n\n\n\n<p>O Conselho Municipal de Turismo (COMTUR) tem por objetivo fomentar o desenvolvimento tur\u00edstico do munic\u00edpio, com base em a\u00e7\u00f5es de planejamento e orienta\u00e7\u00e3o, ampliando a participa\u00e7\u00e3o da comunidade junto ao Poder P\u00fablico.<\/p>\n\n\n\n<p><em>(Fonte\/Imagem: Prefeitura de Jundia\u00ed)<\/em><\/p>\n","protected":false},"excerpt":{"rendered":"<p>O Conselho Municipal de Turismo (COMTUR) tem por objetivo fomentar o desenvolvimento tur\u00edstico do munic\u00edpio<\/p>\n","protected":false},"author":24,"featured_media":76881,"comment_status":"closed","ping_status":"closed","sticky":false,"template":"","format":"standard","meta":{"footnotes":""},"categories":[8356],"tags":[],"class_list":["post-76878","post","type-post","status-publish","format-standard","has-post-thumbnail","hentry","category-jundiai"],"_links":{"self":[{"href":"https:\/\/tvtecjundiai.com.br\/news\/wp-json\/wp\/v2\/posts\/76878","targetHints":{"allow":["GET"]}}],"collection":[{"href":"https:\/\/tvtecjundiai.com.br\/news\/wp-json\/wp\/v2\/posts"}],"about":[{"href":"https:\/\/tvtecjundiai.com.br\/news\/wp-json\/wp\/v2\/types\/post"}],"author":[{"embeddable":true,"href":"https:\/\/tvtecjundiai.com.br\/news\/wp-json\/wp\/v2\/users\/24"}],"replies":[{"embeddable":true,"href":"https:\/\/tvtecjundiai.com.br\/news\/wp-json\/wp\/v2\/comments?post=76878"}],"version-history":[{"count":1,"href":"https:\/\/tvtecjundiai.com.br\/news\/wp-json\/wp\/v2\/posts\/76878\/revisions"}],"predecessor-version":[{"id":76882,"href":"https:\/\/tvtecjundiai.com.br\/news\/wp-json\/wp\/v2\/posts\/76878\/revisions\/76882"}],"wp:featuredmedia":[{"embeddable":true,"href":"https:\/\/tvtecjundiai.com.br\/news\/wp-json\/wp\/v2\/media\/76881"}],"wp:attachment":[{"href":"https:\/\/tvtecjundiai.com.br\/news\/wp-json\/wp\/v2\/media?parent=76878"}],"wp:term":[{"taxonomy":"category","embeddable":true,"href":"https:\/\/tvtecjundiai.com.br\/news\/wp-json\/wp\/v2\/categories?post=76878"},{"taxonomy":"post_tag","embeddable":true,"href":"https:\/\/tvtecjundiai.com.br\/news\/wp-json\/wp\/v2\/tags?post=76878"}],"curies":[{"name":"wp","href":"https:\/\/api.w.org\/{rel}","templated":true}]}}