{"id":76888,"date":"2021-06-02T12:17:49","date_gmt":"2021-06-02T15:17:49","guid":{"rendered":"https:\/\/tvtecjundiai.com.br\/news\/?p=76888"},"modified":"2021-06-02T12:23:46","modified_gmt":"2021-06-02T15:23:46","slug":"dia-do-meio-ambiente-ligacoes-de-esgoto-clandestinas-comprometem-os-rios-1","status":"publish","type":"post","link":"https:\/\/tvtecjundiai.com.br\/news\/2021\/06\/02\/dia-do-meio-ambiente-ligacoes-de-esgoto-clandestinas-comprometem-os-rios-1\/","title":{"rendered":"Pr\u00e1tica proibida por lei, liga\u00e7\u00f5es de esgoto clandestinas comprometem os rios"},"content":{"rendered":"\n<p>O Brasil \u00e9 conhecido por ter um regime de chuvas regular. &nbsp;No Sudeste, por exemplo, \u00e9 comum o aumento das chuvas durante o ver\u00e3o e a queda desse volume nos meses mais frios. Disciplinar a vaz\u00e3o dessas \u00e1guas \u00e9 muito importante para evitar enchentes e para garantir que elas sejam destinadas corretamente.<\/p>\n\n\n\n<p>Alguns reflexos pouco conhecidos das liga\u00e7\u00f5es clandestinas, que misturam as \u00e1guas de chuvas ao esgoto ou vice-e-versa, s\u00e3o o aumento na polui\u00e7\u00e3o dos rios, o rompimento de tubula\u00e7\u00f5es e o retorno do esgoto para as casas.<\/p>\n\n\n\n<p>Essa pr\u00e1tica \u00e9 proibida por lei, de acordo com o Decreto Estadual n\u00ba 8.468, de 08 de setembro de 1976. Ele estabelece que as empresas e resid\u00eancias devam direcionar separadamente \u00e1guas pluviais de despejos sanit\u00e1rios ou industriais, impedindo a comunica\u00e7\u00e3o entre as redes coletoras. Seu objetivo \u00e9 justamente evitar que ocorram os problemas citados anteriormente.<\/p>\n\n\n\n<p>A gerente Ambiental, Social e de Governan\u00e7a (ESG) da Companhia Saneamento de Jundia\u00ed (CSJ), Ana Paula Fernandes Abrah\u00e3o explica que, por ser ilegal, esta pr\u00e1tica \u00e9 pass\u00edvel de puni\u00e7\u00f5es. \u201dConectar a tubula\u00e7\u00e3o de \u00e1gua de chuva \u00e0 rede de esgoto prejudica nossa capacidade em tratar o esgoto. J\u00e1 chegamos a receber um volume seis vezes superior ao limite da ETE-Jundia\u00ed. Isso sobrecarrega os equipamentos, levando-os \u00e0 quebra e favorece a gera\u00e7\u00e3o de odor no sistema, que pode persistir por alguns dias, uma vez que nosso tratamento \u00e9 biol\u00f3gico e depende muito da a\u00e7\u00e3o das bact\u00e9rias que tratam o esgoto\u201d.<\/p>\n\n\n\n<p>Segundo este Decreto, a pena para aqueles que n\u00e3o seguirem as normas exigidas \u00e9 de advert\u00eancia ou multa de um ter\u00e7o a tr\u00eas vezes o maior sal\u00e1rio m\u00ednimo vigente no Estado ou interdi\u00e7\u00e3o parcial ou total, tempor\u00e1ria ou definitiva do estabelecimento ou atividade.<\/p>\n\n\n\n<figure class=\"wp-block-image size-large\"><img loading=\"lazy\" decoding=\"async\" width=\"1200\" height=\"797\" src=\"https:\/\/tvtecjundiai.com.br\/news\/wp-content\/uploads\/sites\/2\/2021\/06\/DAE-1200x797.jpg\" alt=\"\" class=\"wp-image-76889\" srcset=\"https:\/\/tvtecjundiai.com.br\/news\/wp-content\/uploads\/sites\/2\/2021\/06\/DAE-1200x797.jpg 1200w, https:\/\/tvtecjundiai.com.br\/news\/wp-content\/uploads\/sites\/2\/2021\/06\/DAE-300x199.jpg 300w, https:\/\/tvtecjundiai.com.br\/news\/wp-content\/uploads\/sites\/2\/2021\/06\/DAE-768x510.jpg 768w, https:\/\/tvtecjundiai.com.br\/news\/wp-content\/uploads\/sites\/2\/2021\/06\/DAE.jpg 1280w\" sizes=\"auto, (max-width: 1200px) 100vw, 1200px\" \/><\/figure>\n\n\n\n<p>Ela explica que as tubula\u00e7\u00f5es da cidade podem ser divididas em tr\u00eas grupos:<\/p>\n\n\n\n<ul class=\"wp-block-list\"><li>A \u00e1gua limpa, que vai das esta\u00e7\u00f5es de tratamento de \u00e1gua at\u00e9 as casas das pessoas e ind\u00fastrias;<\/li><li>A \u00e1gua p\u00f3s-consumo, que \u00e9 o esgoto. Ele sai das resid\u00eancias e das ind\u00fastrias para as esta\u00e7\u00f5es de tratamento de esgoto (ETEs);<\/li><li>A \u00e1gua de chuva que \u00e9 recolhida das casas, ind\u00fastrias e ruas da cidade. Esta \u00e9 encaminhada direto para os rios, pois n\u00e3o precisa passar por tratamento.<\/li><\/ul>\n\n\n\n<p>Ana Paula explica que qualquer desvio no fluxo dessas \u00e1guas compromete todo o sistema e traz consequ\u00eancias ao meio ambiente e \u00e0 sa\u00fade das pessoas. \u201cSe o esgoto for ligado \u00e0 rede de \u00e1guas pluviais tamb\u00e9m ser\u00e1 um problema, pois ele ser\u00e1 encaminhado aos c\u00f3rregos e rios da cidade sem tratamento\u201d.<\/p>\n\n\n\n<p><strong>Reuso da \u00e1gua pluvial<\/strong><\/p>\n\n\n\n<p>A gerente explica que a \u00e1gua da chuva deve ser drenada atrav\u00e9s da rede pluvial, com destina\u00e7\u00e3o direta para rios e c\u00f3rregos, sem influ\u00eancia ou contamina\u00e7\u00e3o de outros agentes. \u201cH\u00e1 ainda a possibilidade de reuso, conforme norma t\u00e9cnica da Associa\u00e7\u00e3o Brasileira de Normas T\u00e9cnicas (ABNT) presentes na NBR 15.527\/2007, que disp\u00f5e sobre o aproveitamento da \u00e1gua da chuva de coberturas para fins n\u00e3o pot\u00e1veis, para usos como: Descargas dos vasos sanit\u00e1rios, abastecimento de fontes e espelhos d\u2019\u00e1gua, lavagem de roupas, irriga\u00e7\u00e3o de jardins, limpeza de autom\u00f3veis e \u00e1reas externas, reserva para uso emergencial em casos de inc\u00eandios, entre outros fins\u201d.<\/p>\n\n\n\n<p><em>(Texto\/Imagem: Assessoria de Imprensa)<\/em><\/p>\n","protected":false},"excerpt":{"rendered":"<p>A lei estabelece que empresas e casas devam direcionar separadamente \u00e1guas pluviais de despejos sanit\u00e1rios<\/p>\n","protected":false},"author":28,"featured_media":76889,"comment_status":"closed","ping_status":"closed","sticky":false,"template":"","format":"standard","meta":{"footnotes":""},"categories":[8356,1],"tags":[],"class_list":["post-76888","post","type-post","status-publish","format-standard","has-post-thumbnail","hentry","category-jundiai","category-noticias"],"_links":{"self":[{"href":"https:\/\/tvtecjundiai.com.br\/news\/wp-json\/wp\/v2\/posts\/76888","targetHints":{"allow":["GET"]}}],"collection":[{"href":"https:\/\/tvtecjundiai.com.br\/news\/wp-json\/wp\/v2\/posts"}],"about":[{"href":"https:\/\/tvtecjundiai.com.br\/news\/wp-json\/wp\/v2\/types\/post"}],"author":[{"embeddable":true,"href":"https:\/\/tvtecjundiai.com.br\/news\/wp-json\/wp\/v2\/users\/28"}],"replies":[{"embeddable":true,"href":"https:\/\/tvtecjundiai.com.br\/news\/wp-json\/wp\/v2\/comments?post=76888"}],"version-history":[{"count":3,"href":"https:\/\/tvtecjundiai.com.br\/news\/wp-json\/wp\/v2\/posts\/76888\/revisions"}],"predecessor-version":[{"id":76891,"href":"https:\/\/tvtecjundiai.com.br\/news\/wp-json\/wp\/v2\/posts\/76888\/revisions\/76891"}],"wp:featuredmedia":[{"embeddable":true,"href":"https:\/\/tvtecjundiai.com.br\/news\/wp-json\/wp\/v2\/media\/76889"}],"wp:attachment":[{"href":"https:\/\/tvtecjundiai.com.br\/news\/wp-json\/wp\/v2\/media?parent=76888"}],"wp:term":[{"taxonomy":"category","embeddable":true,"href":"https:\/\/tvtecjundiai.com.br\/news\/wp-json\/wp\/v2\/categories?post=76888"},{"taxonomy":"post_tag","embeddable":true,"href":"https:\/\/tvtecjundiai.com.br\/news\/wp-json\/wp\/v2\/tags?post=76888"}],"curies":[{"name":"wp","href":"https:\/\/api.w.org\/{rel}","templated":true}]}}