{"id":76893,"date":"2021-06-02T12:31:59","date_gmt":"2021-06-02T15:31:59","guid":{"rendered":"https:\/\/tvtecjundiai.com.br\/news\/?p=76893"},"modified":"2021-06-02T12:31:59","modified_gmt":"2021-06-02T15:31:59","slug":"igreja-espaco-cristao-homenageia-profissionais-do-hospital-sao-vicente","status":"publish","type":"post","link":"https:\/\/tvtecjundiai.com.br\/news\/2021\/06\/02\/igreja-espaco-cristao-homenageia-profissionais-do-hospital-sao-vicente\/","title":{"rendered":"Igreja Espa\u00e7o Crist\u00e3o homenageia profissionais do Hospital S\u00e3o Vicente"},"content":{"rendered":"\n<p>Com mensagens de apoio, coragem e admira\u00e7\u00e3o, o Hospital de Caridade S\u00e3o Vicente de Paulo (HSV) recebeu nesta semana, mais um gesto de carinho e respeito para com os her\u00f3is da linha de frente. Por meio de cartas feitas \u00e0 m\u00e3o, os membros da Igreja Espa\u00e7o Crist\u00e3o de Jundia\u00ed homenagearam todos os profissionais da institui\u00e7\u00e3o. Inicialmente, o grupo escreveu 350 cartinhas que ser\u00e3o entregues aos colaboradores que atuam nas alas COVID-19. A doa\u00e7\u00e3o foi viabilizada pela supervisora de projetos sociais, Viviane Rasera.<\/p>\n\n\n\n<p>O pastor de jovens da comunidade religiosa, Romante Tim\u00f3teo J\u00fanior, explica como a iniciativa surgiu e a import\u00e2ncia deste ato. \u201cPor meio de uma ora\u00e7\u00e3o que tivemos com o nosso grupo de jovens, Deus tocou em nossos cora\u00e7\u00f5es e decidimos honrar o trabalho incans\u00e1vel de todos os profissionais em meio a pandemia. N\u00f3s entendemos que nesse momento que vivenciamos, a cobran\u00e7a e a carga \u00e9 muito grande, ent\u00e3o, como forma de agradecer e valorizar o esfor\u00e7o di\u00e1rio, toda a nossa comunidade se reuniu e cada carta confeccionada est\u00e1 repleta de palavras de amor, esperan\u00e7a, for\u00e7a e principalmente f\u00e9\u201d.<\/p>\n\n\n\n<figure class=\"wp-block-image size-large\"><img loading=\"lazy\" decoding=\"async\" width=\"1200\" height=\"900\" src=\"https:\/\/tvtecjundiai.com.br\/news\/wp-content\/uploads\/sites\/2\/2021\/06\/Membros-do-grupo-doam-cartas-que-serao-entregues-aos-profissionais-1200x900.jpg\" alt=\"\" class=\"wp-image-76895\" srcset=\"https:\/\/tvtecjundiai.com.br\/news\/wp-content\/uploads\/sites\/2\/2021\/06\/Membros-do-grupo-doam-cartas-que-serao-entregues-aos-profissionais-1200x900.jpg 1200w, https:\/\/tvtecjundiai.com.br\/news\/wp-content\/uploads\/sites\/2\/2021\/06\/Membros-do-grupo-doam-cartas-que-serao-entregues-aos-profissionais-300x225.jpg 300w, https:\/\/tvtecjundiai.com.br\/news\/wp-content\/uploads\/sites\/2\/2021\/06\/Membros-do-grupo-doam-cartas-que-serao-entregues-aos-profissionais-768x576.jpg 768w, https:\/\/tvtecjundiai.com.br\/news\/wp-content\/uploads\/sites\/2\/2021\/06\/Membros-do-grupo-doam-cartas-que-serao-entregues-aos-profissionais.jpg 1280w\" sizes=\"auto, (max-width: 1200px) 100vw, 1200px\" \/><\/figure>\n\n\n\n<p>Romante ainda explica que o grupo \u00e9 formado tanto por adultos, quanto por crian\u00e7as e jovens, e que todos tiveram a oportunidade de expressar a gratid\u00e3o e esperan\u00e7a aos profissionais do HSV. \u201cCada carta entregue foi escrita por uma pessoa com idade e mensagens diferentes, para que assim todos se sintam abra\u00e7ados e homenageados por aquilo que ler\u201d. O pastor ainda compartilha uma passagem importante da b\u00edblia. \u201cNo mundo tereis afli\u00e7\u00f5es, mas tende bom \u00e2nimo; eu venci o mundo\u201d.<\/p>\n\n\n\n<p>\u201cEm nome do hospital, agrade\u00e7o o empenho e carinho que todo o grupo teve em fazer essas cartinhas, tenho certeza que ir\u00e1 servir de \u00e2nimo e esperan\u00e7a para todos que receberem. Estamos h\u00e1 mais de um ano nesta batalha, onde todos est\u00e3o cansados tanto fisicamente, quanto emocionalmente e principalmente, espiritualmente, creio que cada carta ser\u00e1 direcionada para uma pessoa especial, cada um ir\u00e1 ler aquilo que precisa no momento\u201d, conta a enfermeira, Bruna Mingoti Noguera.<\/p>\n\n\n\n<p><em>(Texto\/Imagem: Assessoria de Imprensa)<\/em><\/p>\n","protected":false},"excerpt":{"rendered":"<p>Membros da igreja entregaram cartas de apoio aos profissionais da linha de frente do hospital<\/p>\n","protected":false},"author":28,"featured_media":76895,"comment_status":"closed","ping_status":"closed","sticky":false,"template":"","format":"standard","meta":{"footnotes":""},"categories":[8356,1],"tags":[],"class_list":["post-76893","post","type-post","status-publish","format-standard","has-post-thumbnail","hentry","category-jundiai","category-noticias"],"_links":{"self":[{"href":"https:\/\/tvtecjundiai.com.br\/news\/wp-json\/wp\/v2\/posts\/76893","targetHints":{"allow":["GET"]}}],"collection":[{"href":"https:\/\/tvtecjundiai.com.br\/news\/wp-json\/wp\/v2\/posts"}],"about":[{"href":"https:\/\/tvtecjundiai.com.br\/news\/wp-json\/wp\/v2\/types\/post"}],"author":[{"embeddable":true,"href":"https:\/\/tvtecjundiai.com.br\/news\/wp-json\/wp\/v2\/users\/28"}],"replies":[{"embeddable":true,"href":"https:\/\/tvtecjundiai.com.br\/news\/wp-json\/wp\/v2\/comments?post=76893"}],"version-history":[{"count":1,"href":"https:\/\/tvtecjundiai.com.br\/news\/wp-json\/wp\/v2\/posts\/76893\/revisions"}],"predecessor-version":[{"id":76896,"href":"https:\/\/tvtecjundiai.com.br\/news\/wp-json\/wp\/v2\/posts\/76893\/revisions\/76896"}],"wp:featuredmedia":[{"embeddable":true,"href":"https:\/\/tvtecjundiai.com.br\/news\/wp-json\/wp\/v2\/media\/76895"}],"wp:attachment":[{"href":"https:\/\/tvtecjundiai.com.br\/news\/wp-json\/wp\/v2\/media?parent=76893"}],"wp:term":[{"taxonomy":"category","embeddable":true,"href":"https:\/\/tvtecjundiai.com.br\/news\/wp-json\/wp\/v2\/categories?post=76893"},{"taxonomy":"post_tag","embeddable":true,"href":"https:\/\/tvtecjundiai.com.br\/news\/wp-json\/wp\/v2\/tags?post=76893"}],"curies":[{"name":"wp","href":"https:\/\/api.w.org\/{rel}","templated":true}]}}