{"id":76897,"date":"2021-06-02T12:42:52","date_gmt":"2021-06-02T15:42:52","guid":{"rendered":"https:\/\/tvtecjundiai.com.br\/news\/?p=76897"},"modified":"2021-06-02T12:42:52","modified_gmt":"2021-06-02T15:42:52","slug":"empresa-e-funcionarios-se-unem-em-arrecadacao-para-o-fundo-social-de-jundiai","status":"publish","type":"post","link":"https:\/\/tvtecjundiai.com.br\/news\/2021\/06\/02\/empresa-e-funcionarios-se-unem-em-arrecadacao-para-o-fundo-social-de-jundiai\/","title":{"rendered":"Empresa e funcion\u00e1rios se unem em arrecada\u00e7\u00e3o para o Fundo Social de Jundia\u00ed"},"content":{"rendered":"\n<p>Quando soube que a Plascar, empresa onde trabalha como operadora de produ\u00e7\u00e3o, iniciaria uma campanha interna de arrecada\u00e7\u00e3o com os funcion\u00e1rios, Luzia Ferreira Lima da Silva n\u00e3o pensou duas vezes: era hora de ajudar quem mais precisa. \u201cFelizmente, eu tenho sa\u00fade, emprego e alimento na mesa. Mas, muitas pessoas n\u00e3o vivem esta mesma sorte. Por isso, resolvi participar\u201d.<\/p>\n\n\n\n<p>De acordo com o gerente Industrial, Max Aidano de Souza, a iniciativa foi uma soma de esfor\u00e7os e o resultado n\u00e3o poderia ser melhor. \u201cDepois que os funcion\u00e1rios destinaram valores em dinheiro para a compra de cestas b\u00e1sicas de alimento, a empresa decidiu dobrar a quantidade e ampliou a doa\u00e7\u00e3o \u00e0s fam\u00edlias em vulnerabilidade\u201d, explicou ele, ao lado do coordenador de Recursos Humanos, Andr\u00e9 Ribeiro, e das funcion\u00e1rias Angela Andrade e Neuzelene Antunes.<\/p>\n\n\n\n<figure class=\"wp-block-image size-large\"><img loading=\"lazy\" decoding=\"async\" width=\"1200\" height=\"800\" src=\"https:\/\/tvtecjundiai.com.br\/news\/wp-content\/uploads\/sites\/2\/2021\/06\/funss_plascar-3-1200x800.jpg\" alt=\"\" class=\"wp-image-76898\" srcset=\"https:\/\/tvtecjundiai.com.br\/news\/wp-content\/uploads\/sites\/2\/2021\/06\/funss_plascar-3-1200x800.jpg 1200w, https:\/\/tvtecjundiai.com.br\/news\/wp-content\/uploads\/sites\/2\/2021\/06\/funss_plascar-3-300x200.jpg 300w, https:\/\/tvtecjundiai.com.br\/news\/wp-content\/uploads\/sites\/2\/2021\/06\/funss_plascar-3-768x512.jpg 768w, https:\/\/tvtecjundiai.com.br\/news\/wp-content\/uploads\/sites\/2\/2021\/06\/funss_plascar-3.jpg 1280w\" sizes=\"auto, (max-width: 1200px) 100vw, 1200px\" \/><figcaption>Luzia: fazer mais para aqueles que possuem menos<\/figcaption><\/figure>\n\n\n\n<p>Contribui\u00e7\u00f5es como esta chegam ao Fundo Social de Solidariedade de Jundia\u00ed (Funss) para refor\u00e7ar a Campanha Permanente, que auxilia entidades, igrejas e associa\u00e7\u00f5es de moradores de bairro no atendimento \u00e0s fam\u00edlias em vulnerabilidade. Al\u00e9m destas institui\u00e7\u00f5es cadastradas no Funss, tamb\u00e9m recebe parte das doa\u00e7\u00f5es a Unidade de Gest\u00e3o de Assist\u00eancia e Desenvolvimento Social (UGADS), da Prefeitura de Jundia\u00ed, que faz o atendimento direto ao mun\u00edcipe em vulnerabilidade por meio dos Centros de Refer\u00eancia da Assist\u00eancia Social (CRAS).<\/p>\n\n\n\n<figure class=\"wp-block-image size-large\"><img loading=\"lazy\" decoding=\"async\" width=\"1200\" height=\"800\" src=\"https:\/\/tvtecjundiai.com.br\/news\/wp-content\/uploads\/sites\/2\/2021\/06\/funss_plascar-2-1200x800.jpg\" alt=\"\" class=\"wp-image-76899\" srcset=\"https:\/\/tvtecjundiai.com.br\/news\/wp-content\/uploads\/sites\/2\/2021\/06\/funss_plascar-2-1200x800.jpg 1200w, https:\/\/tvtecjundiai.com.br\/news\/wp-content\/uploads\/sites\/2\/2021\/06\/funss_plascar-2-300x200.jpg 300w, https:\/\/tvtecjundiai.com.br\/news\/wp-content\/uploads\/sites\/2\/2021\/06\/funss_plascar-2-768x512.jpg 768w, https:\/\/tvtecjundiai.com.br\/news\/wp-content\/uploads\/sites\/2\/2021\/06\/funss_plascar-2.jpg 1280w\" sizes=\"auto, (max-width: 1200px) 100vw, 1200px\" \/><figcaption>Campanha interna mobilizou toda a empresa<\/figcaption><\/figure>\n\n\n\n<p>A primeira-dama e presidente do Fundo Social, Vanessa Machado, refor\u00e7a a import\u00e2ncia do engajamento de toda a popula\u00e7\u00e3o. \u201c\u00c9 desta maneira, com a ajuda de todos, que o Funss consegue desenvolver este trabalho consistente junto \u00e0queles que enfrentam dificuldades. Por isso, refor\u00e7o: n\u00e3o importa a quantidade, toda doa\u00e7\u00e3o que chega at\u00e9 a unidade \u00e9 de extrema import\u00e2ncia e faz diferen\u00e7a\u201d, afirmou ela, ao lado da diretora da unidade, Francine Picardi.<\/p>\n\n\n\n<p><strong>Campanha Permanente<\/strong><\/p>\n\n\n\n<p>Al\u00e9m dos alimentos n\u00e3o perec\u00edveis, a Campanha Permanente de Solidariedade tamb\u00e9m recebe doa\u00e7\u00f5es de fraldas para crian\u00e7as e adultos; leite longa vida ou em p\u00f3; absorventes higi\u00eanicos descart\u00e1veis; \u00e1gua mineral; roupas, cal\u00e7ados e toalhas de banho; produtos de limpeza e de higiene pessoal; ra\u00e7\u00e3o para animais; e saco de lixo.<\/p>\n\n\n\n<p>Os itens devem ser entregues, diretamente, na sede do Fundo Social, localizado dentro do Parque da Uva. O acesso \u00e9 pela avenida Dona Manoela Lacerda de Vergueiro, s\/n, port\u00e3o 03, bairro Anhangaba\u00fa. O funcionamento da unidade \u00e9 de segunda a sexta-feira, das 8h \u00e0s 17h, exceto feriados. Informa\u00e7\u00f5es: (11) 4521-2762, 4521-2929 e 4521-6833.<\/p>\n\n\n\n<p><em>(Texto\/Imagens: Prefeitura de Jundia\u00ed)<\/em><\/p>\n","protected":false},"excerpt":{"rendered":"<p>Campanha auxilia entidades, igrejas e associa\u00e7\u00f5es de bairro no atendimento \u00e0s fam\u00edlias em vulnerabilidade<\/p>\n","protected":false},"author":28,"featured_media":76899,"comment_status":"closed","ping_status":"closed","sticky":false,"template":"","format":"standard","meta":{"footnotes":""},"categories":[8356,1],"tags":[],"class_list":["post-76897","post","type-post","status-publish","format-standard","has-post-thumbnail","hentry","category-jundiai","category-noticias"],"_links":{"self":[{"href":"https:\/\/tvtecjundiai.com.br\/news\/wp-json\/wp\/v2\/posts\/76897","targetHints":{"allow":["GET"]}}],"collection":[{"href":"https:\/\/tvtecjundiai.com.br\/news\/wp-json\/wp\/v2\/posts"}],"about":[{"href":"https:\/\/tvtecjundiai.com.br\/news\/wp-json\/wp\/v2\/types\/post"}],"author":[{"embeddable":true,"href":"https:\/\/tvtecjundiai.com.br\/news\/wp-json\/wp\/v2\/users\/28"}],"replies":[{"embeddable":true,"href":"https:\/\/tvtecjundiai.com.br\/news\/wp-json\/wp\/v2\/comments?post=76897"}],"version-history":[{"count":1,"href":"https:\/\/tvtecjundiai.com.br\/news\/wp-json\/wp\/v2\/posts\/76897\/revisions"}],"predecessor-version":[{"id":76900,"href":"https:\/\/tvtecjundiai.com.br\/news\/wp-json\/wp\/v2\/posts\/76897\/revisions\/76900"}],"wp:featuredmedia":[{"embeddable":true,"href":"https:\/\/tvtecjundiai.com.br\/news\/wp-json\/wp\/v2\/media\/76899"}],"wp:attachment":[{"href":"https:\/\/tvtecjundiai.com.br\/news\/wp-json\/wp\/v2\/media?parent=76897"}],"wp:term":[{"taxonomy":"category","embeddable":true,"href":"https:\/\/tvtecjundiai.com.br\/news\/wp-json\/wp\/v2\/categories?post=76897"},{"taxonomy":"post_tag","embeddable":true,"href":"https:\/\/tvtecjundiai.com.br\/news\/wp-json\/wp\/v2\/tags?post=76897"}],"curies":[{"name":"wp","href":"https:\/\/api.w.org\/{rel}","templated":true}]}}