{"id":76905,"date":"2021-06-02T13:28:17","date_gmt":"2021-06-02T16:28:17","guid":{"rendered":"https:\/\/tvtecjundiai.com.br\/news\/?p=76905"},"modified":"2021-06-02T13:28:17","modified_gmt":"2021-06-02T16:28:17","slug":"feriado-prolongado-tera-tempo-firme-em-jundiai","status":"publish","type":"post","link":"https:\/\/tvtecjundiai.com.br\/news\/2021\/06\/02\/feriado-prolongado-tera-tempo-firme-em-jundiai\/","title":{"rendered":"Feriado prolongado ter\u00e1 tempo firme em Jundia\u00ed"},"content":{"rendered":"\n<p>O feriado prolongado de Corpus Christi, que come\u00e7a a partir desta quinta-feira (03), promete tempo firme para os quatro dias. De acordo com o Climatempo, o Sol deve predominar e n\u00e3o h\u00e1 previs\u00e3o de chuva.<\/p>\n\n\n\n<p>Para o feriado desta quinta-feira (03), o Sol aparece entre nuvens e a m\u00e1xima deve atingir os 26\u00ba, enquanto a m\u00ednima n\u00e3o deve passar dos 15\u00ba.<\/p>\n\n\n\n<figure class=\"wp-block-image size-large is-resized\"><img loading=\"lazy\" decoding=\"async\" src=\"https:\/\/tvtecjundiai.com.br\/news\/wp-content\/uploads\/sites\/2\/2020\/11\/Moises-Pereira-Pinto-Parque-do-Engordadouro-3-1200x583.jpeg\" alt=\"\" class=\"wp-image-66878\" width=\"840\" height=\"408\" srcset=\"https:\/\/tvtecjundiai.com.br\/news\/wp-content\/uploads\/sites\/2\/2020\/11\/Moises-Pereira-Pinto-Parque-do-Engordadouro-3-1200x583.jpeg 1200w, https:\/\/tvtecjundiai.com.br\/news\/wp-content\/uploads\/sites\/2\/2020\/11\/Moises-Pereira-Pinto-Parque-do-Engordadouro-3-300x146.jpeg 300w, https:\/\/tvtecjundiai.com.br\/news\/wp-content\/uploads\/sites\/2\/2020\/11\/Moises-Pereira-Pinto-Parque-do-Engordadouro-3-768x373.jpeg 768w, https:\/\/tvtecjundiai.com.br\/news\/wp-content\/uploads\/sites\/2\/2020\/11\/Moises-Pereira-Pinto-Parque-do-Engordadouro-3.jpeg 1280w\" sizes=\"auto, (max-width: 840px) 100vw, 840px\" \/><figcaption>Feriado deve ter tempo firme para os quatro dias, sem previs\u00e3o de chuva<\/figcaption><\/figure>\n\n\n\n<p>J\u00e1 na sexta-feira (04), o mesmo cen\u00e1rio se repete, com a diferen\u00e7a de que a m\u00e1xima chega aos 27\u00ba e a m\u00ednima aos 14\u00ba.<\/p>\n\n\n\n<p>No s\u00e1bado (05), a temperatura sobe um pouco mais e a m\u00e1xima deve bater os 29\u00ba. A m\u00ednima deve chegar aos 15\u00ba e n\u00e3o h\u00e1 previs\u00e3o de chuva.<\/p>\n\n\n\n<p>Para o domingo (06), o tempo continua firme, com o Sol aparecendo na maior parte do tempo. M\u00e1xima de 28\u00ba e m\u00ednima de 16\u00ba.<\/p>\n\n\n\n<p><em>(Texto\/Imagem: TVTEC)<\/em><\/p>\n","protected":false},"excerpt":{"rendered":"<p>Os dias devem ter predom\u00ednio de Sol e n\u00e3o h\u00e1 previs\u00e3o de chuva<\/p>\n","protected":false},"author":28,"featured_media":66878,"comment_status":"closed","ping_status":"closed","sticky":false,"template":"","format":"standard","meta":{"footnotes":""},"categories":[8356,1],"tags":[],"class_list":["post-76905","post","type-post","status-publish","format-standard","has-post-thumbnail","hentry","category-jundiai","category-noticias"],"_links":{"self":[{"href":"https:\/\/tvtecjundiai.com.br\/news\/wp-json\/wp\/v2\/posts\/76905","targetHints":{"allow":["GET"]}}],"collection":[{"href":"https:\/\/tvtecjundiai.com.br\/news\/wp-json\/wp\/v2\/posts"}],"about":[{"href":"https:\/\/tvtecjundiai.com.br\/news\/wp-json\/wp\/v2\/types\/post"}],"author":[{"embeddable":true,"href":"https:\/\/tvtecjundiai.com.br\/news\/wp-json\/wp\/v2\/users\/28"}],"replies":[{"embeddable":true,"href":"https:\/\/tvtecjundiai.com.br\/news\/wp-json\/wp\/v2\/comments?post=76905"}],"version-history":[{"count":1,"href":"https:\/\/tvtecjundiai.com.br\/news\/wp-json\/wp\/v2\/posts\/76905\/revisions"}],"predecessor-version":[{"id":76906,"href":"https:\/\/tvtecjundiai.com.br\/news\/wp-json\/wp\/v2\/posts\/76905\/revisions\/76906"}],"wp:featuredmedia":[{"embeddable":true,"href":"https:\/\/tvtecjundiai.com.br\/news\/wp-json\/wp\/v2\/media\/66878"}],"wp:attachment":[{"href":"https:\/\/tvtecjundiai.com.br\/news\/wp-json\/wp\/v2\/media?parent=76905"}],"wp:term":[{"taxonomy":"category","embeddable":true,"href":"https:\/\/tvtecjundiai.com.br\/news\/wp-json\/wp\/v2\/categories?post=76905"},{"taxonomy":"post_tag","embeddable":true,"href":"https:\/\/tvtecjundiai.com.br\/news\/wp-json\/wp\/v2\/tags?post=76905"}],"curies":[{"name":"wp","href":"https:\/\/api.w.org\/{rel}","templated":true}]}}