{"id":76907,"date":"2021-06-02T13:37:38","date_gmt":"2021-06-02T16:37:38","guid":{"rendered":"https:\/\/tvtecjundiai.com.br\/news\/?p=76907"},"modified":"2021-06-02T13:55:38","modified_gmt":"2021-06-02T16:55:38","slug":"toda-populacao-adulta-de-sp-sera-vacinada-contra-covid-19-ate-outubro-diz-joao-doria-1","status":"publish","type":"post","link":"https:\/\/tvtecjundiai.com.br\/news\/2021\/06\/02\/toda-populacao-adulta-de-sp-sera-vacinada-contra-covid-19-ate-outubro-diz-joao-doria-1\/","title":{"rendered":"Doria promete vacinar toda a popula\u00e7\u00e3o do Estado acima de 18 anos at\u00e9 31 de outubro"},"content":{"rendered":"\n<p>O governador de S\u00e3o Paulo, Jo\u00e3o Doria (PSDB), afirmou que a vacina\u00e7\u00e3o contra a COVID-19 de todas as pessoas com mais de 18 anos no estado deve ser conclu\u00edda at\u00e9 o final de outubro deste ano. A promessa foi feita em uma postagem nas redes sociais nesta quarta-feira (2).<\/p>\n\n\n\n<p>Em coletiva de imprensa, Doria refor\u00e7ou a promessa e disse que toda a popula\u00e7\u00e3o adulta do estado estar\u00e1 vacinada at\u00e9 o dia 31 de outubro.<\/p>\n\n\n\n<p>&#8220;S\u00e3o Paulo vai concluir toda a vacina\u00e7\u00e3o da sua popula\u00e7\u00e3o at\u00e9 o dia 31 de outubro \u2013 toda a popula\u00e7\u00e3o vacin\u00e1vel do estado de s\u00e3o Paulo ser\u00e1 vacinada at\u00e9 31 de outubro. A popula\u00e7\u00e3o com mais de 18 anos estar\u00e1 plenamente imunizada at\u00e9 esta data&#8221;, disse o governador<\/p>\n\n\n\n<p>A previs\u00e3o divulgada pelo governador nesta quarta \u00e9 diferente da anunciada por ele pr\u00f3prio dois dias atr\u00e1s. Na segunda-feira (31), em coletiva no Instituto Butantan, o governador havia prometido que a vacina\u00e7\u00e3o seria encerrada at\u00e9 dezembro.<\/p>\n\n\n\n<div class=\"wp-block-image\"><figure class=\"aligncenter size-large\"><img loading=\"lazy\" decoding=\"async\" width=\"450\" height=\"337\" src=\"https:\/\/tvtecjundiai.com.br\/news\/wp-content\/uploads\/sites\/2\/2021\/03\/imagem-ilustrativa-da-vacina-contra-a-covid-19-causada-pelo-novo-coronavirus-1593723642503_v2_450x337.jpg\" alt=\"\" class=\"wp-image-73298\" srcset=\"https:\/\/tvtecjundiai.com.br\/news\/wp-content\/uploads\/sites\/2\/2021\/03\/imagem-ilustrativa-da-vacina-contra-a-covid-19-causada-pelo-novo-coronavirus-1593723642503_v2_450x337.jpg 450w, https:\/\/tvtecjundiai.com.br\/news\/wp-content\/uploads\/sites\/2\/2021\/03\/imagem-ilustrativa-da-vacina-contra-a-covid-19-causada-pelo-novo-coronavirus-1593723642503_v2_450x337-300x225.jpg 300w\" sizes=\"auto, (max-width: 450px) 100vw, 450px\" \/><\/figure><\/div>\n\n\n\n<p>Na coletiva desta quarta-feira, o governo passou as datas de vacina\u00e7\u00e3o de pessoas sem comorbidade com menos de 54 anos pela primeira vez, veja as datas:<\/p>\n\n\n\n<ul class=\"wp-block-list\"><li>01\/07 a 20\/07: 55 a 59 anos<\/li><li>21\/07 a 31\/07: profissionais da educa\u00e7\u00e3o de 18 a 44 anos<\/li><li>02\/08 a 16\/08 \u2013 50 a 54 anos<\/li><li>17\/08 a 31\/08 \u2013 45 a 49 anos<\/li><li>01\/09 a 10\/09 \u2013 40 a 44 anos<\/li><li>11 \/09 a 20\/09 \u2013 35 a 39 anos<\/li><li>21\/09 as 30\/09 \u2013 30 a 34 anos<\/li><li>1 a 10 de outubro &#8211; 25 a 29 anos<\/li><li>11 a 31 de outubro &#8211; 18 a 24 anos<\/li><\/ul>\n\n\n\n<p>No mesmo dia, o diretor do Instituto Butantan, Dimas Covas, discordou da previs\u00e3o do governador e declarou que &#8220;\u00e9 muito otimista chegar \u00e0 vacina\u00e7\u00e3o de toda a popula\u00e7\u00e3o adulta at\u00e9 o fim deste ano&#8221;<\/p>\n\n\n\n<p>No semin\u00e1rio &#8220;Webin\u00e1rio Direitos J\u00e1!: Desafios para uma Articula\u00e7\u00e3o Nacional no Enfrentamento \u00e0 Pandemia&#8221;, ele disse que &#8220;a julgar pelo ritmo, isso n\u00e3o vai acontecer nessa velocidade em que est\u00e1 prevista e, possivelmente, n\u00f3s vamos conseguir terminar a vacina\u00e7\u00e3o de 50 a 60 milh\u00f5es, que \u00e9 o que est\u00e1 previsto a\u00ed nessa fase inicial do PNI, na minha previs\u00e3o, no final de setembro a in\u00edcio de outubro&#8221;.<\/p>\n\n\n\n<p>&#8220;Antes disso n\u00e3o teremos essa possibilidade&#8221;, afirmou o diretor do Butantan.<\/p>\n\n\n\n<p>Dimas destacou ainda que &#8220;o ritmo de vacina\u00e7\u00e3o nunca foi suficiente, em nenhum momento, para justificar uma acelera\u00e7\u00e3o muito grande da vacina\u00e7\u00e3o, mesmo tendo disponibilidade de vacinas&#8221;.<\/p>\n\n\n\n<p>A previs\u00e3o de vacinar toda a popula\u00e7\u00e3o do estado at\u00e9 outubro \u00e9 diferente da estimada pelo ministro da Sa\u00fade, Marcelo Queiroga, em evento na Universidade Federal de S\u00e3o Paulo (Unifesp). Na segunda, ele declarou que &#8220;at\u00e9 o final do ano teremos a nossa popula\u00e7\u00e3o imunizada&#8221;.<\/p>\n\n\n\n<p>Em reuni\u00e3o virtual com a Organiza\u00e7\u00e3o Mundial da Sa\u00fade (OMS) no fim de abril, o ministro disse ser \u201cposs\u00edvel garantir\u201d que toda a popula\u00e7\u00e3o brasileira ser\u00e1 vacinada at\u00e9 o fim de 2021.<\/p>\n\n\n\n<p><strong>Promessas anteriores<\/strong><br>Em setembro do ano passado, Doria chegou a afirmar que a vacina\u00e7\u00e3o para a \u201ctotalidade da popula\u00e7\u00e3o\u201d seria feita \u201cao longo dos dois primeiros meses de 2021\u201d, ou seja, entre janeiro e fevereiro deste ano \u2013 o que n\u00e3o ocorreu.<\/p>\n\n\n\n<p>\u201cAos brasileiros de S\u00e3o Paulo, sim, garanto que teremos a vacina, a CoronaVac, para atender a totalidade da popula\u00e7\u00e3o de S\u00e3o Paulo j\u00e1 ao final deste ano e ao longo dos dois primeiros meses de 2021, e vamos imuniz\u00e1-los\u201d, disse Doria em setembro de 2020.<\/p>\n\n\n\n<p>Naquele momento, o governo federal ainda n\u00e3o havia assinado nenhum contrato com produtores de vacinas nem havia campanha de imuniza\u00e7\u00e3o em curso.<\/p>\n\n\n\n<p><em>(Texto: G1\/Imagem: TVTEC)<\/em><\/p>\n","protected":false},"excerpt":{"rendered":"<p>Segundo governador Jo\u00e3o Doria, imuniza\u00e7\u00e3o total da popula\u00e7\u00e3o dever\u00e1 ser cumprida at\u00e9 Outubro deste ano<\/p>\n","protected":false},"author":28,"featured_media":76918,"comment_status":"closed","ping_status":"closed","sticky":false,"template":"","format":"standard","meta":{"footnotes":""},"categories":[1],"tags":[],"class_list":["post-76907","post","type-post","status-publish","format-standard","has-post-thumbnail","hentry","category-noticias"],"_links":{"self":[{"href":"https:\/\/tvtecjundiai.com.br\/news\/wp-json\/wp\/v2\/posts\/76907","targetHints":{"allow":["GET"]}}],"collection":[{"href":"https:\/\/tvtecjundiai.com.br\/news\/wp-json\/wp\/v2\/posts"}],"about":[{"href":"https:\/\/tvtecjundiai.com.br\/news\/wp-json\/wp\/v2\/types\/post"}],"author":[{"embeddable":true,"href":"https:\/\/tvtecjundiai.com.br\/news\/wp-json\/wp\/v2\/users\/28"}],"replies":[{"embeddable":true,"href":"https:\/\/tvtecjundiai.com.br\/news\/wp-json\/wp\/v2\/comments?post=76907"}],"version-history":[{"count":3,"href":"https:\/\/tvtecjundiai.com.br\/news\/wp-json\/wp\/v2\/posts\/76907\/revisions"}],"predecessor-version":[{"id":76915,"href":"https:\/\/tvtecjundiai.com.br\/news\/wp-json\/wp\/v2\/posts\/76907\/revisions\/76915"}],"wp:featuredmedia":[{"embeddable":true,"href":"https:\/\/tvtecjundiai.com.br\/news\/wp-json\/wp\/v2\/media\/76918"}],"wp:attachment":[{"href":"https:\/\/tvtecjundiai.com.br\/news\/wp-json\/wp\/v2\/media?parent=76907"}],"wp:term":[{"taxonomy":"category","embeddable":true,"href":"https:\/\/tvtecjundiai.com.br\/news\/wp-json\/wp\/v2\/categories?post=76907"},{"taxonomy":"post_tag","embeddable":true,"href":"https:\/\/tvtecjundiai.com.br\/news\/wp-json\/wp\/v2\/tags?post=76907"}],"curies":[{"name":"wp","href":"https:\/\/api.w.org\/{rel}","templated":true}]}}