{"id":76909,"date":"2021-06-04T10:00:00","date_gmt":"2021-06-04T13:00:00","guid":{"rendered":"https:\/\/tvtecjundiai.com.br\/news\/?p=76909"},"modified":"2021-06-02T13:43:34","modified_gmt":"2021-06-02T16:43:34","slug":"prefeitura-de-jundiai-e-tvtec-abrem-mais-200-vagas-para-cursos-nesta-terca-feira-08","status":"publish","type":"post","link":"https:\/\/tvtecjundiai.com.br\/news\/2021\/06\/04\/prefeitura-de-jundiai-e-tvtec-abrem-mais-200-vagas-para-cursos-nesta-terca-feira-08\/","title":{"rendered":"Prefeitura de Jundia\u00ed e TVTEC abrem mais 200 vagas para cursos nesta ter\u00e7a-feira (08)"},"content":{"rendered":"\n<p>A Prefeitura de Jundia\u00ed, em parceria com a TVTEC, abre mais 200 vagas para cursos online e gratuitos. As inscri\u00e7\u00f5es acontecem na pr\u00f3xima ter\u00e7a-feira (08), a partir das 10h. As pr\u00f3ximas datas para inscri\u00e7\u00f5es ser\u00e3o nos dias 15 e 22.<\/p>\n\n\n\n<p>Para este lote, os cursos oferecidos s\u00e3o: Lightroom \u2013 Edi\u00e7\u00e3o de Foto, Edi\u00e7\u00e3o de V\u00eddeo Express, Fotografia Digital, Google Meu Neg\u00f3cio, Aul\u00e3o de Stories e Orat\u00f3ria: falar bem em p\u00fablico.<\/p>\n\n\n\n<div class=\"wp-block-image\"><figure class=\"aligncenter size-large\"><img loading=\"lazy\" decoding=\"async\" width=\"501\" height=\"689\" src=\"https:\/\/tvtecjundiai.com.br\/news\/wp-content\/uploads\/sites\/2\/2021\/06\/everton.jpg\" alt=\"\" class=\"wp-image-76910\" srcset=\"https:\/\/tvtecjundiai.com.br\/news\/wp-content\/uploads\/sites\/2\/2021\/06\/everton.jpg 501w, https:\/\/tvtecjundiai.com.br\/news\/wp-content\/uploads\/sites\/2\/2021\/06\/everton-300x413.jpg 300w\" sizes=\"auto, (max-width: 501px) 100vw, 501px\" \/><figcaption>Fotografia digital \u00e9 um dos cursos oferecidos neste lote<\/figcaption><\/figure><\/div>\n\n\n\n<p>Neste m\u00eas de junho, s\u00e3o mais de 750 vagas ofertadas, com cursos voltados para o empreendedorismo, m\u00eddias sociais e empreendedorismo. As inscri\u00e7\u00f5es acontecem sempre \u00e0s 10h pelo site da TVTEC: <a href=\"https:\/\/tvtecjundiai.com.br\/inscricoes\/\">https:\/\/tvtecjundiai.com.br\/inscricoes\/<\/a><\/p>\n\n\n\n<p>Confira abaixo os cursos e hor\u00e1rios oferecidos para este lote:<\/p>\n\n\n\n<p><strong>Lote 2<\/strong><\/p>\n\n\n\n<p><strong>Inscri\u00e7\u00f5es: 08\/06 \u00e0s 10h<\/strong><\/p>\n\n\n\n<p><strong>LIGHTROOM &#8211; EDI\u00c7\u00c3O DE FOTO<\/strong><\/p>\n\n\n\n<p><strong>COM O CELULAR<\/strong><\/p>\n\n\n\n<p><strong>LUCAS CASALLE<\/strong><\/p>\n\n\n\n<p>Dias: 14 e 15\/06<\/p>\n\n\n\n<p>Das 9h \u00e0s 12h<\/p>\n\n\n\n<p>30 vagas \u2013&nbsp; Carga: 6h<\/p>\n\n\n\n<p>Saiba mais: <a href=\"https:\/\/bit.ly\/lightroomedicaofoto\">https:\/\/bit.ly\/lightroomedicaofoto<\/a><\/p>\n\n\n\n<p><strong>EDI\u00c7\u00c3O DE V\u00cdDEO EXPRESS<\/strong><\/p>\n\n\n\n<p><strong>DAVID CASSOLATO&nbsp;<\/strong><\/p>\n\n\n\n<p>Dias: 14 e 15\/06&nbsp;<\/p>\n\n\n\n<p>Das 19h \u00e0s 22h<\/p>\n\n\n\n<p>30 vagas &#8211; Carga: 6h<\/p>\n\n\n\n<p>Saiba mais: <a href=\"https:\/\/bit.ly\/2SxVKwt\">https:\/\/bit.ly\/2SxVKwt<\/a><\/p>\n\n\n\n<p><strong>FOTOGRAFIA DIGITAL<\/strong><\/p>\n\n\n\n<p><strong>EVERTON ROSSINI&nbsp;<\/strong><\/p>\n\n\n\n<p>Dia: 16\/06<\/p>\n\n\n\n<p>Das 19h \u00c0S 22h<\/p>\n\n\n\n<p>40 vagas &#8211; Carga: 3h<\/p>\n\n\n\n<p>Saiba mais: <a href=\"https:\/\/bit.ly\/3hW6VKo\">https:\/\/bit.ly\/3hW6VKo<\/a><\/p>\n\n\n\n<p><strong>GOOGLE MEU NEG\u00d3CIO<\/strong><\/p>\n\n\n\n<p><strong>FL\u00c1VIA CURADO<\/strong>&nbsp;<\/p>\n\n\n\n<p>Dias: 16 e 17\/06<\/p>\n\n\n\n<p>Das 19h \u00e0s 21h<\/p>\n\n\n\n<p>30 vagas &#8211; Carga: 4h<\/p>\n\n\n\n<p>Saiba mais: <a href=\"https:\/\/bit.ly\/3bSkdna\">https:\/\/bit.ly\/3bSkdna<\/a><\/p>\n\n\n\n<p><strong>AUL\u00c3O DE STORIES<\/strong><\/p>\n\n\n\n<p><strong>ANDERSON E BRUNA&nbsp;<\/strong><\/p>\n\n\n\n<p>Dia: 17\/06<\/p>\n\n\n\n<p>Das: 19h \u00e0s 22h<\/p>\n\n\n\n<p>50 vagas &#8211; Carga: 3h<\/p>\n\n\n\n<p>Saiba mais: <a href=\"https:\/\/bit.ly\/3upvDFB\">https:\/\/bit.ly\/3upvDFB<\/a><\/p>\n\n\n\n<p><strong>ORAT\u00d3RIA: FALAR BEM EM P\u00daBLICO<\/strong><\/p>\n\n\n\n<p><strong>CARLOS CUNHA&nbsp;<\/strong><\/p>\n\n\n\n<p>Dia: 19\/06<\/p>\n\n\n\n<p>Das 9h \u00e0s 12h<\/p>\n\n\n\n<p>20 vagas &#8211; Carga: 3h<\/p>\n\n\n\n<p>Saiba mais: <a href=\"https:\/\/bit.ly\/3wE9iFs\">https:\/\/bit.ly\/3wE9iFs<\/a><\/p>\n\n\n\n<p><em>(Texto\/Imagem: TVTEC)<\/em><\/p>\n","protected":false},"excerpt":{"rendered":"<p>Fotografia Digital, Google Meu Neg\u00f3cio e Orat\u00f3ria est\u00e3o entre os cursos oferecidos neste lote<\/p>\n","protected":false},"author":28,"featured_media":76910,"comment_status":"closed","ping_status":"closed","sticky":false,"template":"","format":"standard","meta":{"footnotes":""},"categories":[8356,1],"tags":[],"class_list":["post-76909","post","type-post","status-publish","format-standard","has-post-thumbnail","hentry","category-jundiai","category-noticias"],"_links":{"self":[{"href":"https:\/\/tvtecjundiai.com.br\/news\/wp-json\/wp\/v2\/posts\/76909","targetHints":{"allow":["GET"]}}],"collection":[{"href":"https:\/\/tvtecjundiai.com.br\/news\/wp-json\/wp\/v2\/posts"}],"about":[{"href":"https:\/\/tvtecjundiai.com.br\/news\/wp-json\/wp\/v2\/types\/post"}],"author":[{"embeddable":true,"href":"https:\/\/tvtecjundiai.com.br\/news\/wp-json\/wp\/v2\/users\/28"}],"replies":[{"embeddable":true,"href":"https:\/\/tvtecjundiai.com.br\/news\/wp-json\/wp\/v2\/comments?post=76909"}],"version-history":[{"count":1,"href":"https:\/\/tvtecjundiai.com.br\/news\/wp-json\/wp\/v2\/posts\/76909\/revisions"}],"predecessor-version":[{"id":76911,"href":"https:\/\/tvtecjundiai.com.br\/news\/wp-json\/wp\/v2\/posts\/76909\/revisions\/76911"}],"wp:featuredmedia":[{"embeddable":true,"href":"https:\/\/tvtecjundiai.com.br\/news\/wp-json\/wp\/v2\/media\/76910"}],"wp:attachment":[{"href":"https:\/\/tvtecjundiai.com.br\/news\/wp-json\/wp\/v2\/media?parent=76909"}],"wp:term":[{"taxonomy":"category","embeddable":true,"href":"https:\/\/tvtecjundiai.com.br\/news\/wp-json\/wp\/v2\/categories?post=76909"},{"taxonomy":"post_tag","embeddable":true,"href":"https:\/\/tvtecjundiai.com.br\/news\/wp-json\/wp\/v2\/tags?post=76909"}],"curies":[{"name":"wp","href":"https:\/\/api.w.org\/{rel}","templated":true}]}}