{"id":76912,"date":"2021-06-02T13:55:43","date_gmt":"2021-06-02T16:55:43","guid":{"rendered":"https:\/\/tvtecjundiai.com.br\/news\/?p=76912"},"modified":"2021-06-02T14:04:41","modified_gmt":"2021-06-02T17:04:41","slug":"bebe-ganha-festa-de-mesversario-na-uti-neonatal-do-hospital-universitario-1","status":"publish","type":"post","link":"https:\/\/tvtecjundiai.com.br\/news\/2021\/06\/02\/bebe-ganha-festa-de-mesversario-na-uti-neonatal-do-hospital-universitario-1\/","title":{"rendered":"Beb\u00ea ganha festa de &#8216;m\u00easvers\u00e1rio&#8217; na UTI Neonatal do Hospital Universit\u00e1rio"},"content":{"rendered":"\n<p>A equipe da UTI Neonatal do Hospital Universit\u00e1rio promoveu um &#8216;m\u00easvers\u00e1rio&#8217;, do pequeno Liniker Gael Santana Santos, que completou quatro meses internado.<\/p>\n\n\n\n<p>Para m\u00e3e Fl\u00e1via Couto Santana de 26 anos, foi uma surpresa chegar para visitar seu filho e deparar com um bolo de mentira e bexigas no ber\u00e7o aquecido e ver o quanto a equipe \u00e9 amorosa. \u201c\u00c9 bem dif\u00edcil ir embora e deix\u00e1-lo aqui. O cuidado que todos t\u00eam com ele aqui no HU \u00e9 \u00f3timo. Se n\u00e3o fosse a equipe da Neo ele n\u00e3o estaria aqui hoje para comemorar 4 meses de vida. Eu amei esse carinho que prepararam para ele\u201d, comenta a m\u00e3e toda agradecida.<\/p>\n\n\n\n<div class=\"wp-block-image\"><figure class=\"aligncenter size-large is-resized\"><img loading=\"lazy\" decoding=\"async\" src=\"https:\/\/tvtecjundiai.com.br\/news\/wp-content\/uploads\/sites\/2\/2021\/06\/WhatsApp-Image-2021-06-02-at-13.41.33-720x960.jpeg\" alt=\"\" class=\"wp-image-76916\" width=\"572\" height=\"762\" srcset=\"https:\/\/tvtecjundiai.com.br\/news\/wp-content\/uploads\/sites\/2\/2021\/06\/WhatsApp-Image-2021-06-02-at-13.41.33-720x960.jpeg 720w, https:\/\/tvtecjundiai.com.br\/news\/wp-content\/uploads\/sites\/2\/2021\/06\/WhatsApp-Image-2021-06-02-at-13.41.33-300x400.jpeg 300w, https:\/\/tvtecjundiai.com.br\/news\/wp-content\/uploads\/sites\/2\/2021\/06\/WhatsApp-Image-2021-06-02-at-13.41.33-768x1024.jpeg 768w, https:\/\/tvtecjundiai.com.br\/news\/wp-content\/uploads\/sites\/2\/2021\/06\/WhatsApp-Image-2021-06-02-at-13.41.33.jpeg 780w\" sizes=\"auto, (max-width: 572px) 100vw, 572px\" \/><\/figure><\/div>\n\n\n\n<p>Segundo a enfermeira da UTI Neonatal, Pamela Zignani Godiano, agindo de acordo com os princ\u00edpios da institui\u00e7\u00e3o, a equipe pensou em proporcionar um momento de afeto para os pais do Liniker que est\u00e1 a tanto tempo com a gente. \u201cAcabamos pegando amor em cada um e ver a carinha da m\u00e3e nos motiva a dar a melhor assist\u00eancia para esses pequenos que come\u00e7am desde cedo lutando pela vida\u201d.<\/p>\n\n\n\n<p><em>(Texto\/Imagem: Assessoria de Imprensa)<\/em><\/p>\n","protected":false},"excerpt":{"rendered":"<p>O pequeno Liniker Gael Santana est\u00e1 internado h\u00e1 quatro meses no HU <\/p>\n","protected":false},"author":28,"featured_media":76917,"comment_status":"closed","ping_status":"closed","sticky":false,"template":"","format":"standard","meta":{"footnotes":""},"categories":[1],"tags":[],"class_list":["post-76912","post","type-post","status-publish","format-standard","has-post-thumbnail","hentry","category-noticias"],"_links":{"self":[{"href":"https:\/\/tvtecjundiai.com.br\/news\/wp-json\/wp\/v2\/posts\/76912","targetHints":{"allow":["GET"]}}],"collection":[{"href":"https:\/\/tvtecjundiai.com.br\/news\/wp-json\/wp\/v2\/posts"}],"about":[{"href":"https:\/\/tvtecjundiai.com.br\/news\/wp-json\/wp\/v2\/types\/post"}],"author":[{"embeddable":true,"href":"https:\/\/tvtecjundiai.com.br\/news\/wp-json\/wp\/v2\/users\/28"}],"replies":[{"embeddable":true,"href":"https:\/\/tvtecjundiai.com.br\/news\/wp-json\/wp\/v2\/comments?post=76912"}],"version-history":[{"count":2,"href":"https:\/\/tvtecjundiai.com.br\/news\/wp-json\/wp\/v2\/posts\/76912\/revisions"}],"predecessor-version":[{"id":76919,"href":"https:\/\/tvtecjundiai.com.br\/news\/wp-json\/wp\/v2\/posts\/76912\/revisions\/76919"}],"wp:featuredmedia":[{"embeddable":true,"href":"https:\/\/tvtecjundiai.com.br\/news\/wp-json\/wp\/v2\/media\/76917"}],"wp:attachment":[{"href":"https:\/\/tvtecjundiai.com.br\/news\/wp-json\/wp\/v2\/media?parent=76912"}],"wp:term":[{"taxonomy":"category","embeddable":true,"href":"https:\/\/tvtecjundiai.com.br\/news\/wp-json\/wp\/v2\/categories?post=76912"},{"taxonomy":"post_tag","embeddable":true,"href":"https:\/\/tvtecjundiai.com.br\/news\/wp-json\/wp\/v2\/tags?post=76912"}],"curies":[{"name":"wp","href":"https:\/\/api.w.org\/{rel}","templated":true}]}}