{"id":76924,"date":"2021-06-05T10:10:00","date_gmt":"2021-06-05T13:10:00","guid":{"rendered":"https:\/\/tvtecjundiai.com.br\/news\/?p=76924"},"modified":"2021-06-10T11:09:41","modified_gmt":"2021-06-10T14:09:41","slug":"prefeitura-de-jundiai-em-parceria-com-a-tvtec-lanca-oficina-de-tiktok-dance-1","status":"publish","type":"post","link":"https:\/\/tvtecjundiai.com.br\/news\/2021\/06\/05\/prefeitura-de-jundiai-em-parceria-com-a-tvtec-lanca-oficina-de-tiktok-dance-1\/","title":{"rendered":"Prefeitura de Jundia\u00ed, em parceria com a TVTEC, lan\u00e7a o curso \u201cTikTok Dance\u201d"},"content":{"rendered":"\n<p>A Prefeitura de Jundia\u00ed, em parceria com a TVTEC, lan\u00e7a no pr\u00f3ximo dia 16, o curso \u201cTikTok Dance\u201d. O curso ser\u00e1 ministrado pelos professores Lucas Martinelli, de dan\u00e7a e Kalico Sprocatte, de edi\u00e7\u00e3o de v\u00eddeo.<\/p>\n\n\n\n<p>Direcionado aos adolescentes, o curso promete ensinar passos de dan\u00e7a f\u00e1ceis, al\u00e9m de t\u00e9cnicas de edi\u00e7\u00e3o dos v\u00eddeos no pr\u00f3prio aplicativo.<\/p>\n\n\n\n<p>Diretor de dan\u00e7a, core\u00f3grafo e professor, Lucas Martinelli, promete botar todo mundo para dan\u00e7ar. \u201cN\u00e3o tem outra op\u00e7\u00e3o\u201d, brinca. \u201cMas eu acho que \u00e9 \u2018super\u2019 tranquilo porque as dan\u00e7as s\u00e3o f\u00e1ceis\u201d, garante o professor.<\/p>\n\n\n\n<p>Lucas explica que preparou um conte\u00fado voltado para um p\u00fablico leigo em dan\u00e7a e que o objetivo \u00e9 se divertir. \u201cA linguagem da dan\u00e7a est\u00e1 muito mais dentro da gente do que a pr\u00f3pria fala. S\u00e3o movimentos mais simples e vamos trazer a musicalidade\u201d, diz.<\/p>\n\n\n\n<figure class=\"wp-block-image size-large\"><img loading=\"lazy\" decoding=\"async\" width=\"1200\" height=\"675\" src=\"https:\/\/tvtecjundiai.com.br\/news\/wp-content\/uploads\/sites\/2\/2021\/06\/Design-sem-nome-2-1200x675.png\" alt=\"\" class=\"wp-image-76938\" srcset=\"https:\/\/tvtecjundiai.com.br\/news\/wp-content\/uploads\/sites\/2\/2021\/06\/Design-sem-nome-2-1200x675.png 1200w, https:\/\/tvtecjundiai.com.br\/news\/wp-content\/uploads\/sites\/2\/2021\/06\/Design-sem-nome-2-300x169.png 300w, https:\/\/tvtecjundiai.com.br\/news\/wp-content\/uploads\/sites\/2\/2021\/06\/Design-sem-nome-2-768x432.png 768w, https:\/\/tvtecjundiai.com.br\/news\/wp-content\/uploads\/sites\/2\/2021\/06\/Design-sem-nome-2.png 1280w\" sizes=\"auto, (max-width: 1200px) 100vw, 1200px\" \/><figcaption>Os professores Kalico e Lucas v\u00e3o ministrar o curso de TikTok Dance<\/figcaption><\/figure>\n\n\n\n<p>J\u00e1 o professor de edi\u00e7\u00e3o de v\u00eddeo, Kalico Sprocatte, a ideia \u00e9 explorar o aplicativo TikTok. \u201c\u00c9 muito f\u00e1cil editar no TikTok\u201d, garante. \u201cA ideia \u00e9 ser a vers\u00e3o mobile, a vers\u00e3o vers\u00e1til que a gente tem no bolso. J\u00e1 gravar e editar no pr\u00f3prio aplicativo, usando as ferramentas ativas da plataforma\u201d, diz.<\/p>\n\n\n\n<p>As inscri\u00e7\u00f5es para o curso acontecem na quinta-feira (10), \u00e0s 10h, pelo link <a href=\"https:\/\/bit.ly\/3wlQ8ot\">https:\/\/bit.ly\/3wlQ8ot<\/a><\/p>\n\n\n\n<p><strong>TIKTOK DANCE<\/strong><\/p>\n\n\n\n<p><strong>KALICO SPROCATTE\/ LUCAS MARTINELLI<\/strong><\/p>\n\n\n\n<p>Dias: 16 e 17\/06<\/p>\n\n\n\n<p>Das 16h \u00e0s 18h<\/p>\n\n\n\n<p>50 vagas &#8211; Carga: 4h<\/p>\n\n\n\n<p>Saiba mais: <a href=\"https:\/\/bit.ly\/2QSO8Es\">https:\/\/bit.ly\/2QSO8Es<\/a><\/p>\n\n\n\n<p><em>(Texto\/Imagem: TVTEC)<\/em><\/p>\n","protected":false},"excerpt":{"rendered":"<p>Curso ser\u00e1 direcionado para adolescentes; inscri\u00e7\u00f5es acontecem na quinta-feira (10)   <\/p>\n","protected":false},"author":28,"featured_media":76938,"comment_status":"closed","ping_status":"closed","sticky":false,"template":"","format":"standard","meta":{"footnotes":""},"categories":[1],"tags":[],"class_list":["post-76924","post","type-post","status-publish","format-standard","has-post-thumbnail","hentry","category-noticias"],"_links":{"self":[{"href":"https:\/\/tvtecjundiai.com.br\/news\/wp-json\/wp\/v2\/posts\/76924","targetHints":{"allow":["GET"]}}],"collection":[{"href":"https:\/\/tvtecjundiai.com.br\/news\/wp-json\/wp\/v2\/posts"}],"about":[{"href":"https:\/\/tvtecjundiai.com.br\/news\/wp-json\/wp\/v2\/types\/post"}],"author":[{"embeddable":true,"href":"https:\/\/tvtecjundiai.com.br\/news\/wp-json\/wp\/v2\/users\/28"}],"replies":[{"embeddable":true,"href":"https:\/\/tvtecjundiai.com.br\/news\/wp-json\/wp\/v2\/comments?post=76924"}],"version-history":[{"count":5,"href":"https:\/\/tvtecjundiai.com.br\/news\/wp-json\/wp\/v2\/posts\/76924\/revisions"}],"predecessor-version":[{"id":77293,"href":"https:\/\/tvtecjundiai.com.br\/news\/wp-json\/wp\/v2\/posts\/76924\/revisions\/77293"}],"wp:featuredmedia":[{"embeddable":true,"href":"https:\/\/tvtecjundiai.com.br\/news\/wp-json\/wp\/v2\/media\/76938"}],"wp:attachment":[{"href":"https:\/\/tvtecjundiai.com.br\/news\/wp-json\/wp\/v2\/media?parent=76924"}],"wp:term":[{"taxonomy":"category","embeddable":true,"href":"https:\/\/tvtecjundiai.com.br\/news\/wp-json\/wp\/v2\/categories?post=76924"},{"taxonomy":"post_tag","embeddable":true,"href":"https:\/\/tvtecjundiai.com.br\/news\/wp-json\/wp\/v2\/tags?post=76924"}],"curies":[{"name":"wp","href":"https:\/\/api.w.org\/{rel}","templated":true}]}}