{"id":76950,"date":"2021-06-03T08:00:00","date_gmt":"2021-06-03T11:00:00","guid":{"rendered":"https:\/\/tvtecjundiai.com.br\/news\/?p=76950"},"modified":"2021-06-02T22:25:51","modified_gmt":"2021-06-03T01:25:51","slug":"adolescente-acolhida-em-abrigo-realiza-sonho-de-conhecer-sede-da-guarda-municipal","status":"publish","type":"post","link":"https:\/\/tvtecjundiai.com.br\/news\/2021\/06\/03\/adolescente-acolhida-em-abrigo-realiza-sonho-de-conhecer-sede-da-guarda-municipal\/","title":{"rendered":"Adolescente acolhida em abrigo realiza  sonho de conhecer sede da Guarda Municipal"},"content":{"rendered":"\n<p>Uma adolescente em acolhimento institucional realizou, na manh\u00e3 desta quarta-feira (02), o sonho de conhecer a Guarda Municipal de Jundia\u00ed (GMJ). A jovem de 12 anos, afastada do conv\u00edvio familiar, atualmente encontra-se na Casa Transit\u00f3ria, servi\u00e7o de acolhimento para crian\u00e7as e adolescentes viabilizado por meio da Unidade de Gest\u00e3o de Assist\u00eancia e Desenvolvimento Social (UGADS).<\/p>\n\n\n\n<div class=\"wp-block-image\"><figure class=\"alignright size-medium is-resized\"><a href=\"https:\/\/tvtecjundiai.com.br\/news\/wp-content\/uploads\/sites\/2\/2021\/06\/casa_transitoria_ugads_guarda_municipal-102.jpg\"><img loading=\"lazy\" decoding=\"async\" src=\"https:\/\/tvtecjundiai.com.br\/news\/wp-content\/uploads\/sites\/2\/2021\/06\/casa_transitoria_ugads_guarda_municipal-102-300x200.jpg\" alt=\"\" class=\"wp-image-76951\" width=\"504\" height=\"336\" srcset=\"https:\/\/tvtecjundiai.com.br\/news\/wp-content\/uploads\/sites\/2\/2021\/06\/casa_transitoria_ugads_guarda_municipal-102-300x200.jpg 300w, https:\/\/tvtecjundiai.com.br\/news\/wp-content\/uploads\/sites\/2\/2021\/06\/casa_transitoria_ugads_guarda_municipal-102-1200x800.jpg 1200w, https:\/\/tvtecjundiai.com.br\/news\/wp-content\/uploads\/sites\/2\/2021\/06\/casa_transitoria_ugads_guarda_municipal-102-768x512.jpg 768w, https:\/\/tvtecjundiai.com.br\/news\/wp-content\/uploads\/sites\/2\/2021\/06\/casa_transitoria_ugads_guarda_municipal-102.jpg 1280w\" sizes=\"auto, (max-width: 504px) 100vw, 504px\" \/><\/a><figcaption>Durante a visita, a jovem foi recebida pela gestora da UGSM, coronel Carla Basson<\/figcaption><\/figure><\/div>\n\n\n\n<p>Na sede da GMJ, a jovem foi acompanhada por uma amiga e pelas equipes da UGADS e da GMJ e conheceu o funcionamento e as estruturas da corpora\u00e7\u00e3o, como o Centro de Controle Operacional e o Canil Municipal, e interagiu com os agentes e os premiados c\u00e3es das ra\u00e7as Pastor-belga Malinois, Labrador e Bloodhound.<\/p>\n\n\n\n<p>Na corpora\u00e7\u00e3o, o grupo foi recebido pela gestora da Unidade de Gest\u00e3o de Seguran\u00e7a Municipal (UGSM), coronel Carla Basson, que compartilhou sua trajet\u00f3ria em um bate-papo agrad\u00e1vel com a jovem. \u201cEsta \u00e9 uma carreira que exige muito estudo e muita dedica\u00e7\u00e3o. E a sociedade em geral ainda n\u00e3o est\u00e1 preparada para que mulheres ocupem esta fun\u00e7\u00e3o. Mas tudo isso compensa quando voc\u00ea consegue ajudar uma pessoa, acalmar seu cora\u00e7\u00e3o, devolver a ela a paz e tranquilidade, ou at\u00e9 mesmo ter de auxiliar a realiza\u00e7\u00e3o de um parto no meio da rua, como pode acontecer. A gente pode ser o que a gente quiser se for para o bem e para uma realiza\u00e7\u00e3o de excel\u00eancia, como \u00e9 poder receb\u00ea-las aqui na Guarda nesta visita\u201d. \u00a0<\/p>\n\n\n\n<p>A gestora da UGADS, Maria Brant, explica que o pedido da visita foi feito durante uma reuni\u00e3o, quando a OSC relatou o sonho da jovem, e ainda durante a reuni\u00e3o j\u00e1 p\u00f4de ser agendado. \u201cVisitas como esta precisam acontecer para ampliar o repert\u00f3rio dos jovens acolhidos. \u00c9 maravilhoso poder realizar um sonho e contribuir tanto para a constru\u00e7\u00e3o de boas refer\u00eancias em suas vidas\u201d.<\/p>\n\n\n\n<div class=\"wp-block-image\"><figure class=\"alignleft size-medium is-resized\"><a href=\"https:\/\/tvtecjundiai.com.br\/news\/wp-content\/uploads\/sites\/2\/2021\/06\/casa_transitoria_ugads_guarda_municipal-22.jpg\"><img loading=\"lazy\" decoding=\"async\" src=\"https:\/\/tvtecjundiai.com.br\/news\/wp-content\/uploads\/sites\/2\/2021\/06\/casa_transitoria_ugads_guarda_municipal-22-300x200.jpg\" alt=\"\" class=\"wp-image-76952\" width=\"508\" height=\"338\" srcset=\"https:\/\/tvtecjundiai.com.br\/news\/wp-content\/uploads\/sites\/2\/2021\/06\/casa_transitoria_ugads_guarda_municipal-22-300x200.jpg 300w, https:\/\/tvtecjundiai.com.br\/news\/wp-content\/uploads\/sites\/2\/2021\/06\/casa_transitoria_ugads_guarda_municipal-22-1200x800.jpg 1200w, https:\/\/tvtecjundiai.com.br\/news\/wp-content\/uploads\/sites\/2\/2021\/06\/casa_transitoria_ugads_guarda_municipal-22-768x512.jpg 768w, https:\/\/tvtecjundiai.com.br\/news\/wp-content\/uploads\/sites\/2\/2021\/06\/casa_transitoria_ugads_guarda_municipal-22.jpg 1280w\" sizes=\"auto, (max-width: 508px) 100vw, 508px\" \/><\/a><figcaption>Grupo conheceu o funcionamento e as estruturas da corpora\u00e7\u00e3o<\/figcaption><\/figure><\/div>\n\n\n\n<p>O servi\u00e7o de acolhimento institucional de crian\u00e7as e adolescentes \u00e9 oferecido pela Prefeitura por meio de 55 vagas compradas em duas Organiza\u00e7\u00f5es da Sociedade Civil (OSC) no Munic\u00edpio: a Casa Transit\u00f3ria e a Casa de Nazar\u00e9. Al\u00e9m dessas vagas, o Munic\u00edpio disp\u00f5e ainda do servi\u00e7o de Fam\u00edlia Acolhedora, como alternativa ao modelo institucional, em que o acolhimento provis\u00f3rio \u00e9 realizado por fam\u00edlias inscritas e capacitadas.<\/p>\n\n\n\n<p>A adolescente encerrou a visita com um incentivo a mais para realizar seu sonho. \u201cDesde os meus seis anos sonho em fazer parte da Guarda Municipal de Jundia\u00ed e at\u00e9 hoje n\u00e3o me imagino fazendo outra coisa de adulta. Andar de viatura, fazer opera\u00e7\u00f5es e enquadramentos, s\u00e3o todas coisas que me vejo fazendo. E esta visita serviu para me animar e mostrar que, apesar dos desafios, \u00e9 algo que vai valer a pena\u201d, comemorou. \u00a0<\/p>\n\n\n\n<p><em>(Fonte\/Imagem: Prefeitura de Jundia\u00ed)<\/em><\/p>\n","protected":false},"excerpt":{"rendered":"<p>Afastada do conv\u00edvio familiar, jovem de 12 anos, atualmente encontra-se na Casa Transit\u00f3ria<\/p>\n","protected":false},"author":17,"featured_media":76951,"comment_status":"closed","ping_status":"closed","sticky":false,"template":"","format":"standard","meta":{"footnotes":""},"categories":[5706,1,4831],"tags":[195],"class_list":["post-76950","post","type-post","status-publish","format-standard","has-post-thumbnail","hentry","category-inclusao","category-noticias","category-seguranca","tag-guarda-municipal-de-jundiai"],"_links":{"self":[{"href":"https:\/\/tvtecjundiai.com.br\/news\/wp-json\/wp\/v2\/posts\/76950","targetHints":{"allow":["GET"]}}],"collection":[{"href":"https:\/\/tvtecjundiai.com.br\/news\/wp-json\/wp\/v2\/posts"}],"about":[{"href":"https:\/\/tvtecjundiai.com.br\/news\/wp-json\/wp\/v2\/types\/post"}],"author":[{"embeddable":true,"href":"https:\/\/tvtecjundiai.com.br\/news\/wp-json\/wp\/v2\/users\/17"}],"replies":[{"embeddable":true,"href":"https:\/\/tvtecjundiai.com.br\/news\/wp-json\/wp\/v2\/comments?post=76950"}],"version-history":[{"count":1,"href":"https:\/\/tvtecjundiai.com.br\/news\/wp-json\/wp\/v2\/posts\/76950\/revisions"}],"predecessor-version":[{"id":76953,"href":"https:\/\/tvtecjundiai.com.br\/news\/wp-json\/wp\/v2\/posts\/76950\/revisions\/76953"}],"wp:featuredmedia":[{"embeddable":true,"href":"https:\/\/tvtecjundiai.com.br\/news\/wp-json\/wp\/v2\/media\/76951"}],"wp:attachment":[{"href":"https:\/\/tvtecjundiai.com.br\/news\/wp-json\/wp\/v2\/media?parent=76950"}],"wp:term":[{"taxonomy":"category","embeddable":true,"href":"https:\/\/tvtecjundiai.com.br\/news\/wp-json\/wp\/v2\/categories?post=76950"},{"taxonomy":"post_tag","embeddable":true,"href":"https:\/\/tvtecjundiai.com.br\/news\/wp-json\/wp\/v2\/tags?post=76950"}],"curies":[{"name":"wp","href":"https:\/\/api.w.org\/{rel}","templated":true}]}}