{"id":76960,"date":"2021-06-03T11:45:35","date_gmt":"2021-06-03T14:45:35","guid":{"rendered":"https:\/\/tvtecjundiai.com.br\/news\/?p=76960"},"modified":"2021-06-03T11:45:35","modified_gmt":"2021-06-03T14:45:35","slug":"clube-dos-surdos-comemora-50-anos-com-transmissao-ao-vivo","status":"publish","type":"post","link":"https:\/\/tvtecjundiai.com.br\/news\/2021\/06\/03\/clube-dos-surdos-comemora-50-anos-com-transmissao-ao-vivo\/","title":{"rendered":"Clube dos Surdos comemora 50 anos com transmiss\u00e3o ao vivo"},"content":{"rendered":"\n<p>A Associa\u00e7\u00e3o e Clube dos Surdos de Jundia\u00ed realizou, na noite desta quarta-feira (2), uma transmiss\u00e3o ao vivo para a comemora\u00e7\u00e3o de seu \u201cJubileu de Ouro\u201d, com 50 anos de funda\u00e7\u00e3o da institui\u00e7\u00e3o. O evento virtual contou com a participa\u00e7\u00e3o do prefeito de Jundia\u00ed, Luiz Fernando Machado, e teve o objetivo de conscientizar e mobilizar pessoas quanto \u00e0 necessidade de ter uma associa\u00e7\u00e3o voltada aos surdos.<\/p>\n\n\n\n<p>\u201cNossa cidade tem amor e respeito pelo Clube dos Surdos e esta \u00e9 uma chance de agradecer seus representantes por tudo o que fizeram e ainda fazem por nossa cidade. Queremos que o clube seja cada vez mais forte e mais pr\u00f3ximo das pessoas\u201d, declarou Luiz Fernando.<\/p>\n\n\n\n<div class=\"wp-block-image\"><figure class=\"alignright size-medium is-resized\"><a href=\"https:\/\/tvtecjundiai.com.br\/news\/wp-content\/uploads\/sites\/2\/2021\/06\/Jubileu-de-Ouro-CSJ.jpg\"><img loading=\"lazy\" decoding=\"async\" src=\"https:\/\/tvtecjundiai.com.br\/news\/wp-content\/uploads\/sites\/2\/2021\/06\/Jubileu-de-Ouro-CSJ-300x162.jpg\" alt=\"\" class=\"wp-image-76963\" width=\"537\" height=\"290\" srcset=\"https:\/\/tvtecjundiai.com.br\/news\/wp-content\/uploads\/sites\/2\/2021\/06\/Jubileu-de-Ouro-CSJ-300x162.jpg 300w, https:\/\/tvtecjundiai.com.br\/news\/wp-content\/uploads\/sites\/2\/2021\/06\/Jubileu-de-Ouro-CSJ-768x414.jpg 768w, https:\/\/tvtecjundiai.com.br\/news\/wp-content\/uploads\/sites\/2\/2021\/06\/Jubileu-de-Ouro-CSJ.jpg 782w\" sizes=\"auto, (max-width: 537px) 100vw, 537px\" \/><\/a><figcaption>Prefeito Luiz Fernando (\u00e0 direita) participou de transmiss\u00e3o ao vivo e deixou seu apoio \u00e0 entidade<\/figcaption><\/figure><\/div>\n\n\n\n<p>\u201cPor causa do momento de pandemia, n\u00e3o fizemos um evento presencial, mas tamb\u00e9m n\u00e3o poder\u00edamos deixar essa data passar em branco\u201d, explicou, em libras, Irene Mantovani, presidente da Associa\u00e7\u00e3o e Clube dos Surdos, que fez a apresenta\u00e7\u00e3o de todos os presentes.<\/p>\n\n\n\n<p>O gestor da Casa Civil, Gustavo Maryssael, lembrou do trabalho da atual gest\u00e3o municipal na inclus\u00e3o e na valoriza\u00e7\u00e3o da pessoa com defici\u00eancia. \u201cPrecisamos, como cidad\u00e3os e gestores p\u00fablicos, agir cada vez mais de forma inclusiva.\u201d&nbsp;<\/p>\n\n\n\n<p>Tamb\u00e9m participaram da transmiss\u00e3o ao vivo a presidente do Conselho Municipal dos Direitos da Pessoa com Defici\u00eancia, Ivanilde Oliveira, o presidente da C\u00e2mara Municipal de Jundia\u00ed, Faouaz Taha, o gestor de Cultura de Jundia\u00ed, Marcelo Peroni, a superintendente da FTVTEC Jundia\u00ed, M\u00f4nica Gropelo, e o assessor de Pol\u00edticas para a Pessoa com Defici\u00eancia, Marco Antonio dos Santos.<\/p>\n\n\n\n<p><em>(Fonte: Prefeitura de Jundia\u00ed \/ Imagem: Reprodu\u00e7\u00e3o Youtube CSJ)<\/em><\/p>\n","protected":false},"excerpt":{"rendered":"<p>Celebra\u00e7\u00e3o contou com participa\u00e7\u00e3o do prefeito Luiz Fernando Machado <\/p>\n","protected":false},"author":17,"featured_media":76963,"comment_status":"closed","ping_status":"closed","sticky":false,"template":"","format":"standard","meta":{"footnotes":""},"categories":[29,5706,8356,1],"tags":[8377,5],"class_list":["post-76960","post","type-post","status-publish","format-standard","has-post-thumbnail","hentry","category-destaque","category-inclusao","category-jundiai","category-noticias","tag-clube-dos-surdos","tag-jundiai"],"_links":{"self":[{"href":"https:\/\/tvtecjundiai.com.br\/news\/wp-json\/wp\/v2\/posts\/76960","targetHints":{"allow":["GET"]}}],"collection":[{"href":"https:\/\/tvtecjundiai.com.br\/news\/wp-json\/wp\/v2\/posts"}],"about":[{"href":"https:\/\/tvtecjundiai.com.br\/news\/wp-json\/wp\/v2\/types\/post"}],"author":[{"embeddable":true,"href":"https:\/\/tvtecjundiai.com.br\/news\/wp-json\/wp\/v2\/users\/17"}],"replies":[{"embeddable":true,"href":"https:\/\/tvtecjundiai.com.br\/news\/wp-json\/wp\/v2\/comments?post=76960"}],"version-history":[{"count":2,"href":"https:\/\/tvtecjundiai.com.br\/news\/wp-json\/wp\/v2\/posts\/76960\/revisions"}],"predecessor-version":[{"id":76965,"href":"https:\/\/tvtecjundiai.com.br\/news\/wp-json\/wp\/v2\/posts\/76960\/revisions\/76965"}],"wp:featuredmedia":[{"embeddable":true,"href":"https:\/\/tvtecjundiai.com.br\/news\/wp-json\/wp\/v2\/media\/76963"}],"wp:attachment":[{"href":"https:\/\/tvtecjundiai.com.br\/news\/wp-json\/wp\/v2\/media?parent=76960"}],"wp:term":[{"taxonomy":"category","embeddable":true,"href":"https:\/\/tvtecjundiai.com.br\/news\/wp-json\/wp\/v2\/categories?post=76960"},{"taxonomy":"post_tag","embeddable":true,"href":"https:\/\/tvtecjundiai.com.br\/news\/wp-json\/wp\/v2\/tags?post=76960"}],"curies":[{"name":"wp","href":"https:\/\/api.w.org\/{rel}","templated":true}]}}