{"id":76982,"date":"2021-06-03T20:09:37","date_gmt":"2021-06-03T23:09:37","guid":{"rendered":"https:\/\/tvtecjundiai.com.br\/news\/?p=76982"},"modified":"2021-06-03T20:11:13","modified_gmt":"2021-06-03T23:11:13","slug":"mundo-das-criancas-e-parque-da-cidade-tem-limite-de-40-disponivel-para-visitantes","status":"publish","type":"post","link":"https:\/\/tvtecjundiai.com.br\/news\/2021\/06\/03\/mundo-das-criancas-e-parque-da-cidade-tem-limite-de-40-disponivel-para-visitantes\/","title":{"rendered":"Mundo das Crian\u00e7as e Parque da Cidade t\u00eam limite de 40% dispon\u00edvel para visitantes"},"content":{"rendered":"\n<p>O Mundo das Crian\u00e7as e o Parque da Cidade, instalados \u00e0s margens da represa da DAE, seguindo orienta\u00e7\u00e3o do Plano S\u00e3o Paulo de controle da Covid-19, ter\u00e3o suas capacidades de p\u00fablico limitadas a 40%, a partir desta sexta-feira (4). O objetivo \u00e9 cumprir os protocolos sanit\u00e1rios e evitar aglomera\u00e7\u00f5es.<\/p>\n\n\n\n<p>Os parques, al\u00e9m da fun\u00e7\u00e3o de preserva\u00e7\u00e3o da represa, t\u00eam a fun\u00e7\u00e3o de desenvolver atividades de Educa\u00e7\u00e3o ao ar livre e outras viv\u00eancias importantes para a forma\u00e7\u00e3o das crian\u00e7as.<\/p>\n\n\n\n<div class=\"wp-block-image\"><figure class=\"aligncenter size-large is-resized\"><a href=\"https:\/\/tvtecjundiai.com.br\/news\/wp-content\/uploads\/sites\/2\/2021\/06\/aereas-mundo-das-criancas_c_-9.jpg\"><img loading=\"lazy\" decoding=\"async\" src=\"https:\/\/tvtecjundiai.com.br\/news\/wp-content\/uploads\/sites\/2\/2021\/06\/aereas-mundo-das-criancas_c_-9-1200x899.jpg\" alt=\"\" class=\"wp-image-76983\" width=\"826\" height=\"618\" srcset=\"https:\/\/tvtecjundiai.com.br\/news\/wp-content\/uploads\/sites\/2\/2021\/06\/aereas-mundo-das-criancas_c_-9-1200x899.jpg 1200w, https:\/\/tvtecjundiai.com.br\/news\/wp-content\/uploads\/sites\/2\/2021\/06\/aereas-mundo-das-criancas_c_-9-300x225.jpg 300w, https:\/\/tvtecjundiai.com.br\/news\/wp-content\/uploads\/sites\/2\/2021\/06\/aereas-mundo-das-criancas_c_-9-768x575.jpg 768w, https:\/\/tvtecjundiai.com.br\/news\/wp-content\/uploads\/sites\/2\/2021\/06\/aereas-mundo-das-criancas_c_-9.jpg 1280w\" sizes=\"auto, (max-width: 826px) 100vw, 826px\" \/><\/a><figcaption>Por conta das medidas de preven\u00e7\u00e3o \u00e0 Covid-19, \u00e9 necess\u00e1rio o uso de m\u00e1scara durante todo o tempo de perman\u00eancia nestes locais<\/figcaption><\/figure><\/div>\n\n\n\n<p>Por conta das medidas de preven\u00e7\u00e3o \u00e0 Covid-19, \u00e9 necess\u00e1rio o uso de m\u00e1scara durante todo o tempo de perman\u00eancia nestes locais, al\u00e9m disso, bebedouros e lanchonetes n\u00e3o est\u00e3o aptos para funcionar. A DAE Jundia\u00ed conta com a colabora\u00e7\u00e3o dos visitantes.<\/p>\n\n\n\n<p>Para mais informa\u00e7\u00f5es, acesse\u00a0<a href=\"http:\/\/parquedacidade.jundiai.sp.gov.br\/\">parquedacidade.jundiai.sp.gov.br<\/a>\u00a0e\u00a0<a href=\"http:\/\/mundodascriancasjundiai.com.br\/\">mundodascriancasjundiai.com.br<\/a>.<\/p>\n\n\n\n<p><em>(Fonte\/Imagem: Prefeitura de Jundia\u00ed)<\/em><\/p>\n","protected":false},"excerpt":{"rendered":"<p>\u00c9 necess\u00e1rio o uso de m\u00e1scara durante todo o tempo de perman\u00eancia no local<\/p>\n","protected":false},"author":17,"featured_media":76983,"comment_status":"closed","ping_status":"closed","sticky":false,"template":"","format":"standard","meta":{"footnotes":""},"categories":[3076,8356,1],"tags":[2247,8136,623],"class_list":["post-76982","post","type-post","status-publish","format-standard","has-post-thumbnail","hentry","category-entretenimento","category-jundiai","category-noticias","tag-lazer","tag-mundo-das-criancas","tag-parque-da-cidade"],"_links":{"self":[{"href":"https:\/\/tvtecjundiai.com.br\/news\/wp-json\/wp\/v2\/posts\/76982","targetHints":{"allow":["GET"]}}],"collection":[{"href":"https:\/\/tvtecjundiai.com.br\/news\/wp-json\/wp\/v2\/posts"}],"about":[{"href":"https:\/\/tvtecjundiai.com.br\/news\/wp-json\/wp\/v2\/types\/post"}],"author":[{"embeddable":true,"href":"https:\/\/tvtecjundiai.com.br\/news\/wp-json\/wp\/v2\/users\/17"}],"replies":[{"embeddable":true,"href":"https:\/\/tvtecjundiai.com.br\/news\/wp-json\/wp\/v2\/comments?post=76982"}],"version-history":[{"count":4,"href":"https:\/\/tvtecjundiai.com.br\/news\/wp-json\/wp\/v2\/posts\/76982\/revisions"}],"predecessor-version":[{"id":76987,"href":"https:\/\/tvtecjundiai.com.br\/news\/wp-json\/wp\/v2\/posts\/76982\/revisions\/76987"}],"wp:featuredmedia":[{"embeddable":true,"href":"https:\/\/tvtecjundiai.com.br\/news\/wp-json\/wp\/v2\/media\/76983"}],"wp:attachment":[{"href":"https:\/\/tvtecjundiai.com.br\/news\/wp-json\/wp\/v2\/media?parent=76982"}],"wp:term":[{"taxonomy":"category","embeddable":true,"href":"https:\/\/tvtecjundiai.com.br\/news\/wp-json\/wp\/v2\/categories?post=76982"},{"taxonomy":"post_tag","embeddable":true,"href":"https:\/\/tvtecjundiai.com.br\/news\/wp-json\/wp\/v2\/tags?post=76982"}],"curies":[{"name":"wp","href":"https:\/\/api.w.org\/{rel}","templated":true}]}}