{"id":76988,"date":"2021-06-03T20:34:24","date_gmt":"2021-06-03T23:34:24","guid":{"rendered":"https:\/\/tvtecjundiai.com.br\/news\/?p=76988"},"modified":"2021-06-03T20:34:24","modified_gmt":"2021-06-03T23:34:24","slug":"atleta-formada-em-jundiai-e-convocada-para-selecao-feminina-sub-18-de-voleibol","status":"publish","type":"post","link":"https:\/\/tvtecjundiai.com.br\/news\/2021\/06\/03\/atleta-formada-em-jundiai-e-convocada-para-selecao-feminina-sub-18-de-voleibol\/","title":{"rendered":"Atleta formada em Jundia\u00ed \u00e9 convocada para Sele\u00e7\u00e3o Feminina Sub-18 de Voleibol"},"content":{"rendered":"\n<p>Jundia\u00ed tem reconhecimento nacional em forma\u00e7\u00e3o de atletas em diversas modalidades e categorias. Desta vez, o reconhecimento chega com a convoca\u00e7\u00e3o de Camila Gomes Brandalise, 17 anos, atleta formada pelas escolas de voleibol da Prefeitura de Jundia\u00ed, Unidade de Esporte e Lazer (UGEL), que integrar\u00e1 a equipe que formar\u00e1 a Sele\u00e7\u00e3o Feminina de Voleibol Sub-18 para o Campeonato Mundial da categoria, em setembro, no M\u00e9xico.<\/p>\n\n\n\n<p>Com 17 anos, Camilla hoje mora em Bauru e representa o time Sesi V\u00f4lei Bauru. \u201cJundia\u00ed foi onde me descobri atleta e jogadora de V\u00f4lei. Comecei nas escolinhas do Bol\u00e3o at\u00e9 chegar \u00e0s categorias de base representando a cidade nas competi\u00e7\u00f5es, onde fiquei por muitos anos. Ser chamada para compor a Sele\u00e7\u00e3o \u00e9 uma meta alcan\u00e7ada. Meu objetivo de vida \u00e9 viver do esporte e competir em uma Olimp\u00edada\u201d, detalha a jovem que j\u00e1 participou por duas vezes de testes e treinos pela Sele\u00e7\u00e3o Brasileira em categorias menores.<\/p>\n\n\n\n<div class=\"wp-block-image\"><figure class=\"alignright size-medium is-resized\"><a href=\"https:\/\/tvtecjundiai.com.br\/news\/wp-content\/uploads\/sites\/2\/2021\/06\/voleicamila.jpeg\"><img loading=\"lazy\" decoding=\"async\" src=\"https:\/\/tvtecjundiai.com.br\/news\/wp-content\/uploads\/sites\/2\/2021\/06\/voleicamila-300x225.jpeg\" alt=\"\" class=\"wp-image-76989\" width=\"518\" height=\"389\" srcset=\"https:\/\/tvtecjundiai.com.br\/news\/wp-content\/uploads\/sites\/2\/2021\/06\/voleicamila-300x225.jpeg 300w, https:\/\/tvtecjundiai.com.br\/news\/wp-content\/uploads\/sites\/2\/2021\/06\/voleicamila-768x576.jpeg 768w, https:\/\/tvtecjundiai.com.br\/news\/wp-content\/uploads\/sites\/2\/2021\/06\/voleicamila.jpeg 960w\" sizes=\"auto, (max-width: 518px) 100vw, 518px\" \/><\/a><figcaption>Enquanto esteve em Jundia\u00ed, Camila representou a cidade em torneios e competi\u00e7\u00f5es<\/figcaption><\/figure><\/div>\n\n\n\n<p>Para o T\u00e9cnico das equipes Sub 21 e Sub 14 do Time Jundiai Ademir Zamboni que treinou Camilla nas categorias de base, \u00e9 um orgulho ter mais uma atleta formada em Jundia\u00ed sendo convocada para a respresenta\u00e7\u00e3o Nacional. \u201cA Camila sempre foi muito r\u00e1pida, dedicada e assimilava as dicas de maneira precisa. O reconhecimento \u00e9 fruto do bom trabalho desenvolvido ao longo dos anos\u201d, comenta o professor. que ainda enumera outros tantos nomes que passaram pelas equipes de Jundia\u00ed e se destacaram no cen\u00e1rio nacional, como Marina Dalloca (d\u00e9cada de 1990) e Giovanna Gasparini, atual levantadora do Sesc Flamengo.<\/p>\n\n\n\n<p>A modalidade no Time Jundia\u00ed ainda conta com o professor Moacir Regra, que tamb\u00e9m j\u00e1 revelou grandes talentos est\u00e1 na categoria Sub 15 e Sub 17.<\/p>\n\n\n\n<p><em>(Fonte\/Imagem: Prefeitura de Jundia\u00ed)<\/em><\/p>\n","protected":false},"excerpt":{"rendered":"<p>Camila integrar\u00e1 a equipe que formar\u00e1 a sele\u00e7\u00e3o para o Campeonato Mundial<\/p>\n","protected":false},"author":17,"featured_media":76989,"comment_status":"closed","ping_status":"closed","sticky":false,"template":"","format":"standard","meta":{"footnotes":""},"categories":[2827,8356,1],"tags":[1903,8378,1646],"class_list":["post-76988","post","type-post","status-publish","format-standard","has-post-thumbnail","hentry","category-esportes-e-lazer","category-jundiai","category-noticias","tag-brasil","tag-selecao-feminina","tag-voleibol"],"_links":{"self":[{"href":"https:\/\/tvtecjundiai.com.br\/news\/wp-json\/wp\/v2\/posts\/76988","targetHints":{"allow":["GET"]}}],"collection":[{"href":"https:\/\/tvtecjundiai.com.br\/news\/wp-json\/wp\/v2\/posts"}],"about":[{"href":"https:\/\/tvtecjundiai.com.br\/news\/wp-json\/wp\/v2\/types\/post"}],"author":[{"embeddable":true,"href":"https:\/\/tvtecjundiai.com.br\/news\/wp-json\/wp\/v2\/users\/17"}],"replies":[{"embeddable":true,"href":"https:\/\/tvtecjundiai.com.br\/news\/wp-json\/wp\/v2\/comments?post=76988"}],"version-history":[{"count":1,"href":"https:\/\/tvtecjundiai.com.br\/news\/wp-json\/wp\/v2\/posts\/76988\/revisions"}],"predecessor-version":[{"id":76990,"href":"https:\/\/tvtecjundiai.com.br\/news\/wp-json\/wp\/v2\/posts\/76988\/revisions\/76990"}],"wp:featuredmedia":[{"embeddable":true,"href":"https:\/\/tvtecjundiai.com.br\/news\/wp-json\/wp\/v2\/media\/76989"}],"wp:attachment":[{"href":"https:\/\/tvtecjundiai.com.br\/news\/wp-json\/wp\/v2\/media?parent=76988"}],"wp:term":[{"taxonomy":"category","embeddable":true,"href":"https:\/\/tvtecjundiai.com.br\/news\/wp-json\/wp\/v2\/categories?post=76988"},{"taxonomy":"post_tag","embeddable":true,"href":"https:\/\/tvtecjundiai.com.br\/news\/wp-json\/wp\/v2\/tags?post=76988"}],"curies":[{"name":"wp","href":"https:\/\/api.w.org\/{rel}","templated":true}]}}