{"id":76991,"date":"2021-06-03T20:38:17","date_gmt":"2021-06-03T23:38:17","guid":{"rendered":"https:\/\/tvtecjundiai.com.br\/news\/?p=76991"},"modified":"2021-06-03T20:57:51","modified_gmt":"2021-06-03T23:57:51","slug":"conselho-da-crianca-e-do-adolescente-participa-da-semana-de-adocao-de-jundiai","status":"publish","type":"post","link":"https:\/\/tvtecjundiai.com.br\/news\/2021\/06\/03\/conselho-da-crianca-e-do-adolescente-participa-da-semana-de-adocao-de-jundiai\/","title":{"rendered":"Conselho da Crian\u00e7a e do Adolescente participa da Semana de Ado\u00e7\u00e3o de Jundia\u00ed"},"content":{"rendered":"\n<p>O Conselho Municipal dos Direitos da Crian\u00e7a e do Adolescente (CMDCA) participou como parceiro das atividades da Semana Nacional de Ado\u00e7\u00e3o, evento tem\u00e1tico que faz parte do calend\u00e1rio municipal. Com o tema \u201cO que \u00e9 adotar?\u201d e realizado na \u00faltima semana, o evento foi uma organiza\u00e7\u00e3o do Grupo de Apoio \u00e0 Ado\u00e7\u00e3o Semente, que prop\u00f4s atividades para toda a rede de Defesa da Crian\u00e7a e do Adolescente de Jundia\u00ed (Redeca).<\/p>\n\n\n\n<div class=\"wp-block-image\"><figure class=\"alignleft size-medium is-resized\"><a href=\"https:\/\/tvtecjundiai.com.br\/news\/wp-content\/uploads\/sites\/2\/2021\/06\/crianca-51.jpg\"><img loading=\"lazy\" decoding=\"async\" src=\"https:\/\/tvtecjundiai.com.br\/news\/wp-content\/uploads\/sites\/2\/2021\/06\/crianca-51-300x200.jpg\" alt=\"\" class=\"wp-image-76992\" width=\"521\" height=\"347\" srcset=\"https:\/\/tvtecjundiai.com.br\/news\/wp-content\/uploads\/sites\/2\/2021\/06\/crianca-51-300x200.jpg 300w, https:\/\/tvtecjundiai.com.br\/news\/wp-content\/uploads\/sites\/2\/2021\/06\/crianca-51-1200x800.jpg 1200w, https:\/\/tvtecjundiai.com.br\/news\/wp-content\/uploads\/sites\/2\/2021\/06\/crianca-51-768x512.jpg 768w, https:\/\/tvtecjundiai.com.br\/news\/wp-content\/uploads\/sites\/2\/2021\/06\/crianca-51.jpg 1280w\" sizes=\"auto, (max-width: 521px) 100vw, 521px\" \/><\/a><figcaption>Semana Nacional de Ado\u00e7\u00e3o faz parte do calend\u00e1rio municipal e conta anualmente com atividades tem\u00e1ticas<\/figcaption><\/figure><\/div>\n\n\n\n<p>A programa\u00e7\u00e3o contou com atividades e videoconfer\u00eancias on-line sobre os temas: entrega volunt\u00e1ria, com a especialista Ang\u00e9lica Gomes; o movimento de ado\u00e7\u00e3o em \u00e2mbito nacional, com as fam\u00edlia de Paulo S\u00e9rgio e Sueli dos Santos, uma das pioneiras no Pa\u00eds; encontros em parceria com a Secretaria Nacional de Justi\u00e7a e a Prefeitura de Embu; uma avalia\u00e7\u00e3o sobre a situa\u00e7\u00e3o da pandemia; e a primeira entrega de certificados a s\u00f3cios benem\u00e9ritos da iniciativa, com a entrega ao casal Santos e ao juiz da Vara da Inf\u00e2ncia e Juventude de Jundia\u00ed, dr. Jefferson Barbin Torelli.<\/p>\n\n\n\n<p>\u201cEste \u00e9 o quinto ano consecutivo que o CMDCA \u00e9 parceiro do GAA Semente, o \u00fanico na cidade, com a participa\u00e7\u00e3o tamb\u00e9m das institui\u00e7\u00f5es de acolhimento e do Poder Judici\u00e1rio. Por se tratar de um \u00f3rg\u00e3o de prote\u00e7\u00e3o, o Conselho possui o grupo entre os seus registros e \u00e9 uma honra poder participar e dar abrang\u00eancia e visibilidade \u00e0 proposta, fazendo a sociedade conhecer o movimento e fomentar a ades\u00e3o tanto de volunt\u00e1rios, como de interessados na ado\u00e7\u00e3o\u201d, comemorou a presidente do CMDCA, Alda Carrara.<\/p>\n\n\n\n<p>O CMDCA \u00e9 ligado administrativamente \u00e0 Unidade de Gest\u00e3o de Assist\u00eancia e Desenvolvimento Social (UGADS) da Prefeitura.<\/p>\n\n\n\n<p><\/p>\n","protected":false},"excerpt":{"rendered":"<p>Semana faz parte do calend\u00e1rio municipal e conta anualmente com atividades tem\u00e1ticas<\/p>\n","protected":false},"author":17,"featured_media":76992,"comment_status":"closed","ping_status":"closed","sticky":false,"template":"","format":"standard","meta":{"footnotes":""},"categories":[5706,8356,1],"tags":[8379],"class_list":["post-76991","post","type-post","status-publish","format-standard","has-post-thumbnail","hentry","category-inclusao","category-jundiai","category-noticias","tag-semana-de-adocao-de-jundiai"],"_links":{"self":[{"href":"https:\/\/tvtecjundiai.com.br\/news\/wp-json\/wp\/v2\/posts\/76991","targetHints":{"allow":["GET"]}}],"collection":[{"href":"https:\/\/tvtecjundiai.com.br\/news\/wp-json\/wp\/v2\/posts"}],"about":[{"href":"https:\/\/tvtecjundiai.com.br\/news\/wp-json\/wp\/v2\/types\/post"}],"author":[{"embeddable":true,"href":"https:\/\/tvtecjundiai.com.br\/news\/wp-json\/wp\/v2\/users\/17"}],"replies":[{"embeddable":true,"href":"https:\/\/tvtecjundiai.com.br\/news\/wp-json\/wp\/v2\/comments?post=76991"}],"version-history":[{"count":3,"href":"https:\/\/tvtecjundiai.com.br\/news\/wp-json\/wp\/v2\/posts\/76991\/revisions"}],"predecessor-version":[{"id":76998,"href":"https:\/\/tvtecjundiai.com.br\/news\/wp-json\/wp\/v2\/posts\/76991\/revisions\/76998"}],"wp:featuredmedia":[{"embeddable":true,"href":"https:\/\/tvtecjundiai.com.br\/news\/wp-json\/wp\/v2\/media\/76992"}],"wp:attachment":[{"href":"https:\/\/tvtecjundiai.com.br\/news\/wp-json\/wp\/v2\/media?parent=76991"}],"wp:term":[{"taxonomy":"category","embeddable":true,"href":"https:\/\/tvtecjundiai.com.br\/news\/wp-json\/wp\/v2\/categories?post=76991"},{"taxonomy":"post_tag","embeddable":true,"href":"https:\/\/tvtecjundiai.com.br\/news\/wp-json\/wp\/v2\/tags?post=76991"}],"curies":[{"name":"wp","href":"https:\/\/api.w.org\/{rel}","templated":true}]}}