{"id":77008,"date":"2021-06-04T16:33:39","date_gmt":"2021-06-04T19:33:39","guid":{"rendered":"https:\/\/tvtecjundiai.com.br\/news\/?p=77008"},"modified":"2021-06-04T16:33:39","modified_gmt":"2021-06-04T19:33:39","slug":"jundiai-recebe-vacinas-contra-covid-19-para-publico-abaixo-de-30-anos-com-comorbidades","status":"publish","type":"post","link":"https:\/\/tvtecjundiai.com.br\/news\/2021\/06\/04\/jundiai-recebe-vacinas-contra-covid-19-para-publico-abaixo-de-30-anos-com-comorbidades\/","title":{"rendered":"Jundia\u00ed recebe vacinas contra COVID-19 para p\u00fablico abaixo de 30 anos com comorbidades"},"content":{"rendered":"\n<p>Neste s\u00e1bado (5), a Prefeitura de Jundia\u00ed far\u00e1 a retirada de 4,6 mil doses de vacinas contra a COVID-19, no Departamento Regional de Sa\u00fade (DRS), em Campinas. Desta vez, o p\u00fablico que ser\u00e1 atendido ser\u00e1 formado por pessoas com comorbidades que tenham entre 18 a 29 anos e aqueles que recebam Benef\u00edcio de Presta\u00e7\u00e3o Continuada (BPC) com a mesma idade. Assim que definido o calend\u00e1rio para aplica\u00e7\u00e3o ser\u00e1 aberto o agendamento e amplamente divulgado. A meta \u00e9 realizar o atendimento na pr\u00f3xima semana.<\/p>\n\n\n\n<div class=\"wp-block-image\"><figure class=\"alignleft size-medium is-resized\"><a href=\"https:\/\/tvtecjundiai.com.br\/news\/wp-content\/uploads\/sites\/2\/2021\/06\/chegada-vacina-covid-53.jpg\"><img loading=\"lazy\" decoding=\"async\" src=\"https:\/\/tvtecjundiai.com.br\/news\/wp-content\/uploads\/sites\/2\/2021\/06\/chegada-vacina-covid-53-300x200.jpg\" alt=\"\" class=\"wp-image-77009\" width=\"517\" height=\"345\" srcset=\"https:\/\/tvtecjundiai.com.br\/news\/wp-content\/uploads\/sites\/2\/2021\/06\/chegada-vacina-covid-53-300x200.jpg 300w, https:\/\/tvtecjundiai.com.br\/news\/wp-content\/uploads\/sites\/2\/2021\/06\/chegada-vacina-covid-53-1200x800.jpg 1200w, https:\/\/tvtecjundiai.com.br\/news\/wp-content\/uploads\/sites\/2\/2021\/06\/chegada-vacina-covid-53-768x512.jpg 768w, https:\/\/tvtecjundiai.com.br\/news\/wp-content\/uploads\/sites\/2\/2021\/06\/chegada-vacina-covid-53.jpg 1280w\" sizes=\"auto, (max-width: 517px) 100vw, 517px\" \/><\/a><figcaption>Vacinas contra COVID-19 ser\u00e3o retiradas em Campinas; esta ser\u00e1 a 28\u00aa grade<\/figcaption><\/figure><\/div>\n\n\n\n<p>De acordo com a enfermeira e coordenadora da Vigil\u00e2ncia Epidemiol\u00f3gica (VE) da Unidade de Gest\u00e3o de Promo\u00e7\u00e3o da Sa\u00fade (UGPS), Maria do Carmo Possidente, a quantidade representa grande avan\u00e7o para o atendimento \u00e0 popula\u00e7\u00e3o. \u201cA cada semana conseguimos avan\u00e7ar mais uma etapa da primeira fase da campanha. Nesta sexta-feira (4), ainda h\u00e1 vagas para aplica\u00e7\u00e3o da primeira dose para o p\u00fablico 30+ com comorbidades. O avan\u00e7o \u00e9 gradativo e percept\u00edvel. Jundia\u00ed conta com capacidade de aplica\u00e7\u00e3o e estrutura. Havendo libera\u00e7\u00e3o de doses e grupos, elas ser\u00e3o aplicadas\u201d, detalha.<\/p>\n\n\n\n<p>Com a retirada a ser feita no s\u00e1bado (5), Jundia\u00ed somar\u00e1 28 grades espec\u00edficas para a aplica\u00e7\u00e3o contra a COVID-19. De acordo com dados do site VacinaJ\u00e1, do Governo do Estado, o munic\u00edpio contabiliza 176.105 doses aplicadas, entre primeira e segunda dose, entre todos os p\u00fablicos j\u00e1 habilitados pelos Planos de Imuniza\u00e7\u00e3o Estadual (PEI) e Nacional de Imuniza\u00e7\u00e3o (PNI).<\/p>\n\n\n\n<p><em>(Fonte\/Imagem: Prefeitura de Jundia\u00ed)<\/em><\/p>\n","protected":false},"excerpt":{"rendered":"<p>Prefeitura de Jundia\u00ed far\u00e1 a retirada de 4,6 mil doses neste s\u00e1bado (05)<\/p>\n","protected":false},"author":17,"featured_media":77009,"comment_status":"closed","ping_status":"closed","sticky":false,"template":"","format":"standard","meta":{"footnotes":""},"categories":[8356,1,2839],"tags":[7332,6512,104],"class_list":["post-77008","post","type-post","status-publish","format-standard","has-post-thumbnail","hentry","category-jundiai","category-noticias","category-saude","tag-comorbidades","tag-covid-19","tag-vacina"],"_links":{"self":[{"href":"https:\/\/tvtecjundiai.com.br\/news\/wp-json\/wp\/v2\/posts\/77008","targetHints":{"allow":["GET"]}}],"collection":[{"href":"https:\/\/tvtecjundiai.com.br\/news\/wp-json\/wp\/v2\/posts"}],"about":[{"href":"https:\/\/tvtecjundiai.com.br\/news\/wp-json\/wp\/v2\/types\/post"}],"author":[{"embeddable":true,"href":"https:\/\/tvtecjundiai.com.br\/news\/wp-json\/wp\/v2\/users\/17"}],"replies":[{"embeddable":true,"href":"https:\/\/tvtecjundiai.com.br\/news\/wp-json\/wp\/v2\/comments?post=77008"}],"version-history":[{"count":1,"href":"https:\/\/tvtecjundiai.com.br\/news\/wp-json\/wp\/v2\/posts\/77008\/revisions"}],"predecessor-version":[{"id":77010,"href":"https:\/\/tvtecjundiai.com.br\/news\/wp-json\/wp\/v2\/posts\/77008\/revisions\/77010"}],"wp:featuredmedia":[{"embeddable":true,"href":"https:\/\/tvtecjundiai.com.br\/news\/wp-json\/wp\/v2\/media\/77009"}],"wp:attachment":[{"href":"https:\/\/tvtecjundiai.com.br\/news\/wp-json\/wp\/v2\/media?parent=77008"}],"wp:term":[{"taxonomy":"category","embeddable":true,"href":"https:\/\/tvtecjundiai.com.br\/news\/wp-json\/wp\/v2\/categories?post=77008"},{"taxonomy":"post_tag","embeddable":true,"href":"https:\/\/tvtecjundiai.com.br\/news\/wp-json\/wp\/v2\/tags?post=77008"}],"curies":[{"name":"wp","href":"https:\/\/api.w.org\/{rel}","templated":true}]}}