{"id":77040,"date":"2021-06-05T13:10:32","date_gmt":"2021-06-05T16:10:32","guid":{"rendered":"https:\/\/tvtecjundiai.com.br\/news\/?p=77040"},"modified":"2021-06-05T13:10:32","modified_gmt":"2021-06-05T16:10:32","slug":"vetor-oeste-faz-plantio-simultaneo-de-1-mil-mudas-de-arvores","status":"publish","type":"post","link":"https:\/\/tvtecjundiai.com.br\/news\/2021\/06\/05\/vetor-oeste-faz-plantio-simultaneo-de-1-mil-mudas-de-arvores\/","title":{"rendered":"Vetor Oeste faz plantio simult\u00e2neo de 1 mil mudas de \u00e1rvores"},"content":{"rendered":"\n<p>Em ampla \u00e1rea ao longo da Avenida Odila Chaves Rodrigues, no Distrito FazGran, foi realizada, na manh\u00e3 deste s\u00e1bado (5), plantio de 1 mil mudas de \u00e1rvores nativas, provenientes do viveiro da Prefeitura de Jundia\u00ed, \u2013 Unidade de Desenvolvimento Ambiental (Unidam) -. O prefeito Luiz Fernando Machado e gestores do munic\u00edpio participaram da a\u00e7\u00e3o organizada pelo Coletivo Vetor Oeste.<\/p>\n\n\n\n<div class=\"wp-block-image\"><figure class=\"alignright size-medium is-resized\"><a href=\"https:\/\/tvtecjundiai.com.br\/news\/wp-content\/uploads\/sites\/2\/2021\/06\/prefeito-participa-de-plantio-de-arvores-no-jd-novo-horizonte_c_-44.jpg\"><img loading=\"lazy\" decoding=\"async\" src=\"https:\/\/tvtecjundiai.com.br\/news\/wp-content\/uploads\/sites\/2\/2021\/06\/prefeito-participa-de-plantio-de-arvores-no-jd-novo-horizonte_c_-44-300x200.jpg\" alt=\"\" class=\"wp-image-77041\" width=\"505\" height=\"337\" srcset=\"https:\/\/tvtecjundiai.com.br\/news\/wp-content\/uploads\/sites\/2\/2021\/06\/prefeito-participa-de-plantio-de-arvores-no-jd-novo-horizonte_c_-44-300x200.jpg 300w, https:\/\/tvtecjundiai.com.br\/news\/wp-content\/uploads\/sites\/2\/2021\/06\/prefeito-participa-de-plantio-de-arvores-no-jd-novo-horizonte_c_-44-768x511.jpg 768w, https:\/\/tvtecjundiai.com.br\/news\/wp-content\/uploads\/sites\/2\/2021\/06\/prefeito-participa-de-plantio-de-arvores-no-jd-novo-horizonte_c_-44.jpg 1191w\" sizes=\"auto, (max-width: 505px) 100vw, 505px\" \/><\/a><figcaption>Prefeito participou do plantio de \u00e1rvores, neste s\u00e1bado, no Vetor Oeste<\/figcaption><\/figure><\/div>\n\n\n\n<p>\u201cEsta \u00e9 uma \u00e1rea que a popula\u00e7\u00e3o elegeu como necess\u00e1ria para a arboriza\u00e7\u00e3o e que dela vai cuidar, visando \u00e0 melhoria da qualidade de vida de quem mora nesta regi\u00e3o e usufrui da avenida n\u00e3o somente para o trajeto com ve\u00edculos como para caminhadas e lazer\u201d, comentou o prefeito Luiz Fernando Machado.<\/p>\n\n\n\n<p>Acompanhando a a\u00e7\u00e3o, o gestor da Unidade de Gest\u00e3o de Planejamento Urbano e Meio Ambiente (UGPUMA), Sin\u00e9sio Scarabello Filho, ressaltou a import\u00e2ncia da arboriza\u00e7\u00e3o. \u201cA regi\u00e3o do Vetor Oeste \u00e9 a primeira a receber o Plano de Bairro, que \u00e9 uma ferramenta do Plano Diretor da cidade. A escolha pela regi\u00e3o para iniciar as tratativas foi pela participa\u00e7\u00e3o e interesse da popula\u00e7\u00e3o em discutir melhorias. O plantio de \u00e1rvores realizado hoje, conta com o apoio multiplataforma\u201d, salientou.<\/p>\n\n\n\n<p>De acordo com o gestor da Unidade de Gest\u00e3o de Governo e Finan\u00e7as (UGGF), Jos\u00e9 Antonio Parimoschi, a amplia\u00e7\u00e3o de \u00e1reas verdes garante qualidade de vida para a popula\u00e7\u00e3o e outros ganhos que nem sempre s\u00e3o identificados diretamente. \u201cA preserva\u00e7\u00e3o ambiental \u00e9 garantia de produ\u00e7\u00e3o de \u00e1gua para o futuro. Jundia\u00ed conta com planejamento e a\u00e7\u00f5es direcionadas para a Agenda 2030, que tem entre os pilares as a\u00e7\u00f5es ambientais\u201d, ressaltou.<\/p>\n\n\n\n<p>O plantio foi feito de maneira simult\u00e2nea, em etapas, com a participa\u00e7\u00e3o da popula\u00e7\u00e3o em geral e de grupos de Escoteiros Dom Gabriel e Itupeva, que fizeram o hasteamento das bandeiras antes do in\u00edcio da atividade. De acordo com o vereador e integrante do Coletivo Vetor Oeste, Edicarlos Vieira, a iniciativa atende a uma reivindica\u00e7\u00e3o da popula\u00e7\u00e3o moradora na regi\u00e3o, al\u00e9m de garantir melhor qualidade ambiental para o bairro.<\/p>\n\n\n\n<p>Participaram da atividade moradores dos bairros que comp\u00f5em o Vetor Oeste, al\u00e9m dos gestores das Unidades de Gest\u00e3o (UGs) Educa\u00e7\u00e3o (UGE), Vast\u00ed Ferrari Marques, Governo e Finan\u00e7as (UGGF), Jos\u00e9 Antonio Parimoschi, Planejamento Urbano e Meio Ambiente (UGPUMA), Sin\u00e9sio Scarabello Filho, diretor presidente da DAE, Walter da Costa e Silva, a diretora do Fundo Social de Solidariedade (Funss), Francine Picardi e o vice-prefeito Gustavo Martinelli.<\/p>\n\n\n\n<p><em>(Fonte\/Imagem: Prefeitura de Jundia\u00ed)<\/em><\/p>\n","protected":false},"excerpt":{"rendered":"<p>A\u00e7\u00e3o contou com a participa\u00e7\u00e3o da popula\u00e7\u00e3o dos bairros neste s\u00e1bado (05)<\/p>\n","protected":false},"author":17,"featured_media":77041,"comment_status":"closed","ping_status":"closed","sticky":false,"template":"","format":"standard","meta":{"footnotes":""},"categories":[29,8356,3569,1],"tags":[],"class_list":["post-77040","post","type-post","status-publish","format-standard","has-post-thumbnail","hentry","category-destaque","category-jundiai","category-meio-ambiente","category-noticias"],"_links":{"self":[{"href":"https:\/\/tvtecjundiai.com.br\/news\/wp-json\/wp\/v2\/posts\/77040","targetHints":{"allow":["GET"]}}],"collection":[{"href":"https:\/\/tvtecjundiai.com.br\/news\/wp-json\/wp\/v2\/posts"}],"about":[{"href":"https:\/\/tvtecjundiai.com.br\/news\/wp-json\/wp\/v2\/types\/post"}],"author":[{"embeddable":true,"href":"https:\/\/tvtecjundiai.com.br\/news\/wp-json\/wp\/v2\/users\/17"}],"replies":[{"embeddable":true,"href":"https:\/\/tvtecjundiai.com.br\/news\/wp-json\/wp\/v2\/comments?post=77040"}],"version-history":[{"count":1,"href":"https:\/\/tvtecjundiai.com.br\/news\/wp-json\/wp\/v2\/posts\/77040\/revisions"}],"predecessor-version":[{"id":77042,"href":"https:\/\/tvtecjundiai.com.br\/news\/wp-json\/wp\/v2\/posts\/77040\/revisions\/77042"}],"wp:featuredmedia":[{"embeddable":true,"href":"https:\/\/tvtecjundiai.com.br\/news\/wp-json\/wp\/v2\/media\/77041"}],"wp:attachment":[{"href":"https:\/\/tvtecjundiai.com.br\/news\/wp-json\/wp\/v2\/media?parent=77040"}],"wp:term":[{"taxonomy":"category","embeddable":true,"href":"https:\/\/tvtecjundiai.com.br\/news\/wp-json\/wp\/v2\/categories?post=77040"},{"taxonomy":"post_tag","embeddable":true,"href":"https:\/\/tvtecjundiai.com.br\/news\/wp-json\/wp\/v2\/tags?post=77040"}],"curies":[{"name":"wp","href":"https:\/\/api.w.org\/{rel}","templated":true}]}}