{"id":77048,"date":"2021-06-05T13:39:39","date_gmt":"2021-06-05T16:39:39","guid":{"rendered":"https:\/\/tvtecjundiai.com.br\/news\/?p=77048"},"modified":"2021-06-05T13:39:39","modified_gmt":"2021-06-05T16:39:39","slug":"no-dia-do-meio-ambiente-prefeitura-lanca-o-programa-pe-de-arvore","status":"publish","type":"post","link":"https:\/\/tvtecjundiai.com.br\/news\/2021\/06\/05\/no-dia-do-meio-ambiente-prefeitura-lanca-o-programa-pe-de-arvore\/","title":{"rendered":"No dia do Meio Ambiente, Prefeitura lan\u00e7a o programa P\u00e9 de \u00c1rvore"},"content":{"rendered":"\n<p>No Dia Mundial do Meio Ambiente, em continuidade \u00e0s atividades realizadas ao longo da Semana do Meio Ambiente, o Prefeito Luiz Fernando Machado, os gestores municipais e as crian\u00e7as que fazem parte do Comit\u00ea das Crian\u00e7as de Jundia\u00ed lan\u00e7aram o programa P\u00e9 de \u00c1rvore com o plantio de 124 mudas, em frente \u00e0 EMEB Professora Beatriz Blattner Pupo, no Jardim Novo Horizonte.<\/p>\n\n\n\n<div class=\"wp-block-image\"><figure class=\"alignleft size-medium is-resized\"><a href=\"https:\/\/tvtecjundiai.com.br\/news\/wp-content\/uploads\/sites\/2\/2021\/06\/projeto-pe-de-arvore-com-prefeito-e-comite-das-criancas_c_-75_.jpg\"><img loading=\"lazy\" decoding=\"async\" src=\"https:\/\/tvtecjundiai.com.br\/news\/wp-content\/uploads\/sites\/2\/2021\/06\/projeto-pe-de-arvore-com-prefeito-e-comite-das-criancas_c_-75_-300x200.jpg\" alt=\"\" class=\"wp-image-77049\" width=\"508\" height=\"339\" srcset=\"https:\/\/tvtecjundiai.com.br\/news\/wp-content\/uploads\/sites\/2\/2021\/06\/projeto-pe-de-arvore-com-prefeito-e-comite-das-criancas_c_-75_-300x200.jpg 300w, https:\/\/tvtecjundiai.com.br\/news\/wp-content\/uploads\/sites\/2\/2021\/06\/projeto-pe-de-arvore-com-prefeito-e-comite-das-criancas_c_-75_-1200x800.jpg 1200w, https:\/\/tvtecjundiai.com.br\/news\/wp-content\/uploads\/sites\/2\/2021\/06\/projeto-pe-de-arvore-com-prefeito-e-comite-das-criancas_c_-75_-768x512.jpg 768w, https:\/\/tvtecjundiai.com.br\/news\/wp-content\/uploads\/sites\/2\/2021\/06\/projeto-pe-de-arvore-com-prefeito-e-comite-das-criancas_c_-75_.jpg 1239w\" sizes=\"auto, (max-width: 508px) 100vw, 508px\" \/><\/a><figcaption>Integrantes do Comit\u00ea das Crian\u00e7as participaram da atividade de lan\u00e7amento do programa P\u00e9 de \u00c1rvore<\/figcaption><\/figure><\/div>\n\n\n\n<p>A a\u00e7\u00e3o \u00e9 promovida pela Unidade de Gest\u00e3o de Planejamento Urbano e Meio Ambiente (UGPUMA) e marca um dos resultados do Plano de Bairro, realizado nos primeiros meses deste ano, que promoveu a escuta dos moradores, com a apresenta\u00e7\u00e3o de diagn\u00f3stico do bairro a partir do olhar das crian\u00e7as e de seus cuidadores.&nbsp;<\/p>\n\n\n\n<p>\u201cO programa P\u00e9 de \u00c1rvore \u00e9 a primeira resposta \u00e0 consulta realizada pelo Plano de Bairro. As crian\u00e7as e os pais apontaram a falta de \u00e1rvores e consequentemente de sombras, o que se torna uma dificuldade para andar a p\u00e9, principalmente no trajeto para a escola. Em dezembro de 2019, o Comit\u00ea das Crian\u00e7as tamb\u00e9m entregou uma carta com alguns pedidos, entre eles estava \u2018reduzir a polui\u00e7\u00e3o plantando mais \u00e1rvores\u2019\u201d, contou o prefeito Luiz Fernando, que simultaneamente participou de atividade on-line da Funda\u00e7\u00e3o Serra do Japi, integrando a apresenta\u00e7\u00e3o realizada para pesquisadores com as atividades de plantio no bairro.\u00a0<\/p>\n\n\n\n<p>O programa P\u00e9 de \u00c1rvore tem por objetivo melhorar a qualidade ambiental e paisag\u00edstica dos espa\u00e7os urbanos, contribuir para a redu\u00e7\u00e3o de polui\u00e7\u00e3o do ar, sonora e visual, favorecer a sa\u00fade f\u00edsica e mental da popula\u00e7\u00e3o, incentivar a mobilidade a p\u00e9, e partir de cal\u00e7adas sombreadas e estimular a participa\u00e7\u00e3o da popula\u00e7\u00e3o na demanda e na manuten\u00e7\u00e3o das \u00e1rvores. O plantio de mais \u00e1rvores tamb\u00e9m atende aos Objetivos de Desenvolvimento Sustent\u00e1vel definidos pela ONU (Agenda 2030).<\/p>\n\n\n\n<p>\u201cOs benef\u00edcios da arboriza\u00e7\u00e3o n\u00e3o se restringem apenas ao plantio das \u00e1rvores, mas tamb\u00e9m ao envolvimento da comunidade desde o in\u00edcio e principalmente o comprometimento das pessoas para promoverem o cuidado necess\u00e1rio\u201d, afirma o gestor da UGPUMA, Sin\u00e9sio Scarabello Filho.<\/p>\n\n\n\n<p>A consulta \u00e0 popula\u00e7\u00e3o da Regi\u00e3o Oeste da cidade para elabora\u00e7\u00e3o do Plano de Bairro, apontou que: 87% dos moradores gostariam de ter mais \u00e1rvores plantadas nas cal\u00e7adas; 72% dos moradores aceitariam que uma \u00e1rvore fosse plantada em frente ou pr\u00f3ximo \u00e0 sua casa; 33% dos pais gostariam que os filhos fossem a p\u00e9 para a escola, se as condi\u00e7\u00f5es do caminho fossem melhores; 24% dos pais indicaram como dificuldades no caminho a falta de sombra; 39% das crian\u00e7as pediram mais \u00e1rvores.<\/p>\n\n\n\n<p>Integrante do Comit\u00ea das Crian\u00e7as, Samuel Gomes, 11 anos, estava animado com o plantio da muda de ip\u00ea que fez junto com o Prefeito e com os demais integrantes do grupo. \u201cMais \u00e1rvores para a cidade foi um pedido que fizemos no ano passado, durante as reuni\u00f5es do comit\u00ea. Agora, com o plantio, \u00e9 a realiza\u00e7\u00e3o do que indicamos como necessidade\u201d, comentou o garoto, que estuda na Escola Adventista.<\/p>\n\n\n\n<p><strong>P\u00e9 de \u00c1rvore<\/strong><\/p>\n\n\n\n<p>O P\u00e9 de \u00c1rvore \u00e9 uma iniciativa do Departamento de Urbanismo, da UGPUMA, realizada em parceria com as Unidades de Gest\u00e3o de Infraestrutura e Servi\u00e7os P\u00fablicos (UGISP). O programa atende toda a cidade.&nbsp;<\/p>\n\n\n\n<p>As \u00e1rvores ser\u00e3o plantadas em frente aos im\u00f3veis dos propriet\u00e1rios que autorizaram e se comprometeram a fazer a manuten\u00e7\u00e3o necess\u00e1ria. Os interessados em receber \u00e1rvores podem fazer a solicita\u00e7\u00e3o digital, no site da Prefeitura. \u201cA prepara\u00e7\u00e3o do local, plantio das mudas e instala\u00e7\u00e3o de gradil para prote\u00e7\u00e3o e de placa de identifica\u00e7\u00e3o das \u00e1rvores ficar\u00e3o a cargo das unidades da prefeitura, o mun\u00edcipe deve se comprometer a cuidar das mudas e informar sobre eventuais problemas com a \u00e1rvores\u201d, explica o gestor de Infraestrutura e Servi\u00e7os P\u00fablicos, Adilson Rosa.<\/p>\n\n\n\n<p>Ainda participaram do lan\u00e7amento do programa o vice-prefeito Gustavo Martinelli, os gestores das Unidades de Gest\u00e3o Governo e Finan\u00e7as (UGGF), Jos\u00e9 Antonio Parimoschi, de Educa\u00e7\u00e3o (UGE), Vast\u00ed Ferrari Marques e de Cultura (UGC) Marcelo Peroni, al\u00e9m do vereador Romildo Antonio.<\/p>\n\n\n\n<p><em>(Fonte\/Imagem: Prefeitura de Jundia\u00ed)<\/em><\/p>\n","protected":false},"excerpt":{"rendered":"<p>124 mudas foram plantadas no lan\u00e7amento do programa<\/p>\n","protected":false},"author":17,"featured_media":77049,"comment_status":"closed","ping_status":"closed","sticky":false,"template":"","format":"standard","meta":{"footnotes":""},"categories":[29,2828,8356,3569,1],"tags":[2893,8381],"class_list":["post-77048","post","type-post","status-publish","format-standard","has-post-thumbnail","hentry","category-destaque","category-educacao","category-jundiai","category-meio-ambiente","category-noticias","tag-arvores","tag-dia-do-meio-ambiente"],"_links":{"self":[{"href":"https:\/\/tvtecjundiai.com.br\/news\/wp-json\/wp\/v2\/posts\/77048","targetHints":{"allow":["GET"]}}],"collection":[{"href":"https:\/\/tvtecjundiai.com.br\/news\/wp-json\/wp\/v2\/posts"}],"about":[{"href":"https:\/\/tvtecjundiai.com.br\/news\/wp-json\/wp\/v2\/types\/post"}],"author":[{"embeddable":true,"href":"https:\/\/tvtecjundiai.com.br\/news\/wp-json\/wp\/v2\/users\/17"}],"replies":[{"embeddable":true,"href":"https:\/\/tvtecjundiai.com.br\/news\/wp-json\/wp\/v2\/comments?post=77048"}],"version-history":[{"count":1,"href":"https:\/\/tvtecjundiai.com.br\/news\/wp-json\/wp\/v2\/posts\/77048\/revisions"}],"predecessor-version":[{"id":77050,"href":"https:\/\/tvtecjundiai.com.br\/news\/wp-json\/wp\/v2\/posts\/77048\/revisions\/77050"}],"wp:featuredmedia":[{"embeddable":true,"href":"https:\/\/tvtecjundiai.com.br\/news\/wp-json\/wp\/v2\/media\/77049"}],"wp:attachment":[{"href":"https:\/\/tvtecjundiai.com.br\/news\/wp-json\/wp\/v2\/media?parent=77048"}],"wp:term":[{"taxonomy":"category","embeddable":true,"href":"https:\/\/tvtecjundiai.com.br\/news\/wp-json\/wp\/v2\/categories?post=77048"},{"taxonomy":"post_tag","embeddable":true,"href":"https:\/\/tvtecjundiai.com.br\/news\/wp-json\/wp\/v2\/tags?post=77048"}],"curies":[{"name":"wp","href":"https:\/\/api.w.org\/{rel}","templated":true}]}}