{"id":77068,"date":"2021-06-05T17:30:33","date_gmt":"2021-06-05T20:30:33","guid":{"rendered":"https:\/\/tvtecjundiai.com.br\/news\/?p=77068"},"modified":"2021-06-05T17:30:33","modified_gmt":"2021-06-05T20:30:33","slug":"covid-19-com-dia-d-e-vacinacao-30-com-comorbidades-48-mil-doses-sao-aplicadas-neste-sabado-em-jundiai","status":"publish","type":"post","link":"https:\/\/tvtecjundiai.com.br\/news\/2021\/06\/05\/covid-19-com-dia-d-e-vacinacao-30-com-comorbidades-48-mil-doses-sao-aplicadas-neste-sabado-em-jundiai\/","title":{"rendered":"Covid-19: Com \u2018Dia D\u2019 e vacina\u00e7\u00e3o 30+ com comorbidades, 4,8 mil doses s\u00e3o aplicadas neste s\u00e1bado em Jundia\u00ed"},"content":{"rendered":"\n<p>A Prefeitura de Jundia\u00ed organizou oito postos para o atendimento \u00e0 vacina\u00e7\u00e3o contra a COVID-19, neste s\u00e1bado (5), com aplica\u00e7\u00e3o da primeira dose para pessoas com 30 anos ou mais e comorbidades al\u00e9m daqueles que estavam com a segunda dose atrasada. Ao todo, 4,8 mil doses foram aplicadas na cidade. Em todos os pontos, a Campanha Vacina\u00e7\u00e3o Solid\u00e1ria foi realizada, para a arrecada\u00e7\u00e3o de alimentos para o atendimento \u00e0s fam\u00edlias em situa\u00e7\u00e3o de vulnerabilidade do munic\u00edpio, a partir do Fundo Social de Solidariedade (Funss).<\/p>\n\n\n\n<div class=\"wp-block-image\"><figure class=\"alignright size-medium is-resized\"><a href=\"https:\/\/tvtecjundiai.com.br\/news\/wp-content\/uploads\/sites\/2\/2021\/06\/vacinacao-covid-19-no-aramis-polli_c_-43.jpg\"><img loading=\"lazy\" decoding=\"async\" src=\"https:\/\/tvtecjundiai.com.br\/news\/wp-content\/uploads\/sites\/2\/2021\/06\/vacinacao-covid-19-no-aramis-polli_c_-43-300x200.jpg\" alt=\"\" class=\"wp-image-77069\" width=\"499\" height=\"333\" srcset=\"https:\/\/tvtecjundiai.com.br\/news\/wp-content\/uploads\/sites\/2\/2021\/06\/vacinacao-covid-19-no-aramis-polli_c_-43-300x200.jpg 300w, https:\/\/tvtecjundiai.com.br\/news\/wp-content\/uploads\/sites\/2\/2021\/06\/vacinacao-covid-19-no-aramis-polli_c_-43-768x512.jpg 768w, https:\/\/tvtecjundiai.com.br\/news\/wp-content\/uploads\/sites\/2\/2021\/06\/vacinacao-covid-19-no-aramis-polli_c_-43.jpg 1165w\" sizes=\"auto, (max-width: 499px) 100vw, 499px\" \/><\/a><figcaption>Pessoas com 30 anos ou mais com comorbidades tiveram a aplica\u00e7\u00e3o iniciada neste s\u00e1bado (5); demais agendados seguem o atendimento na pr\u00f3xima semana<\/figcaption><\/figure><\/div>\n\n\n\n<p>Ao longo do s\u00e1bado, as pessoas agendadas para o atendimento receberam a aplica\u00e7\u00e3o nos postos escolhidos. No Complexo Educacional, Cultural e Esportivo (CECE) Aramis Polli, na Vila Hortol\u00e2ndia, 900 pessoas estavam agendadas para o atendimento no local. \u201cA primeira aplica\u00e7\u00e3o teve boa ades\u00e3o entre a popula\u00e7\u00e3o com 30 anos ou mais com comorbidades. A partir da pr\u00f3xima semana, a aplica\u00e7\u00e3o come\u00e7a para pessoas com idade a partir de 18 anos com comorbidades. Com este grupo, se encerra a primeira fase de vacina\u00e7\u00e3o contra a COVID-19\u201d, comenta a a enfermeira coordenadora da Vigil\u00e2ncia Epidemiol\u00f3gica (VE) da Unidade de Gest\u00e3o de Promo\u00e7\u00e3o da Sa\u00fade (UGPS), Maria do Carmo Possidente.<\/p>\n\n\n\n<p><strong>Segunda Dose<\/strong><\/p>\n\n\n\n<p>Apesar da expectativa da VE contabilizar perto de 2 mil pessoas com atraso na aplica\u00e7\u00e3o da segunda dose contra a COVID-19, 183 compareceram aos postos para a aplica\u00e7\u00e3o. \u201cO quantitativo foi inferior ao estimado, por\u00e9m, as equipes realizaram a busca ativa para todos os usu\u00e1rios em atraso, informando sobre a import\u00e2ncia da segunda aplica\u00e7\u00e3o e como proceder\u201d, detalha.<\/p>\n\n\n\n<p>A doen\u00e7a foi o motivo de Maria Melato, moradora na Col\u00f4nia, ter perdido a aplica\u00e7\u00e3o da segunda dose de Coronavac. \u201cHoje completa exatamente um m\u00eas que peguei o Coronav\u00edrus. Quando deu o prazo da segunda aplica\u00e7\u00e3o, eu n\u00e3o podia tomar. Com essa a\u00e7\u00e3o, consegui tomar e estou mais tranquila\u201d, comenta a idosa.<\/p>\n\n\n\n<p>Apesar de n\u00e3o ter tido a COVID-19, Pedro Bueno, 72 anos, tamb\u00e9m perdeu o prazo da aplica\u00e7\u00e3o. \u201cQuanto fui tomar a segunda dose estava com tosse e uma dor de garganta. Fui indicado a esperar. Hoje, ligaram para mim e consegui vir \u00e0 Unidade de Sa\u00fade para receber. Essa situa\u00e7\u00e3o n\u00e3o est\u00e1 para brincadeira. Agora estou mais tranquilo, mas ainda tenho de me cuidar e usar a m\u00e1scara\u201d, explica o idoso, ap\u00f3s receber a segunda dose.<\/p>\n\n\n\n<div class=\"wp-block-image\"><figure class=\"alignleft size-medium is-resized\"><a href=\"https:\/\/tvtecjundiai.com.br\/news\/wp-content\/uploads\/sites\/2\/2021\/06\/maria-melato.jpeg\"><img loading=\"lazy\" decoding=\"async\" src=\"https:\/\/tvtecjundiai.com.br\/news\/wp-content\/uploads\/sites\/2\/2021\/06\/maria-melato-300x225.jpeg\" alt=\"\" class=\"wp-image-77070\" width=\"506\" height=\"380\" srcset=\"https:\/\/tvtecjundiai.com.br\/news\/wp-content\/uploads\/sites\/2\/2021\/06\/maria-melato-300x225.jpeg 300w, https:\/\/tvtecjundiai.com.br\/news\/wp-content\/uploads\/sites\/2\/2021\/06\/maria-melato-1200x900.jpeg 1200w, https:\/\/tvtecjundiai.com.br\/news\/wp-content\/uploads\/sites\/2\/2021\/06\/maria-melato-768x576.jpeg 768w, https:\/\/tvtecjundiai.com.br\/news\/wp-content\/uploads\/sites\/2\/2021\/06\/maria-melato.jpeg 1280w\" sizes=\"auto, (max-width: 506px) 100vw, 506px\" \/><\/a><figcaption>Dona Maria Melato precisou esperar para tomar a segunda dose, pois passou pela COVID-19 no per\u00edodo de aguado para a aplica\u00e7\u00e3o<\/figcaption><\/figure><\/div>\n\n\n\n<p>Dona Silvana Xavier, 69 anos, ficou 11 dias internada por conta da COVID-19. Passou outros 20 dias em casa, em interna\u00e7\u00e3o domiciliar. Neste s\u00e1bado pode comparecer \u00e0 UBS para completar a vacina\u00e7\u00e3o. \u201cEu e meu marido pegamos a COVID-19. Eu fiquei muito ruim. Precisei ficar internada no S\u00e3o Vicente. Agora estamos bem e completamos a vacina que estava atrasada h\u00e1 quase um m\u00eas\u201d, comenta a idosa, moradora na regi\u00e3o da Vila Argos.<\/p>\n\n\n\n<p><strong>Vacina\u00e7\u00e3o Solid\u00e1ria<br><\/strong>A campanha Vacina\u00e7\u00e3o Solid\u00e1ria permanece em todos os postos de aplica\u00e7\u00e3o das doses contra a COVID-19. Quem puder doar um quilo de alimento n\u00e3o perec\u00edvel pode faz\u00ea-lo no dia em que for receber a aplica\u00e7\u00e3o da vacina. As doa\u00e7\u00f5es ser\u00e3o encaminhadas ao Fundo Social de Solidariedade (Funss) de Jundia\u00ed e atendem fam\u00edlias em situa\u00e7\u00e3o de vulnerabilidade social. Por m\u00eas, cerca de 6 mil cestas s\u00e3o entregues a entidades e diretamente \u00e0s fam\u00edlias cadastradas pela Unidade de Gest\u00e3o de Assist\u00eancia e Desenvolvimento Social (UGADS). Para a manuten\u00e7\u00e3o do atendimento mensal s\u00e3o necess\u00e1rios 90 mil quilos de alimentos todos os meses.<\/p>\n\n\n\n<p><em>(Fonte\/Imagem: Prefeitura de Jundia\u00ed)<\/em><\/p>\n","protected":false},"excerpt":{"rendered":"<p>Diversos pontos da cidade foram postos de aplica\u00e7\u00e3o da campanha<\/p>\n","protected":false},"author":17,"featured_media":77069,"comment_status":"closed","ping_status":"closed","sticky":false,"template":"","format":"standard","meta":{"footnotes":""},"categories":[8356,1,2839],"tags":[],"class_list":["post-77068","post","type-post","status-publish","format-standard","has-post-thumbnail","hentry","category-jundiai","category-noticias","category-saude"],"_links":{"self":[{"href":"https:\/\/tvtecjundiai.com.br\/news\/wp-json\/wp\/v2\/posts\/77068","targetHints":{"allow":["GET"]}}],"collection":[{"href":"https:\/\/tvtecjundiai.com.br\/news\/wp-json\/wp\/v2\/posts"}],"about":[{"href":"https:\/\/tvtecjundiai.com.br\/news\/wp-json\/wp\/v2\/types\/post"}],"author":[{"embeddable":true,"href":"https:\/\/tvtecjundiai.com.br\/news\/wp-json\/wp\/v2\/users\/17"}],"replies":[{"embeddable":true,"href":"https:\/\/tvtecjundiai.com.br\/news\/wp-json\/wp\/v2\/comments?post=77068"}],"version-history":[{"count":1,"href":"https:\/\/tvtecjundiai.com.br\/news\/wp-json\/wp\/v2\/posts\/77068\/revisions"}],"predecessor-version":[{"id":77071,"href":"https:\/\/tvtecjundiai.com.br\/news\/wp-json\/wp\/v2\/posts\/77068\/revisions\/77071"}],"wp:featuredmedia":[{"embeddable":true,"href":"https:\/\/tvtecjundiai.com.br\/news\/wp-json\/wp\/v2\/media\/77069"}],"wp:attachment":[{"href":"https:\/\/tvtecjundiai.com.br\/news\/wp-json\/wp\/v2\/media?parent=77068"}],"wp:term":[{"taxonomy":"category","embeddable":true,"href":"https:\/\/tvtecjundiai.com.br\/news\/wp-json\/wp\/v2\/categories?post=77068"},{"taxonomy":"post_tag","embeddable":true,"href":"https:\/\/tvtecjundiai.com.br\/news\/wp-json\/wp\/v2\/tags?post=77068"}],"curies":[{"name":"wp","href":"https:\/\/api.w.org\/{rel}","templated":true}]}}