{"id":77072,"date":"2021-06-05T18:21:44","date_gmt":"2021-06-05T21:21:44","guid":{"rendered":"https:\/\/tvtecjundiai.com.br\/news\/?p=77072"},"modified":"2021-06-05T18:21:44","modified_gmt":"2021-06-05T21:21:44","slug":"jardim-botanico-recebe-acao-de-orientacao-sobre-queimadas-no-dia-do-meio-ambiente","status":"publish","type":"post","link":"https:\/\/tvtecjundiai.com.br\/news\/2021\/06\/05\/jardim-botanico-recebe-acao-de-orientacao-sobre-queimadas-no-dia-do-meio-ambiente\/","title":{"rendered":"Jardim Bot\u00e2nico recebe a\u00e7\u00e3o de orienta\u00e7\u00e3o sobre queimadas no Dia do Meio Ambiente"},"content":{"rendered":"\n<p>As pessoas que circularam pelo Jardim Bot\u00e2nico de Jundia\u00ed neste s\u00e1bado (5) puderam receber orienta\u00e7\u00f5es das equipes do 19\u00ba Grupamento do Corpo de Bombeiros sobre queimadas. A a\u00e7\u00e3o, realizada no Dia Mundial do Meio Ambiente, contou com o apoio das Unidades de Gest\u00e3o de Infraestrutura e Servi\u00e7os P\u00fabicos (UGISP) e Planejamento Urbano e Meio Ambiente (UGPUMA).<\/p>\n\n\n\n<div class=\"wp-block-image\"><figure class=\"alignleft size-medium is-resized\"><a href=\"https:\/\/tvtecjundiai.com.br\/news\/wp-content\/uploads\/sites\/2\/2021\/06\/bombeiro1.jpeg\"><img loading=\"lazy\" decoding=\"async\" src=\"https:\/\/tvtecjundiai.com.br\/news\/wp-content\/uploads\/sites\/2\/2021\/06\/bombeiro1-300x225.jpeg\" alt=\"\" class=\"wp-image-77073\" width=\"494\" height=\"371\" srcset=\"https:\/\/tvtecjundiai.com.br\/news\/wp-content\/uploads\/sites\/2\/2021\/06\/bombeiro1-300x225.jpeg 300w, https:\/\/tvtecjundiai.com.br\/news\/wp-content\/uploads\/sites\/2\/2021\/06\/bombeiro1-1200x900.jpeg 1200w, https:\/\/tvtecjundiai.com.br\/news\/wp-content\/uploads\/sites\/2\/2021\/06\/bombeiro1-768x576.jpeg 768w, https:\/\/tvtecjundiai.com.br\/news\/wp-content\/uploads\/sites\/2\/2021\/06\/bombeiro1.jpeg 1280w\" sizes=\"auto, (max-width: 494px) 100vw, 494px\" \/><\/a><figcaption>Orienta\u00e7\u00e3o foi realizada no Jardim Bot\u00e2nico de Jundia\u00ed para popula\u00e7\u00e3o e feirantes do espa\u00e7o org\u00e2nico<\/figcaption><\/figure><\/div>\n\n\n\n<p>De acordo com o diretor de Meio Ambiente da UGPUMA, Wagner de Paiva, a atividade colabora para a dissemina\u00e7\u00e3o de informa\u00e7\u00f5es preventivas. \u201cEsta \u00e9 mais uma importante a\u00e7\u00e3o de educa\u00e7\u00e3o ambiental em continuidade as a\u00e7\u00f5es da Opera\u00e7\u00e3o Estiagem e pelo Dia do Meio Ambiente. Somente com a conscientiza\u00e7\u00e3o da popula\u00e7\u00e3o quanto aos riscos ocasionados pelas queimadas \u00e9 que conseguiremos reduzir as ocorr\u00eancias\u201d, comenta.<\/p>\n\n\n\n<p>O tenente Fl\u00e1vio Medrado, do Corpo de Bombeiros de Jundia\u00ed, destaca a import\u00e2ncia da a\u00e7\u00e3o. \u201cNeste Dia do Meio Ambiente as equipes de combate a queimadas vieram alertar a popula\u00e7\u00e3o da import\u00e2ncia de todos na preven\u00e7\u00e3o aos focos de inc\u00eandio, relembrar que \u00e9 crime a soltura de bal\u00f5es e disponibilizar um material educativo e que pode ser compartilhado\u201d, detalhou.<\/p>\n\n\n\n<p><em>(Fonte\/Imagem: Prefeitura de Jundia\u00ed)<\/em><\/p>\n","protected":false},"excerpt":{"rendered":"<p>Orienta\u00e7\u00e3o foi realizada no Jardim Bot\u00e2nico de Jundia\u00ed para popula\u00e7\u00e3o e feirantes do espa\u00e7o org\u00e2nico<\/p>\n","protected":false},"author":17,"featured_media":77073,"comment_status":"closed","ping_status":"closed","sticky":false,"template":"","format":"standard","meta":{"footnotes":""},"categories":[8356,3569,1,2839],"tags":[],"class_list":["post-77072","post","type-post","status-publish","format-standard","has-post-thumbnail","hentry","category-jundiai","category-meio-ambiente","category-noticias","category-saude"],"_links":{"self":[{"href":"https:\/\/tvtecjundiai.com.br\/news\/wp-json\/wp\/v2\/posts\/77072","targetHints":{"allow":["GET"]}}],"collection":[{"href":"https:\/\/tvtecjundiai.com.br\/news\/wp-json\/wp\/v2\/posts"}],"about":[{"href":"https:\/\/tvtecjundiai.com.br\/news\/wp-json\/wp\/v2\/types\/post"}],"author":[{"embeddable":true,"href":"https:\/\/tvtecjundiai.com.br\/news\/wp-json\/wp\/v2\/users\/17"}],"replies":[{"embeddable":true,"href":"https:\/\/tvtecjundiai.com.br\/news\/wp-json\/wp\/v2\/comments?post=77072"}],"version-history":[{"count":1,"href":"https:\/\/tvtecjundiai.com.br\/news\/wp-json\/wp\/v2\/posts\/77072\/revisions"}],"predecessor-version":[{"id":77074,"href":"https:\/\/tvtecjundiai.com.br\/news\/wp-json\/wp\/v2\/posts\/77072\/revisions\/77074"}],"wp:featuredmedia":[{"embeddable":true,"href":"https:\/\/tvtecjundiai.com.br\/news\/wp-json\/wp\/v2\/media\/77073"}],"wp:attachment":[{"href":"https:\/\/tvtecjundiai.com.br\/news\/wp-json\/wp\/v2\/media?parent=77072"}],"wp:term":[{"taxonomy":"category","embeddable":true,"href":"https:\/\/tvtecjundiai.com.br\/news\/wp-json\/wp\/v2\/categories?post=77072"},{"taxonomy":"post_tag","embeddable":true,"href":"https:\/\/tvtecjundiai.com.br\/news\/wp-json\/wp\/v2\/tags?post=77072"}],"curies":[{"name":"wp","href":"https:\/\/api.w.org\/{rel}","templated":true}]}}