{"id":77075,"date":"2021-06-05T18:45:10","date_gmt":"2021-06-05T21:45:10","guid":{"rendered":"https:\/\/tvtecjundiai.com.br\/news\/?p=77075"},"modified":"2021-06-05T18:45:46","modified_gmt":"2021-06-05T21:45:46","slug":"morre-aos-70-anos-o-socio-diretor-da-rede-boa-supermercados-jose-olivio-boa","status":"publish","type":"post","link":"https:\/\/tvtecjundiai.com.br\/news\/2021\/06\/05\/morre-aos-70-anos-o-socio-diretor-da-rede-boa-supermercados-jose-olivio-boa\/","title":{"rendered":"Morre aos 70 anos o s\u00f3cio-diretor da rede Boa Supermercados, Jos\u00e9 Ol\u00edvio Boa"},"content":{"rendered":"\n<p>Ap\u00f3s sentir-se mal, faleceu na \u00faltima sexta-feira (04) o empres\u00e1rio Jos\u00e9 Ol\u00edvio Boa, conhecido como \u201cNim\u201d, aos 70 anos. Ele era s\u00f3cio e diretor da rede de supermercados Boa \/ Emp\u00f3rio Dom Ol\u00edvio, fundada em Jundia\u00ed em 1973 com sua primeira unidade no bairro da Vila Hortol\u00e2ndia.<\/p>\n\n\n\n<div class=\"wp-block-image\"><figure class=\"alignright size-medium is-resized\"><a href=\"https:\/\/tvtecjundiai.com.br\/news\/wp-content\/uploads\/sites\/2\/2021\/06\/193536263_2578625512432792_5976642046241632877_n.jpg\"><img loading=\"lazy\" decoding=\"async\" src=\"https:\/\/tvtecjundiai.com.br\/news\/wp-content\/uploads\/sites\/2\/2021\/06\/193536263_2578625512432792_5976642046241632877_n-300x300.jpg\" alt=\"\" class=\"wp-image-77076\" width=\"450\" height=\"450\" srcset=\"https:\/\/tvtecjundiai.com.br\/news\/wp-content\/uploads\/sites\/2\/2021\/06\/193536263_2578625512432792_5976642046241632877_n-300x300.jpg 300w, https:\/\/tvtecjundiai.com.br\/news\/wp-content\/uploads\/sites\/2\/2021\/06\/193536263_2578625512432792_5976642046241632877_n-100x100.jpg 100w, https:\/\/tvtecjundiai.com.br\/news\/wp-content\/uploads\/sites\/2\/2021\/06\/193536263_2578625512432792_5976642046241632877_n-768x768.jpg 768w, https:\/\/tvtecjundiai.com.br\/news\/wp-content\/uploads\/sites\/2\/2021\/06\/193536263_2578625512432792_5976642046241632877_n.jpg 843w\" sizes=\"auto, (max-width: 450px) 100vw, 450px\" \/><\/a><\/figure><\/div>\n\n\n\n<p>Seu corpo foi velado na tarde de s\u00e1bado (5) no Vel\u00f3rio Municipal Adamastor Fernandes, sendo sepultado no cemit\u00e9rio Nossa Senhora do Desterro.<\/p>\n\n\n\n<p>Por meio das redes sociais, a empresa emitiu um comunicado oficial:<\/p>\n\n\n\n<p>\u201cQueremos agradecer a Deus por todo aprendizado e legado que nosso S\u00f3cio e Diretor Jos\u00e9 Ol\u00edvio Boa (Nim) nos deixou. Sorriso nos l\u00e1bios, atento a tudo, generoso, dono de uma humildade que impressionava, conciliador, trabalhador incans\u00e1vel e&nbsp; acima de tudo um ser humano incr\u00edvel.<\/p>\n\n\n\n<p>Desde o Armaz\u00e9m Santa Rosa, o Nim esteve conosco ativamente, fez esta empresa chegar at\u00e9 aqui e participando de cada etapa. Temos muito orgulho e gratid\u00e3o por tudo que aprendemos com sua conviv\u00eancia e pelo legado que nos deixa.<\/p>\n\n\n\n<p>Siga em paz querido Nim!<\/p>\n\n\n\n<p>Nosso agradecimento e saudades: fam\u00edlia, amigos, colaboradores e fornecedores.\u201d.<\/p>\n\n\n\n<p><em>(Fonte\/Imagem: Supermercados Boa)<\/em><\/p>\n","protected":false},"excerpt":{"rendered":"<p>Empres\u00e1rio sentiu-se mal na \u00faltima sexta-feira (04) antes de falecer<\/p>\n","protected":false},"author":17,"featured_media":77078,"comment_status":"closed","ping_status":"closed","sticky":false,"template":"","format":"standard","meta":{"footnotes":""},"categories":[3060,8356,1],"tags":[],"class_list":["post-77075","post","type-post","status-publish","format-standard","has-post-thumbnail","hentry","category-geral","category-jundiai","category-noticias"],"_links":{"self":[{"href":"https:\/\/tvtecjundiai.com.br\/news\/wp-json\/wp\/v2\/posts\/77075","targetHints":{"allow":["GET"]}}],"collection":[{"href":"https:\/\/tvtecjundiai.com.br\/news\/wp-json\/wp\/v2\/posts"}],"about":[{"href":"https:\/\/tvtecjundiai.com.br\/news\/wp-json\/wp\/v2\/types\/post"}],"author":[{"embeddable":true,"href":"https:\/\/tvtecjundiai.com.br\/news\/wp-json\/wp\/v2\/users\/17"}],"replies":[{"embeddable":true,"href":"https:\/\/tvtecjundiai.com.br\/news\/wp-json\/wp\/v2\/comments?post=77075"}],"version-history":[{"count":3,"href":"https:\/\/tvtecjundiai.com.br\/news\/wp-json\/wp\/v2\/posts\/77075\/revisions"}],"predecessor-version":[{"id":77081,"href":"https:\/\/tvtecjundiai.com.br\/news\/wp-json\/wp\/v2\/posts\/77075\/revisions\/77081"}],"wp:featuredmedia":[{"embeddable":true,"href":"https:\/\/tvtecjundiai.com.br\/news\/wp-json\/wp\/v2\/media\/77078"}],"wp:attachment":[{"href":"https:\/\/tvtecjundiai.com.br\/news\/wp-json\/wp\/v2\/media?parent=77075"}],"wp:term":[{"taxonomy":"category","embeddable":true,"href":"https:\/\/tvtecjundiai.com.br\/news\/wp-json\/wp\/v2\/categories?post=77075"},{"taxonomy":"post_tag","embeddable":true,"href":"https:\/\/tvtecjundiai.com.br\/news\/wp-json\/wp\/v2\/tags?post=77075"}],"curies":[{"name":"wp","href":"https:\/\/api.w.org\/{rel}","templated":true}]}}