{"id":7708,"date":"2018-03-20T12:28:55","date_gmt":"2018-03-20T15:28:55","guid":{"rendered":"https:\/\/tvtecjundiai.com.br\/news\/?p=7708"},"modified":"2018-03-20T12:29:36","modified_gmt":"2018-03-20T15:29:36","slug":"cidades-curso-de-eletricista-basico-tera-inscricoes-nesta-quinta-feira-22","status":"publish","type":"post","link":"https:\/\/tvtecjundiai.com.br\/news\/2018\/03\/20\/cidades-curso-de-eletricista-basico-tera-inscricoes-nesta-quinta-feira-22\/","title":{"rendered":"Cidades: curso de Eletricista B\u00e1sico ter\u00e1 inscri\u00e7\u00f5es nesta quinta-feira (22)"},"content":{"rendered":"<div id=\"attachment_7710\" style=\"width: 410px\" class=\"wp-caption alignright\"><a href=\"https:\/\/tvtecjundiai.com.br\/news\/wp-content\/uploads\/sites\/2\/2018\/03\/curso-de-eletricista-tem-como-foco-a-instacao-residencial.jpg\"><img loading=\"lazy\" decoding=\"async\" aria-describedby=\"caption-attachment-7710\" class=\"wp-image-7710\" src=\"https:\/\/tvtecjundiai.com.br\/news\/wp-content\/uploads\/sites\/2\/2018\/03\/curso-de-eletricista-tem-como-foco-a-instacao-residencial-300x200.jpg\" alt=\"\" width=\"400\" height=\"267\" srcset=\"https:\/\/tvtecjundiai.com.br\/news\/wp-content\/uploads\/sites\/2\/2018\/03\/curso-de-eletricista-tem-como-foco-a-instacao-residencial-300x200.jpg 300w, https:\/\/tvtecjundiai.com.br\/news\/wp-content\/uploads\/sites\/2\/2018\/03\/curso-de-eletricista-tem-como-foco-a-instacao-residencial-768x512.jpg 768w, https:\/\/tvtecjundiai.com.br\/news\/wp-content\/uploads\/sites\/2\/2018\/03\/curso-de-eletricista-tem-como-foco-a-instacao-residencial-1200x800.jpg 1200w, https:\/\/tvtecjundiai.com.br\/news\/wp-content\/uploads\/sites\/2\/2018\/03\/curso-de-eletricista-tem-como-foco-a-instacao-residencial.jpg 1280w\" sizes=\"auto, (max-width: 400px) 100vw, 400px\" \/><\/a><p id=\"caption-attachment-7710\" class=\"wp-caption-text\">O curso de Eletricista B\u00e1sico come\u00e7ar\u00e1 no dia 02 de abril e terminar\u00e1 no dia 26 de abril<\/p><\/div>\n<p>O Fundo Social de Solidariedade de Jundia\u00ed (Funss) abrir\u00e1, nesta quinta-feira (22), inscri\u00e7\u00f5es para o curso de Eletricista B\u00e1sico. No total, ser\u00e3o 20 vagas para pessoas com 16 anos ou mais, residentes em Jundia\u00ed e com Ensino Fundamental completo. N\u00e3o poder\u00e3o participar alunos matriculados em cursos em andamento.<\/p>\n<p>O hor\u00e1rio das matr\u00edculas ser\u00e1 das 13h30 \u00e0s 16h30. As senhas ser\u00e3o entregues por ordem de chegada, a partir das 13h30 e distribu\u00eddas at\u00e9 o preenchimento de todas as vagas. Para participar \u00e9 preciso ir pessoalmente ao Funss, que fica dentro do Parque da Uva, com acesso pela avenida Dona Manoela Lacerda de Vergueiro, s\/n, port\u00e3o 03, bairro Anhangaba\u00fa.<\/p>\n<p><strong>LEIA TAMB\u00c9M<\/strong><br \/>\n<a href=\"https:\/\/tvtecjundiai.com.br\/news\/2018\/03\/20\/cidades-cursos-do-funss-tem-a-atencao-de-empresarios\/\">Cursos do Funss chamam a aten\u00e7\u00e3o de empres\u00e1rios<\/a><\/p>\n<p>No momento da inscri\u00e7\u00e3o \u00e9 preciso apresentar originais e c\u00f3pias do RG, CPF e Comprovante de Resid\u00eancia, que necessariamente deve ser o Carn\u00ea de IPTU de Jundia\u00ed ou uma conta de \u00e1gua, luz ou telefone em nome do aluno e tamb\u00e9m:<\/p>\n<ul>\n<li><strong>RG ou Certid\u00e3o de Nascimento<\/strong>: quando o comprovante estiver em nome dos pais;<\/li>\n<li><strong>Certid\u00e3o de Casamento<\/strong>: quando o comprovante estiver em nome do c\u00f4njuge;<\/li>\n<li><strong>Contrato de Loca\u00e7\u00e3o<\/strong>: quando o contrato estiver em nome do aluno;<\/li>\n<li><strong>Contrato de Loca\u00e7\u00e3o + Certid\u00e3o de Casamento<\/strong>: quando o contrato estiver em nome do c\u00f4njuge.<\/li>\n<\/ul>\n<p>O curso de Eletricista B\u00e1sico come\u00e7ar\u00e1 no dia 02 de abril e terminar\u00e1 no dia 26 de abril. As aulas ser\u00e3o ministradas de segunda a quinta-feira, das 8h \u00e0s 12h, no Fundo Social de Solidariedade. Informa\u00e7\u00f5es pelo telefone (11) 4521-2762, 4521-2929 e 4521-6833.<\/p>\n","protected":false},"excerpt":{"rendered":"<p>Curso tem in\u00edcio no dia 02 de abril e termina em 26 de abril<\/p>\n","protected":false},"author":10,"featured_media":7710,"comment_status":"closed","ping_status":"closed","sticky":false,"template":"","format":"standard","meta":{"footnotes":""},"categories":[29,1],"tags":[60,261,1374,62,5,15],"class_list":["post-7708","post","type-post","status-publish","format-standard","has-post-thumbnail","hentry","category-destaque","category-noticias","tag-curso-de-eletricista","tag-eletricista","tag-fundo-social-de-solidariedade-funss","tag-funss","tag-jundiai","tag-tvtec"],"_links":{"self":[{"href":"https:\/\/tvtecjundiai.com.br\/news\/wp-json\/wp\/v2\/posts\/7708","targetHints":{"allow":["GET"]}}],"collection":[{"href":"https:\/\/tvtecjundiai.com.br\/news\/wp-json\/wp\/v2\/posts"}],"about":[{"href":"https:\/\/tvtecjundiai.com.br\/news\/wp-json\/wp\/v2\/types\/post"}],"author":[{"embeddable":true,"href":"https:\/\/tvtecjundiai.com.br\/news\/wp-json\/wp\/v2\/users\/10"}],"replies":[{"embeddable":true,"href":"https:\/\/tvtecjundiai.com.br\/news\/wp-json\/wp\/v2\/comments?post=7708"}],"version-history":[{"count":2,"href":"https:\/\/tvtecjundiai.com.br\/news\/wp-json\/wp\/v2\/posts\/7708\/revisions"}],"predecessor-version":[{"id":7712,"href":"https:\/\/tvtecjundiai.com.br\/news\/wp-json\/wp\/v2\/posts\/7708\/revisions\/7712"}],"wp:featuredmedia":[{"embeddable":true,"href":"https:\/\/tvtecjundiai.com.br\/news\/wp-json\/wp\/v2\/media\/7710"}],"wp:attachment":[{"href":"https:\/\/tvtecjundiai.com.br\/news\/wp-json\/wp\/v2\/media?parent=7708"}],"wp:term":[{"taxonomy":"category","embeddable":true,"href":"https:\/\/tvtecjundiai.com.br\/news\/wp-json\/wp\/v2\/categories?post=7708"},{"taxonomy":"post_tag","embeddable":true,"href":"https:\/\/tvtecjundiai.com.br\/news\/wp-json\/wp\/v2\/tags?post=7708"}],"curies":[{"name":"wp","href":"https:\/\/api.w.org\/{rel}","templated":true}]}}