{"id":77117,"date":"2021-06-07T11:25:42","date_gmt":"2021-06-07T14:25:42","guid":{"rendered":"https:\/\/tvtecjundiai.com.br\/news\/?p=77117"},"modified":"2021-06-07T11:25:42","modified_gmt":"2021-06-07T14:25:42","slug":"covid-19-jundiai-abre-agendamento-para-pessoas-com-comorbidades-acima-de-18-anos-na-terca-08","status":"publish","type":"post","link":"https:\/\/tvtecjundiai.com.br\/news\/2021\/06\/07\/covid-19-jundiai-abre-agendamento-para-pessoas-com-comorbidades-acima-de-18-anos-na-terca-08\/","title":{"rendered":"COVID-19: Jundia\u00ed abre agendamento para pessoas com comorbidades acima de 18 anos na ter\u00e7a (08)"},"content":{"rendered":"\n<p>A segunda etapa de agendamento para vacina\u00e7\u00e3o de pessoas com 18 anos ou mais com comorbidades contra a COVID-19, em primeira dose, ser\u00e1 aberta na ter\u00e7a-feira (08), \u00e0s 11h. O p\u00fablico encerra a primeira fase da campanha contra o Novo Coronav\u00edrus.<\/p>\n\n\n\n<p>De acordo com a enfermeira e coordenadora da Vigil\u00e2ncia Epidemiol\u00f3gica (VE) da Unidade de Gest\u00e3o de Promo\u00e7\u00e3o de Sa\u00fade (UGPS) da Prefeitura de Jundia\u00ed, Maria do Carmo Possidente, o agendamento contempla a todas as pessoas com comorbidades acima de 18 anos que ainda n\u00e3o tenham recebido a primeira dose de vacina contra a COVID-19.<\/p>\n\n\n\n<p>O atendimento ser\u00e1 realizado em postos fixos a ser escolhido pelo usu\u00e1rio durante o agendamento.<\/p>\n\n\n\n<div class=\"wp-block-image\"><figure class=\"aligncenter size-large\"><img loading=\"lazy\" decoding=\"async\" width=\"1088\" height=\"726\" src=\"https:\/\/tvtecjundiai.com.br\/news\/wp-content\/uploads\/sites\/2\/2021\/06\/vacinacao-covid-19-no-aramis-polli_c_-11.jpg\" alt=\"\" class=\"wp-image-77118\" srcset=\"https:\/\/tvtecjundiai.com.br\/news\/wp-content\/uploads\/sites\/2\/2021\/06\/vacinacao-covid-19-no-aramis-polli_c_-11.jpg 1088w, https:\/\/tvtecjundiai.com.br\/news\/wp-content\/uploads\/sites\/2\/2021\/06\/vacinacao-covid-19-no-aramis-polli_c_-11-300x200.jpg 300w, https:\/\/tvtecjundiai.com.br\/news\/wp-content\/uploads\/sites\/2\/2021\/06\/vacinacao-covid-19-no-aramis-polli_c_-11-768x512.jpg 768w\" sizes=\"auto, (max-width: 1088px) 100vw, 1088px\" \/><figcaption>Vacina\u00e7\u00e3o para pessoas com 18 anos ou mais com comorbidades ter\u00e1 nova agenda nesta ter\u00e7a-feira (8), \u00e0s 11h<\/figcaption><\/figure><\/div>\n\n\n\n<p><strong>Estrat\u00e9gias<br><\/strong>Para as pessoas com mais de 60 anos que ainda n\u00e3o receberam a primeira dose, pessoas com 30 anos ou mais que tenham comorbidades pessoas com defici\u00eancias e que recebam o Benef\u00edcio de Presta\u00e7\u00e3o Continuada (BPC) com 18 anos ou mais, pessoas com s\u00edndrome de down, transplantados e gestantes com comorbidades ou pu\u00e9rperas com comorbidades tamb\u00e9m que n\u00e3o tenham buscado a primeira dose, podem buscar pela UBS de refer\u00eancia ou ligar na Central de Agendamento de Consulta (CAC) pelo telefone 4531-8670, de segunda a sexta-feira, das 7h \u00e0s 17h para o agendamento.<\/p>\n\n\n\n<p><em>(Fonte\/Imagem: Prefeitura de Jundia\u00ed)<\/em><\/p>\n","protected":false},"excerpt":{"rendered":"<p>O p\u00fablico encerra a primeira fase da campanha contra o Novo Coronav\u00edrus<\/p>\n","protected":false},"author":25,"featured_media":77118,"comment_status":"closed","ping_status":"closed","sticky":false,"template":"","format":"standard","meta":{"footnotes":""},"categories":[1,2839],"tags":[],"class_list":["post-77117","post","type-post","status-publish","format-standard","has-post-thumbnail","hentry","category-noticias","category-saude"],"_links":{"self":[{"href":"https:\/\/tvtecjundiai.com.br\/news\/wp-json\/wp\/v2\/posts\/77117","targetHints":{"allow":["GET"]}}],"collection":[{"href":"https:\/\/tvtecjundiai.com.br\/news\/wp-json\/wp\/v2\/posts"}],"about":[{"href":"https:\/\/tvtecjundiai.com.br\/news\/wp-json\/wp\/v2\/types\/post"}],"author":[{"embeddable":true,"href":"https:\/\/tvtecjundiai.com.br\/news\/wp-json\/wp\/v2\/users\/25"}],"replies":[{"embeddable":true,"href":"https:\/\/tvtecjundiai.com.br\/news\/wp-json\/wp\/v2\/comments?post=77117"}],"version-history":[{"count":1,"href":"https:\/\/tvtecjundiai.com.br\/news\/wp-json\/wp\/v2\/posts\/77117\/revisions"}],"predecessor-version":[{"id":77119,"href":"https:\/\/tvtecjundiai.com.br\/news\/wp-json\/wp\/v2\/posts\/77117\/revisions\/77119"}],"wp:featuredmedia":[{"embeddable":true,"href":"https:\/\/tvtecjundiai.com.br\/news\/wp-json\/wp\/v2\/media\/77118"}],"wp:attachment":[{"href":"https:\/\/tvtecjundiai.com.br\/news\/wp-json\/wp\/v2\/media?parent=77117"}],"wp:term":[{"taxonomy":"category","embeddable":true,"href":"https:\/\/tvtecjundiai.com.br\/news\/wp-json\/wp\/v2\/categories?post=77117"},{"taxonomy":"post_tag","embeddable":true,"href":"https:\/\/tvtecjundiai.com.br\/news\/wp-json\/wp\/v2\/tags?post=77117"}],"curies":[{"name":"wp","href":"https:\/\/api.w.org\/{rel}","templated":true}]}}