{"id":77121,"date":"2021-06-07T13:16:51","date_gmt":"2021-06-07T16:16:51","guid":{"rendered":"https:\/\/tvtecjundiai.com.br\/news\/?p=77121"},"modified":"2021-06-07T13:16:51","modified_gmt":"2021-06-07T16:16:51","slug":"curso-online-auxiliara-alunos-a-criar-empreendimento-virtual","status":"publish","type":"post","link":"https:\/\/tvtecjundiai.com.br\/news\/2021\/06\/07\/curso-online-auxiliara-alunos-a-criar-empreendimento-virtual\/","title":{"rendered":"Curso online auxiliar\u00e1 alunos a criar empreendimento virtual"},"content":{"rendered":"\n<p>Nesta segunda-feira (07), o Fundo Social de Solidariedade de Jundia\u00ed (Funss) abre inscri\u00e7\u00f5es para mais uma capacita\u00e7\u00e3o on-line, que ser\u00e1 promovida em parceria com o Sebrae Jundia\u00ed e o Senac Jundia\u00ed. Trata-se do curso \u201cEmpreenda R\u00e1pido Senac \u2013 T\u00e9cnicas para a cria\u00e7\u00e3o de uma loja virtual\u201d, que ter\u00e1 matr\u00edculas pela internet, at\u00e9 quinta-feira (10), \u00e0s 13h, por meio do link:&nbsp;<a href=\"https:\/\/forms.gle\/yhNBEGN4qFKsrYa19\">https:\/\/forms.gle\/yhNBEGN4qFKsrYa19<\/a>.<\/p>\n\n\n\n<p>No total, ser\u00e3o oferecidas 30 vagas gratuitas. Poder\u00e3o participar pessoas com 18 anos ou mais, com Ensino Fundamental completo e residentes em Jundia\u00ed. O crit\u00e9rio de preenchimento das vagas \u00e9 a ordem de envio do formul\u00e1rio, que considera hora, minuto e segundo. Os nomes dos alunos matriculados ser\u00e3o divulgados no site da Prefeitura de Jundia\u00ed. As fichas n\u00e3o contempladas est\u00e3o, automaticamente, na lista de espera e poder\u00e3o ser convocadas em caso de desist\u00eancia.<\/p>\n\n\n\n<figure class=\"wp-block-image size-large\"><img loading=\"lazy\" decoding=\"async\" width=\"1200\" height=\"800\" src=\"https:\/\/tvtecjundiai.com.br\/news\/wp-content\/uploads\/sites\/2\/2021\/06\/funss_inscricao-1200x800.jpg\" alt=\"\" class=\"wp-image-77122\" srcset=\"https:\/\/tvtecjundiai.com.br\/news\/wp-content\/uploads\/sites\/2\/2021\/06\/funss_inscricao-1200x800.jpg 1200w, https:\/\/tvtecjundiai.com.br\/news\/wp-content\/uploads\/sites\/2\/2021\/06\/funss_inscricao-300x200.jpg 300w, https:\/\/tvtecjundiai.com.br\/news\/wp-content\/uploads\/sites\/2\/2021\/06\/funss_inscricao-768x512.jpg 768w, https:\/\/tvtecjundiai.com.br\/news\/wp-content\/uploads\/sites\/2\/2021\/06\/funss_inscricao.jpg 1280w\" sizes=\"auto, (max-width: 1200px) 100vw, 1200px\" \/><\/figure>\n\n\n\n<p>As aulas do curso on-line \u201cEmpreenda R\u00e1pido Senac \u2013 T\u00e9cnicas para a cria\u00e7\u00e3o de uma loja virtual\u201d ser\u00e3o realizadas nos dias 21, 22, 23 e 24 de junho, das 14h \u00e0s 18h, e no dia 29 de junho, das 18h \u00e0s 22h. Os alunos poder\u00e3o assistir as aulas pela plataforma virtual Microsoft Teams. O SEBRAE e SENAC ser\u00e3o respons\u00e1veis por informar os inscritos sobre o\u00a0<em>link<\/em>\u00a0da Sala Virtual, bem como apoiar o acesso ao sistema. Informa\u00e7\u00f5es pelos telefones: (11) 4521-2762, 4521-2929 e 4521-6833.<\/p>\n\n\n\n<p><em>(Texto\/Imagem: Prefeitura de Jundia\u00ed)<\/em><\/p>\n","protected":false},"excerpt":{"rendered":"<p>Curso abre inscri\u00e7\u00f5es nesta segunda-feira (07) pelo Funss de Jundia\u00ed<\/p>\n","protected":false},"author":28,"featured_media":77122,"comment_status":"closed","ping_status":"closed","sticky":false,"template":"","format":"standard","meta":{"footnotes":""},"categories":[8356,1],"tags":[],"class_list":["post-77121","post","type-post","status-publish","format-standard","has-post-thumbnail","hentry","category-jundiai","category-noticias"],"_links":{"self":[{"href":"https:\/\/tvtecjundiai.com.br\/news\/wp-json\/wp\/v2\/posts\/77121","targetHints":{"allow":["GET"]}}],"collection":[{"href":"https:\/\/tvtecjundiai.com.br\/news\/wp-json\/wp\/v2\/posts"}],"about":[{"href":"https:\/\/tvtecjundiai.com.br\/news\/wp-json\/wp\/v2\/types\/post"}],"author":[{"embeddable":true,"href":"https:\/\/tvtecjundiai.com.br\/news\/wp-json\/wp\/v2\/users\/28"}],"replies":[{"embeddable":true,"href":"https:\/\/tvtecjundiai.com.br\/news\/wp-json\/wp\/v2\/comments?post=77121"}],"version-history":[{"count":1,"href":"https:\/\/tvtecjundiai.com.br\/news\/wp-json\/wp\/v2\/posts\/77121\/revisions"}],"predecessor-version":[{"id":77123,"href":"https:\/\/tvtecjundiai.com.br\/news\/wp-json\/wp\/v2\/posts\/77121\/revisions\/77123"}],"wp:featuredmedia":[{"embeddable":true,"href":"https:\/\/tvtecjundiai.com.br\/news\/wp-json\/wp\/v2\/media\/77122"}],"wp:attachment":[{"href":"https:\/\/tvtecjundiai.com.br\/news\/wp-json\/wp\/v2\/media?parent=77121"}],"wp:term":[{"taxonomy":"category","embeddable":true,"href":"https:\/\/tvtecjundiai.com.br\/news\/wp-json\/wp\/v2\/categories?post=77121"},{"taxonomy":"post_tag","embeddable":true,"href":"https:\/\/tvtecjundiai.com.br\/news\/wp-json\/wp\/v2\/tags?post=77121"}],"curies":[{"name":"wp","href":"https:\/\/api.w.org\/{rel}","templated":true}]}}