{"id":77124,"date":"2021-06-07T13:24:26","date_gmt":"2021-06-07T16:24:26","guid":{"rendered":"https:\/\/tvtecjundiai.com.br\/news\/?p=77124"},"modified":"2021-06-07T13:24:26","modified_gmt":"2021-06-07T16:24:26","slug":"inscricoes-para-o-conselho-municipal-de-ciencia-tecnologia-e-inovacao-estao-abertas","status":"publish","type":"post","link":"https:\/\/tvtecjundiai.com.br\/news\/2021\/06\/07\/inscricoes-para-o-conselho-municipal-de-ciencia-tecnologia-e-inovacao-estao-abertas\/","title":{"rendered":"Inscri\u00e7\u00f5es para o Conselho Municipal de Ci\u00eancia, Tecnologia e Inova\u00e7\u00e3o est\u00e3o abertas"},"content":{"rendered":"\n<p>As inscri\u00e7\u00f5es para o Conselho Municipal de Ci\u00eancia, Tecnologia e Inova\u00e7\u00e3o est\u00e3o abertas at\u00e9 o dia 16 de junho. A elei\u00e7\u00e3o acontece no dia 21 de junho, de forma virtual por conta da pandemia.<\/p>\n\n\n\n<p>Compete ao Conselho analisar e opinar sobre projetos relacionados ao desenvolvimento da ci\u00eancia, tecnologia e inova\u00e7\u00e3o em Jundia\u00ed; propor medidas para implementa\u00e7\u00e3o das diretrizes da Pol\u00edtica Municipal de Ci\u00eancia, Tecnologia e Inova\u00e7\u00e3o, contribuir com pol\u00edticas p\u00fablicas da Unidade de Gest\u00e3o de Desenvolvimento Econ\u00f4mico, Ci\u00eancia e Tecnologia por meio de programas e instrumentos que promovam a transfer\u00eancia de tecnologias inovadoras e incrementais ao setor produtivo, com \u00eanfase em m\u00e9dias e pequenas e microempresas e no empreendedorismo social para a gera\u00e7\u00e3o de postos de trabalho e renda; incentivar a gera\u00e7\u00e3o, difus\u00e3o e a populariza\u00e7\u00e3o do conhecimento, bem como das informa\u00e7\u00f5es e novas t\u00e9cnicas na \u00e1rea da ci\u00eancia, tecnologia e inova\u00e7\u00e3o; acompanhar, criar e desenvolver projetos de inova\u00e7\u00e3o no munic\u00edpio, elaborar seu regimento interno e acompanhar e avaliar a gest\u00e3o do Fundo de Apoio \u00e0 Ci\u00eancia, tecnologia e Inova\u00e7\u00e3o em Jundia\u00ed.<\/p>\n\n\n\n<figure class=\"wp-block-image size-large\"><img loading=\"lazy\" decoding=\"async\" width=\"1200\" height=\"800\" src=\"https:\/\/tvtecjundiai.com.br\/news\/wp-content\/uploads\/sites\/2\/2021\/06\/noturna_9-de-julho-com-av-jundiai-2-1200x800.jpg\" alt=\"\" class=\"wp-image-77125\" srcset=\"https:\/\/tvtecjundiai.com.br\/news\/wp-content\/uploads\/sites\/2\/2021\/06\/noturna_9-de-julho-com-av-jundiai-2-1200x800.jpg 1200w, https:\/\/tvtecjundiai.com.br\/news\/wp-content\/uploads\/sites\/2\/2021\/06\/noturna_9-de-julho-com-av-jundiai-2-300x200.jpg 300w, https:\/\/tvtecjundiai.com.br\/news\/wp-content\/uploads\/sites\/2\/2021\/06\/noturna_9-de-julho-com-av-jundiai-2-768x512.jpg 768w, https:\/\/tvtecjundiai.com.br\/news\/wp-content\/uploads\/sites\/2\/2021\/06\/noturna_9-de-julho-com-av-jundiai-2.jpg 1280w\" sizes=\"auto, (max-width: 1200px) 100vw, 1200px\" \/><figcaption>Conselho Municipal de Ci\u00eancia, Tecnologia e Inova\u00e7\u00e3o est\u00e1 com inscri\u00e7\u00f5es abertas<\/figcaption><\/figure>\n\n\n\n<p>As inscri\u00e7\u00f5es s\u00e3o para as pessoas da sociedade civil dos segmentos abaixo:<br>\u2013 tr\u00eas representantes das institui\u00e7\u00f5es de ensino superior;<br><br>\u2013 um representante das escolas de ensino t\u00e9cnico;<\/p>\n\n\n\n<p>\u2013 dois representantes das empresas de base tecnol\u00f3gica instaladas no Munic\u00edpio de Jundia\u00ed, (que n\u00e3o sejam incubadas, nas modalidades residente ou n\u00e3o-residente);<\/p>\n\n\n\n<p>\u2013 um representante da sociedade organizada das ind\u00fastrias<\/p>\n\n\n\n<p>\u2013 um representante da sociedade organizada do com\u00e9rcio;<\/p>\n\n\n\n<p>\u2013 um representante da sociedade organizada do servi\u00e7o;<\/p>\n\n\n\n<p>\u2013 um representante de sindicato dos trabalhadores sediado no Munic\u00edpio de Jundia\u00ed.<\/p>\n\n\n\n<p>Os interessados para concorrer as vagas de conselheiros titular e suplente de cada segmento dever\u00e3o enviar os documentos para&nbsp;<a href=\"mailto:ugdect@jundiai.sp.gov.br\" target=\"_blank\" rel=\"noreferrer noopener\">ugdect@jundiai.sp.gov.br<\/a>.<\/p>\n\n\n\n<p>A documenta\u00e7\u00e3o necess\u00e1ria \u00e9 a seguinte: Comprovante de resid\u00eancia, CPF, ser maior do que 16 anos, residente em Jundia\u00ed h\u00e1 no m\u00ednimo dois anos, atua\u00e7\u00e3o relevante na \u00e1rea esportiva, al\u00e9m das declara\u00e7\u00f5es espec\u00edficas de indica\u00e7\u00e3o dos segmentos.<\/p>\n\n\n\n<p>Outras informa\u00e7\u00f5es podem ser obtidas pelo telefone 4589-8416.<\/p>\n\n\n\n<p><em>(Texto\/Imagem: Prefeitura de Jundia\u00ed)<\/em><\/p>\n","protected":false},"excerpt":{"rendered":"<p>Inscri\u00e7\u00f5es est\u00e3o abertas at\u00e9 16 de junho; elei\u00e7\u00e3o acontece no dia 21<\/p>\n","protected":false},"author":28,"featured_media":77125,"comment_status":"closed","ping_status":"closed","sticky":false,"template":"","format":"standard","meta":{"footnotes":""},"categories":[8356,1],"tags":[],"class_list":["post-77124","post","type-post","status-publish","format-standard","has-post-thumbnail","hentry","category-jundiai","category-noticias"],"_links":{"self":[{"href":"https:\/\/tvtecjundiai.com.br\/news\/wp-json\/wp\/v2\/posts\/77124","targetHints":{"allow":["GET"]}}],"collection":[{"href":"https:\/\/tvtecjundiai.com.br\/news\/wp-json\/wp\/v2\/posts"}],"about":[{"href":"https:\/\/tvtecjundiai.com.br\/news\/wp-json\/wp\/v2\/types\/post"}],"author":[{"embeddable":true,"href":"https:\/\/tvtecjundiai.com.br\/news\/wp-json\/wp\/v2\/users\/28"}],"replies":[{"embeddable":true,"href":"https:\/\/tvtecjundiai.com.br\/news\/wp-json\/wp\/v2\/comments?post=77124"}],"version-history":[{"count":1,"href":"https:\/\/tvtecjundiai.com.br\/news\/wp-json\/wp\/v2\/posts\/77124\/revisions"}],"predecessor-version":[{"id":77126,"href":"https:\/\/tvtecjundiai.com.br\/news\/wp-json\/wp\/v2\/posts\/77124\/revisions\/77126"}],"wp:featuredmedia":[{"embeddable":true,"href":"https:\/\/tvtecjundiai.com.br\/news\/wp-json\/wp\/v2\/media\/77125"}],"wp:attachment":[{"href":"https:\/\/tvtecjundiai.com.br\/news\/wp-json\/wp\/v2\/media?parent=77124"}],"wp:term":[{"taxonomy":"category","embeddable":true,"href":"https:\/\/tvtecjundiai.com.br\/news\/wp-json\/wp\/v2\/categories?post=77124"},{"taxonomy":"post_tag","embeddable":true,"href":"https:\/\/tvtecjundiai.com.br\/news\/wp-json\/wp\/v2\/tags?post=77124"}],"curies":[{"name":"wp","href":"https:\/\/api.w.org\/{rel}","templated":true}]}}