{"id":77127,"date":"2021-06-07T13:45:53","date_gmt":"2021-06-07T16:45:53","guid":{"rendered":"https:\/\/tvtecjundiai.com.br\/news\/?p=77127"},"modified":"2021-06-07T14:15:48","modified_gmt":"2021-06-07T17:15:48","slug":"cidade-de-sao-paulo-inicia-vacinacao-de-gravidas-e-puerperas-2","status":"publish","type":"post","link":"https:\/\/tvtecjundiai.com.br\/news\/2021\/06\/07\/cidade-de-sao-paulo-inicia-vacinacao-de-gravidas-e-puerperas-2\/","title":{"rendered":"Cidade de S\u00e3o Paulo inicia vacina\u00e7\u00e3o de gr\u00e1vidas e pu\u00e9rperas"},"content":{"rendered":"\n<p>Nesta segunda-feira (7), a Secretaria Municipal de Sa\u00fade (SMS) da capital paulista inicia a vacina\u00e7\u00e3o de gestantes e mulheres que deram \u00e0 luz a at\u00e9 45 dias (pu\u00e9rperas) sem comorbidades e maiores de 18 anos, e tamb\u00e9m de lactantes com comorbidades acima de 18 anos.<img decoding=\"async\" src=\"https:\/\/agenciabrasil.ebc.com.br\/ebc.png?id=1411825&amp;o=node\"><img decoding=\"async\" src=\"https:\/\/agenciabrasil.ebc.com.br\/ebc.gif?id=1411825&amp;o=node\"><\/p>\n\n\n\n<p>Os postos&nbsp;<em>drive-thru<\/em>&nbsp;e farm\u00e1cias parceiras da campanha de vacina\u00e7\u00e3o contra a COVID-19 na cidade de S\u00e3o Paulo tamb\u00e9m foram reabertos e com uma novidade, todos com a segunda dose do imunizante que protege da COVID-19. A secretaria vai disponibilizar a segunda dose da vacina em todos os postos da rede, incluindo os megapostos com acesso para pedestres.<\/p>\n\n\n\n<p>Tamb\u00e9m a partir desta segunda-feira, os estagi\u00e1rios dos cursos de sa\u00fade, independentemente do ano cursado, poder\u00e3o se cadastrar para doses remanescentes nas 468 Unidades B\u00e1sicas de Sa\u00fade (UBS) da capital. Todos os dias, de 1.800 a 2.000 doses ficam dispon\u00edveis no fim do dia e podem ser aplicadas no p\u00fablico que se cadastrar para as doses que sobrarem.<\/p>\n\n\n\n<figure class=\"wp-block-image size-large\"><img loading=\"lazy\" decoding=\"async\" width=\"1200\" height=\"800\" src=\"https:\/\/tvtecjundiai.com.br\/news\/wp-content\/uploads\/sites\/2\/2021\/06\/pregnant-1245703_1920-1200x800.jpg\" alt=\"\" class=\"wp-image-77128\" srcset=\"https:\/\/tvtecjundiai.com.br\/news\/wp-content\/uploads\/sites\/2\/2021\/06\/pregnant-1245703_1920-1200x800.jpg 1200w, https:\/\/tvtecjundiai.com.br\/news\/wp-content\/uploads\/sites\/2\/2021\/06\/pregnant-1245703_1920-300x200.jpg 300w, https:\/\/tvtecjundiai.com.br\/news\/wp-content\/uploads\/sites\/2\/2021\/06\/pregnant-1245703_1920-768x512.jpg 768w, https:\/\/tvtecjundiai.com.br\/news\/wp-content\/uploads\/sites\/2\/2021\/06\/pregnant-1245703_1920.jpg 1280w\" sizes=\"auto, (max-width: 1200px) 100vw, 1200px\" \/><figcaption>Gr\u00e1vidas e pu\u00e9rperas, sem comorbidades e a partir de 18 anos, come\u00e7am a ser vacinadas na cidade de S\u00e3o Paulo nesta segunda-feira (07) <\/figcaption><\/figure>\n\n\n\n<p>At\u00e9 s\u00e1bado (5), foram aplicadas 5.275.141 doses na cidade de S\u00e3o Paulo desde o in\u00edcio da campanha, em 19 de janeiro. Desse n\u00famero, 3.635.748 pessoas receberam a primeira dose e 1.639.393 j\u00e1 completaram o esquema vacinal com a segunda dose.<\/p>\n\n\n\n<p>A secretaria alerta para a import\u00e2ncia de tomar as duas doses da vacina, respeitando os intervalos recomendados entre uma e outra dose, para completar o esquema vacinal e obter a prote\u00e7\u00e3o necess\u00e1ria contra a covid-19. No caso da CoronaVac, do Butantan, o intervalo \u00e9 de 21 a 28 dias. J\u00e1 as vacinas da Oxford\/AstraZeneca\/Fiocruz e da Pfizer o prazo entre a primeira e segunda dose \u00e9 de 12 semanas.<\/p>\n\n\n\n<p>Todas as salas de vacina\u00e7\u00e3o das 468 Unidades B\u00e1sicas de Sa\u00fade da cidade de S\u00e3o Paulo est\u00e3o abastecidas de maneira a garantir o acesso \u00e0s vacinas dos grupos priorit\u00e1rios eleg\u00edveis no momento, conforme instru\u00e7\u00f5es dispon\u00edveis&nbsp;<a href=\"https:\/\/www.prefeitura.sp.gov.br\/cidade\/secretarias\/saude\/vigilancia_em_saude\/index.php?p=307599\" target=\"_blank\" rel=\"noreferrer noopener\">na p\u00e1gina Vacina Sampa<\/a>.<\/p>\n\n\n\n<p>Mesmo ap\u00f3s receber as duas aplica\u00e7\u00f5es da vacina, todas as pessoas devem seguir com os cuidados sanit\u00e1rios, como o uso de m\u00e1scara, a higieniza\u00e7\u00e3o com \u00e1lcool em gel e o distanciamento social, evitando aglomera\u00e7\u00f5es.<\/p>\n\n\n\n<h2 class=\"wp-block-heading\">Vacina\u00e7\u00e3o<\/h2>\n\n\n\n<p>O estado de S\u00e3o Paulo aplicou 119.450 vacinas contra a covid-19 no s\u00e1bado, Dia D de Vacina\u00e7\u00e3o. Mais de 5 mil pontos de vacina\u00e7\u00e3o ficaram abertos em todo estado. Hoje, 92.569 pessoas deram in\u00edcio ao seu esquema vacinal e dever\u00e3o retornar aos postos dentro dos prazos indicados para cada imunizante.<\/p>\n\n\n\n<p>\u201cConseguimos resultados importantes e agradecemos a todos os que compareceram aos postos e aos que trabalharam neste dia. Queremos e precisamos avan\u00e7ar mais, pois somente com a segunda dose \u00e9 poss\u00edvel garantir a prote\u00e7\u00e3o\u201d, disse a coordenadora do Programa Estadual de Imuniza\u00e7\u00e3o (PEI), Regiane de Paula.<\/p>\n\n\n\n<p>\u201cTodas as vacinas aprovadas pela Anvisa s\u00e3o seguras e eficazes. Quem n\u00e3o conseguiu ir hoje a um posto e ainda est\u00e1 com a segunda dose em atraso pode procurar a rede de sa\u00fade nos pr\u00f3ximos dias e completar seu esquema vacinal\u201d, disse a diretora do Centro de Vigil\u00e2ncia Epidemiol\u00f3gica, Tatiana Lang D\u2019Agostini.<\/p>\n\n\n\n<p>Com base nas estat\u00edsticas populacionais do Minist\u00e9rio da Sa\u00fade, para cada faixa et\u00e1ria ou p\u00fablico espec\u00edfico, o governo de S\u00e3o Paulo define as remessas de doses necess\u00e1rias para as 645 cidades em cada etapa da campanha. Os quantitativos de primeira e segunda dose s\u00e3o id\u00eanticos, realizados em duas entregas diferentes para que o munic\u00edpio realize a aplica\u00e7\u00e3o e conclua a imuniza\u00e7\u00e3o das pessoas.<\/p>\n\n\n\n<p>A Secretaria de Estado da Sa\u00fade encaminhou na \u00faltima semana 279.815 doses extras da CoronaVac para cerca de 500 cidades exclusivamente para aplica\u00e7\u00e3o da segunda dose.<\/p>\n\n\n\n<p>Veja a lista completa dos postos de vacina\u00e7\u00e3o&nbsp;<a rel=\"noreferrer noopener\" href=\"https:\/\/www.prefeitura.sp.gov.br\/cidade\/secretarias\/upload\/saude\/postos_volantes_28_05_2021.pdf\" target=\"_blank\">na p\u00e1gina Vacina Sampa<\/a>.<\/p>\n\n\n\n<p><em>(Texto\/Imagem: Ag\u00eancia Brasil)<\/em><\/p>\n","protected":false},"excerpt":{"rendered":"<p>Os postos drive-thru foram reabertos para a segunda dose<\/p>\n","protected":false},"author":28,"featured_media":77143,"comment_status":"closed","ping_status":"closed","sticky":false,"template":"","format":"standard","meta":{"footnotes":""},"categories":[8356,1],"tags":[],"class_list":["post-77127","post","type-post","status-publish","format-standard","has-post-thumbnail","hentry","category-jundiai","category-noticias"],"_links":{"self":[{"href":"https:\/\/tvtecjundiai.com.br\/news\/wp-json\/wp\/v2\/posts\/77127","targetHints":{"allow":["GET"]}}],"collection":[{"href":"https:\/\/tvtecjundiai.com.br\/news\/wp-json\/wp\/v2\/posts"}],"about":[{"href":"https:\/\/tvtecjundiai.com.br\/news\/wp-json\/wp\/v2\/types\/post"}],"author":[{"embeddable":true,"href":"https:\/\/tvtecjundiai.com.br\/news\/wp-json\/wp\/v2\/users\/28"}],"replies":[{"embeddable":true,"href":"https:\/\/tvtecjundiai.com.br\/news\/wp-json\/wp\/v2\/comments?post=77127"}],"version-history":[{"count":2,"href":"https:\/\/tvtecjundiai.com.br\/news\/wp-json\/wp\/v2\/posts\/77127\/revisions"}],"predecessor-version":[{"id":77144,"href":"https:\/\/tvtecjundiai.com.br\/news\/wp-json\/wp\/v2\/posts\/77127\/revisions\/77144"}],"wp:featuredmedia":[{"embeddable":true,"href":"https:\/\/tvtecjundiai.com.br\/news\/wp-json\/wp\/v2\/media\/77143"}],"wp:attachment":[{"href":"https:\/\/tvtecjundiai.com.br\/news\/wp-json\/wp\/v2\/media?parent=77127"}],"wp:term":[{"taxonomy":"category","embeddable":true,"href":"https:\/\/tvtecjundiai.com.br\/news\/wp-json\/wp\/v2\/categories?post=77127"},{"taxonomy":"post_tag","embeddable":true,"href":"https:\/\/tvtecjundiai.com.br\/news\/wp-json\/wp\/v2\/tags?post=77127"}],"curies":[{"name":"wp","href":"https:\/\/api.w.org\/{rel}","templated":true}]}}