{"id":77130,"date":"2021-06-07T13:57:31","date_gmt":"2021-06-07T16:57:31","guid":{"rendered":"https:\/\/tvtecjundiai.com.br\/news\/?p=77130"},"modified":"2021-06-07T13:59:25","modified_gmt":"2021-06-07T16:59:25","slug":"renovada-escola-inovadora-emeb-florida-mestag-conta-com-quadra-coberta-1","status":"publish","type":"post","link":"https:\/\/tvtecjundiai.com.br\/news\/2021\/06\/07\/renovada-escola-inovadora-emeb-florida-mestag-conta-com-quadra-coberta-1\/","title":{"rendered":"Renovada, Escola Inovadora EMEB Fl\u00f3rida Mestag conta com quadra coberta"},"content":{"rendered":"\n<p>Ap\u00f3s o investimento de R$ 325 mil, a Escola Municipal de Educa\u00e7\u00e3o B\u00e1sica (EMEB) Fl\u00f3rida Mestag, no bairro do Mato Dentro, tem a infraestrutura renovada, com a cobertura da quadra poliesportiva e de outras interven\u00e7\u00f5es no pr\u00e9dio, constru\u00eddo em 1974. Nesta segunda-feira (7), o Prefeito Luiz Fernando Machado esteve na unidade para visitar e conversar com as crian\u00e7as sobre a reforma.<\/p>\n\n\n\n<p>\u201cEste \u00e9 mais um espa\u00e7o de Educa\u00e7\u00e3o que recebeu investimento e adequa\u00e7\u00f5es na ambi\u00eancia do Programa Escola Inovadora. Conseguimos, mesmo com a pandemia, avan\u00e7ar com investimentos para as nossas crian\u00e7as, que em Jundia\u00ed t\u00eam voz ativa no desenvolvimento de pol\u00edticas p\u00fablicas. Avan\u00e7amos sem deixar ningu\u00e9m para tr\u00e1s\u201d, comentou o prefeito Luiz Fernando Machado, animado com o bate-papo com as crian\u00e7as, que contaram sobre a participa\u00e7\u00e3o no projeto realizado para a constru\u00e7\u00e3o do Parque Urbano Espelho D\u00b4\u00c1gua.<\/p>\n\n\n\n<figure class=\"wp-block-image size-large\"><img loading=\"lazy\" decoding=\"async\" width=\"1026\" height=\"684\" src=\"https:\/\/tvtecjundiai.com.br\/news\/wp-content\/uploads\/sites\/2\/2021\/06\/prefeito-visita-emeb-irma-florida-mestag_c_-170.jpg\" alt=\"\" class=\"wp-image-77131\" srcset=\"https:\/\/tvtecjundiai.com.br\/news\/wp-content\/uploads\/sites\/2\/2021\/06\/prefeito-visita-emeb-irma-florida-mestag_c_-170.jpg 1026w, https:\/\/tvtecjundiai.com.br\/news\/wp-content\/uploads\/sites\/2\/2021\/06\/prefeito-visita-emeb-irma-florida-mestag_c_-170-300x200.jpg 300w, https:\/\/tvtecjundiai.com.br\/news\/wp-content\/uploads\/sites\/2\/2021\/06\/prefeito-visita-emeb-irma-florida-mestag_c_-170-768x512.jpg 768w\" sizes=\"auto, (max-width: 1026px) 100vw, 1026px\" \/><figcaption>Em \u2018mercadinho\u2019 montado na escola, crian\u00e7as aprendem sobre Educa\u00e7\u00e3o Financeira<\/figcaption><\/figure>\n\n\n\n<p>De acordo com a gestora da Unidade de Gest\u00e3o de Educa\u00e7\u00e3o (UGE), Vast\u00ed Ferrari Marques, al\u00e9m da quadra coberta, a unidade ganhou red\u00e1rio, brinquedos ao ar livre entre outros componentes que incentivam e proporcionam o aprender de maneira desemparedada, conforme o estabelecido para a Educa\u00e7\u00e3o de Jundia\u00ed para este ano.<\/p>\n\n\n\n<p>A unidade a atende a 147 crian\u00e7as entre 4 anos a 10 anos. De acordo com a diretora da escola, T\u00e2nia Vilela, toda a comunidade escolar se envolveu no projeto de revitaliza\u00e7\u00e3o. \u201cOs espa\u00e7os ganharam mais vida e cores, sempre com o ensino embasando a constru\u00e7\u00e3o das \u00e1reas\u201d, detalhou.<\/p>\n\n\n\n<figure class=\"wp-block-image size-large\"><img loading=\"lazy\" decoding=\"async\" width=\"1163\" height=\"775\" src=\"https:\/\/tvtecjundiai.com.br\/news\/wp-content\/uploads\/sites\/2\/2021\/06\/prefeito-visita-emeb-irma-florida-mestag_c_-93.jpg\" alt=\"\" class=\"wp-image-77132\" srcset=\"https:\/\/tvtecjundiai.com.br\/news\/wp-content\/uploads\/sites\/2\/2021\/06\/prefeito-visita-emeb-irma-florida-mestag_c_-93.jpg 1163w, https:\/\/tvtecjundiai.com.br\/news\/wp-content\/uploads\/sites\/2\/2021\/06\/prefeito-visita-emeb-irma-florida-mestag_c_-93-300x200.jpg 300w, https:\/\/tvtecjundiai.com.br\/news\/wp-content\/uploads\/sites\/2\/2021\/06\/prefeito-visita-emeb-irma-florida-mestag_c_-93-768x512.jpg 768w\" sizes=\"auto, (max-width: 1163px) 100vw, 1163px\" \/><\/figure>\n\n\n\n<p>A visita contou com a participa\u00e7\u00e3o do vice-prefeito Gustavo Martinelli, que elogiou a organiza\u00e7\u00e3o da unidade. \u201cA escola est\u00e1 localizada em \u00e1rea rural e conta com espa\u00e7os para que as crian\u00e7as possam desenvolver todo o potencial a partir de viv\u00eancias e experi\u00eancias\u201d, comentou.<\/p>\n\n\n\n<p>O vereador Douglas Medeiros tamb\u00e9m participou da agenda.<\/p>\n\n\n\n<figure class=\"wp-block-image size-large\"><img loading=\"lazy\" decoding=\"async\" width=\"1200\" height=\"800\" src=\"https:\/\/tvtecjundiai.com.br\/news\/wp-content\/uploads\/sites\/2\/2021\/06\/prefeito-visita-emeb-irma-florida-mestag_c_-153-1200x800.jpg\" alt=\"\" class=\"wp-image-77133\" srcset=\"https:\/\/tvtecjundiai.com.br\/news\/wp-content\/uploads\/sites\/2\/2021\/06\/prefeito-visita-emeb-irma-florida-mestag_c_-153-1200x800.jpg 1200w, https:\/\/tvtecjundiai.com.br\/news\/wp-content\/uploads\/sites\/2\/2021\/06\/prefeito-visita-emeb-irma-florida-mestag_c_-153-300x200.jpg 300w, https:\/\/tvtecjundiai.com.br\/news\/wp-content\/uploads\/sites\/2\/2021\/06\/prefeito-visita-emeb-irma-florida-mestag_c_-153-768x512.jpg 768w, https:\/\/tvtecjundiai.com.br\/news\/wp-content\/uploads\/sites\/2\/2021\/06\/prefeito-visita-emeb-irma-florida-mestag_c_-153.jpg 1280w\" sizes=\"auto, (max-width: 1200px) 100vw, 1200px\" \/><\/figure>\n\n\n\n<p><em>(Texto\/Imagem: Prefeitura de Jundia\u00ed)<\/em><\/p>\n","protected":false},"excerpt":{"rendered":"<p>Nesta segunda-feira (7), o Prefeito Luiz Fernando Machado esteve na unidade para conversar com as crian\u00e7as<\/p>\n","protected":false},"author":28,"featured_media":77133,"comment_status":"closed","ping_status":"closed","sticky":false,"template":"","format":"standard","meta":{"footnotes":""},"categories":[8356,1],"tags":[],"class_list":["post-77130","post","type-post","status-publish","format-standard","has-post-thumbnail","hentry","category-jundiai","category-noticias"],"_links":{"self":[{"href":"https:\/\/tvtecjundiai.com.br\/news\/wp-json\/wp\/v2\/posts\/77130","targetHints":{"allow":["GET"]}}],"collection":[{"href":"https:\/\/tvtecjundiai.com.br\/news\/wp-json\/wp\/v2\/posts"}],"about":[{"href":"https:\/\/tvtecjundiai.com.br\/news\/wp-json\/wp\/v2\/types\/post"}],"author":[{"embeddable":true,"href":"https:\/\/tvtecjundiai.com.br\/news\/wp-json\/wp\/v2\/users\/28"}],"replies":[{"embeddable":true,"href":"https:\/\/tvtecjundiai.com.br\/news\/wp-json\/wp\/v2\/comments?post=77130"}],"version-history":[{"count":1,"href":"https:\/\/tvtecjundiai.com.br\/news\/wp-json\/wp\/v2\/posts\/77130\/revisions"}],"predecessor-version":[{"id":77134,"href":"https:\/\/tvtecjundiai.com.br\/news\/wp-json\/wp\/v2\/posts\/77130\/revisions\/77134"}],"wp:featuredmedia":[{"embeddable":true,"href":"https:\/\/tvtecjundiai.com.br\/news\/wp-json\/wp\/v2\/media\/77133"}],"wp:attachment":[{"href":"https:\/\/tvtecjundiai.com.br\/news\/wp-json\/wp\/v2\/media?parent=77130"}],"wp:term":[{"taxonomy":"category","embeddable":true,"href":"https:\/\/tvtecjundiai.com.br\/news\/wp-json\/wp\/v2\/categories?post=77130"},{"taxonomy":"post_tag","embeddable":true,"href":"https:\/\/tvtecjundiai.com.br\/news\/wp-json\/wp\/v2\/tags?post=77130"}],"curies":[{"name":"wp","href":"https:\/\/api.w.org\/{rel}","templated":true}]}}