{"id":77135,"date":"2021-06-07T14:05:34","date_gmt":"2021-06-07T17:05:34","guid":{"rendered":"https:\/\/tvtecjundiai.com.br\/news\/?p=77135"},"modified":"2021-06-07T14:07:42","modified_gmt":"2021-06-07T17:07:42","slug":"hospital-sao-vicente-ganha-16-novas-macas-nesta-segunda-feira-07-1","status":"publish","type":"post","link":"https:\/\/tvtecjundiai.com.br\/news\/2021\/06\/07\/hospital-sao-vicente-ganha-16-novas-macas-nesta-segunda-feira-07-1\/","title":{"rendered":"Hospital S\u00e3o Vicente ganha 16 novas macas nesta segunda-feira (07)"},"content":{"rendered":"\n<p>Na manh\u00e3 desta segunda-feira (07), o Hospital de Caridade S\u00e3o Vicente de Paulo (HSV) recebeu mais 16 novas macas da marca Stryker. As unidades ser\u00e3o destinadas para o Centro Cir\u00fargico, Cl\u00ednica Cir\u00fargica e Pronto Socorro Adulto. Desde o in\u00edcio de 2020 o HSV adquiriu o total de 81 novas macas de alto padr\u00e3o, com funcionalidades diversas que possibilitam maior conforto ao paciente e facilidade de manejo \u00e0s equipes assistenciais. Parte dos equipamentos foram adquiridos por meio de emenda parlamentar do deputado estadual Alexandre Pereira e o restante com recursos do HSV. Cada maca custou R$ 15.700,00.<\/p>\n\n\n\n<figure class=\"wp-block-image size-large\"><img loading=\"lazy\" decoding=\"async\" width=\"1171\" height=\"898\" src=\"https:\/\/tvtecjundiai.com.br\/news\/wp-content\/uploads\/sites\/2\/2021\/06\/Pedro-Paulo-Bergmann-do-setor-de-Contabilidade-o-engenheiro-clinico-Alcir-Giorgiani-e-o-superintendente-Matheus-Gomes-receberam-os-equipamentos.jpg\" alt=\"\" class=\"wp-image-77136\" srcset=\"https:\/\/tvtecjundiai.com.br\/news\/wp-content\/uploads\/sites\/2\/2021\/06\/Pedro-Paulo-Bergmann-do-setor-de-Contabilidade-o-engenheiro-clinico-Alcir-Giorgiani-e-o-superintendente-Matheus-Gomes-receberam-os-equipamentos.jpg 1171w, https:\/\/tvtecjundiai.com.br\/news\/wp-content\/uploads\/sites\/2\/2021\/06\/Pedro-Paulo-Bergmann-do-setor-de-Contabilidade-o-engenheiro-clinico-Alcir-Giorgiani-e-o-superintendente-Matheus-Gomes-receberam-os-equipamentos-300x230.jpg 300w, https:\/\/tvtecjundiai.com.br\/news\/wp-content\/uploads\/sites\/2\/2021\/06\/Pedro-Paulo-Bergmann-do-setor-de-Contabilidade-o-engenheiro-clinico-Alcir-Giorgiani-e-o-superintendente-Matheus-Gomes-receberam-os-equipamentos-768x589.jpg 768w\" sizes=\"auto, (max-width: 1171px) 100vw, 1171px\" \/><figcaption>Pedro Paulo Bergmann, do setor de Contabilidade, o engenheiro cl\u00ednico Alcir Giorgiani e o superintendente Matheus Gomes receberam os equipamentos<\/figcaption><\/figure>\n\n\n\n<p>O superintendente do HSV, Matheus Gomes, ressalta as principais caracter\u00edsticas dos equipamentos, que pouco a pouco v\u00e3o substituindo as antigas macas. \u201cS\u00e3o diversos diferenciais, como por exemplo o acionamento por sistema hidr\u00e1ulico, com uso de pedais; a capacidade de atender a pacientes com at\u00e9 250 quilos; a realiza\u00e7\u00e3o de exames de raio-x sem que se tenha necessidade de remover o paciente da maca; suporte para monitores multipar\u00e2metros; dentre outras que elevam ainda mais o padr\u00e3o de atendimento do S\u00e3o Vicente\u201d, afirma.<\/p>\n\n\n\n<figure class=\"wp-block-image size-large\"><img loading=\"lazy\" decoding=\"async\" width=\"1200\" height=\"900\" src=\"https:\/\/tvtecjundiai.com.br\/news\/wp-content\/uploads\/sites\/2\/2021\/06\/Dezesseis-novas-macas-de-ultima-geracao-chegaram-ao-HSV-nesta-segunda-1200x900.jpg\" alt=\"\" class=\"wp-image-77137\" srcset=\"https:\/\/tvtecjundiai.com.br\/news\/wp-content\/uploads\/sites\/2\/2021\/06\/Dezesseis-novas-macas-de-ultima-geracao-chegaram-ao-HSV-nesta-segunda-1200x900.jpg 1200w, https:\/\/tvtecjundiai.com.br\/news\/wp-content\/uploads\/sites\/2\/2021\/06\/Dezesseis-novas-macas-de-ultima-geracao-chegaram-ao-HSV-nesta-segunda-300x225.jpg 300w, https:\/\/tvtecjundiai.com.br\/news\/wp-content\/uploads\/sites\/2\/2021\/06\/Dezesseis-novas-macas-de-ultima-geracao-chegaram-ao-HSV-nesta-segunda-768x576.jpg 768w, https:\/\/tvtecjundiai.com.br\/news\/wp-content\/uploads\/sites\/2\/2021\/06\/Dezesseis-novas-macas-de-ultima-geracao-chegaram-ao-HSV-nesta-segunda.jpg 1280w\" sizes=\"auto, (max-width: 1200px) 100vw, 1200px\" \/><figcaption>Dezesseis novas macas de \u00faltima gera\u00e7\u00e3o chegaram ao HSV nesta segunda<\/figcaption><\/figure>\n\n\n\n<p>Antonia Pereira Dias, 54 anos, que acompanha o marido durante interna\u00e7\u00e3o, aprova os investimentos. \u201cVejo que o S\u00e3o Vicente tem recebido muitos equipamentos, tem buscado melhorias e oferecido a todos n\u00f3s um atendimento melhor. Isso s\u00f3 aumenta a nossa confian\u00e7a no trabalho que est\u00e1 sendo realizado, pois estamos vendo e acompanhando. Todos est\u00e3o de parab\u00e9ns\u201d, agradece.<\/p>\n\n\n\n<figure class=\"wp-block-image size-large\"><img loading=\"lazy\" decoding=\"async\" width=\"1200\" height=\"900\" src=\"https:\/\/tvtecjundiai.com.br\/news\/wp-content\/uploads\/sites\/2\/2021\/06\/Embaladas-individualmente-cada-peca-e-conferida-e-identificada-antes-de-ser-disponibilizada-para-operacao-1200x900.jpg\" alt=\"\" class=\"wp-image-77138\" srcset=\"https:\/\/tvtecjundiai.com.br\/news\/wp-content\/uploads\/sites\/2\/2021\/06\/Embaladas-individualmente-cada-peca-e-conferida-e-identificada-antes-de-ser-disponibilizada-para-operacao-1200x900.jpg 1200w, https:\/\/tvtecjundiai.com.br\/news\/wp-content\/uploads\/sites\/2\/2021\/06\/Embaladas-individualmente-cada-peca-e-conferida-e-identificada-antes-de-ser-disponibilizada-para-operacao-300x225.jpg 300w, https:\/\/tvtecjundiai.com.br\/news\/wp-content\/uploads\/sites\/2\/2021\/06\/Embaladas-individualmente-cada-peca-e-conferida-e-identificada-antes-de-ser-disponibilizada-para-operacao-768x576.jpg 768w, https:\/\/tvtecjundiai.com.br\/news\/wp-content\/uploads\/sites\/2\/2021\/06\/Embaladas-individualmente-cada-peca-e-conferida-e-identificada-antes-de-ser-disponibilizada-para-operacao.jpg 1280w\" sizes=\"auto, (max-width: 1200px) 100vw, 1200px\" \/><figcaption>Embaladas individualmente, cada pe\u00e7a \u00e9 conferida e identificada antes de ser disponibilizada para opera\u00e7\u00e3o<\/figcaption><\/figure>\n\n\n\n<p><em>(Texto\/Fotos: Assessoria de Imprensa)<\/em><\/p>\n","protected":false},"excerpt":{"rendered":"<p>Desde o in\u00edcio de 2020 o HSV adquiriu o total de 81 novas macas de alto padr\u00e3o<\/p>\n","protected":false},"author":28,"featured_media":77137,"comment_status":"closed","ping_status":"closed","sticky":false,"template":"","format":"standard","meta":{"footnotes":""},"categories":[8356,1],"tags":[],"class_list":["post-77135","post","type-post","status-publish","format-standard","has-post-thumbnail","hentry","category-jundiai","category-noticias"],"_links":{"self":[{"href":"https:\/\/tvtecjundiai.com.br\/news\/wp-json\/wp\/v2\/posts\/77135","targetHints":{"allow":["GET"]}}],"collection":[{"href":"https:\/\/tvtecjundiai.com.br\/news\/wp-json\/wp\/v2\/posts"}],"about":[{"href":"https:\/\/tvtecjundiai.com.br\/news\/wp-json\/wp\/v2\/types\/post"}],"author":[{"embeddable":true,"href":"https:\/\/tvtecjundiai.com.br\/news\/wp-json\/wp\/v2\/users\/28"}],"replies":[{"embeddable":true,"href":"https:\/\/tvtecjundiai.com.br\/news\/wp-json\/wp\/v2\/comments?post=77135"}],"version-history":[{"count":1,"href":"https:\/\/tvtecjundiai.com.br\/news\/wp-json\/wp\/v2\/posts\/77135\/revisions"}],"predecessor-version":[{"id":77139,"href":"https:\/\/tvtecjundiai.com.br\/news\/wp-json\/wp\/v2\/posts\/77135\/revisions\/77139"}],"wp:featuredmedia":[{"embeddable":true,"href":"https:\/\/tvtecjundiai.com.br\/news\/wp-json\/wp\/v2\/media\/77137"}],"wp:attachment":[{"href":"https:\/\/tvtecjundiai.com.br\/news\/wp-json\/wp\/v2\/media?parent=77135"}],"wp:term":[{"taxonomy":"category","embeddable":true,"href":"https:\/\/tvtecjundiai.com.br\/news\/wp-json\/wp\/v2\/categories?post=77135"},{"taxonomy":"post_tag","embeddable":true,"href":"https:\/\/tvtecjundiai.com.br\/news\/wp-json\/wp\/v2\/tags?post=77135"}],"curies":[{"name":"wp","href":"https:\/\/api.w.org\/{rel}","templated":true}]}}