{"id":77148,"date":"2021-06-07T15:55:53","date_gmt":"2021-06-07T18:55:53","guid":{"rendered":"https:\/\/tvtecjundiai.com.br\/news\/?p=77148"},"modified":"2021-06-07T15:55:53","modified_gmt":"2021-06-07T18:55:53","slug":"jundiai-tera-chuva-a-partir-desta-terca-feira-08-e-frio-para-o-final-de-semana","status":"publish","type":"post","link":"https:\/\/tvtecjundiai.com.br\/news\/2021\/06\/07\/jundiai-tera-chuva-a-partir-desta-terca-feira-08-e-frio-para-o-final-de-semana\/","title":{"rendered":"Jundia\u00ed ter\u00e1 chuva a partir desta ter\u00e7a-feira (08) e frio para o final de semana"},"content":{"rendered":"\n<p>De acordo com o Climatempo, Jundia\u00ed tem previs\u00e3o de chuva a partir desta ter\u00e7a-feira (08). Dever\u00e1 haver pancadas de chuva na parte da tarde e da noite. A m\u00e1xima para amanh\u00e3 dever\u00e1 ser de 26\u00ba e a m\u00ednima de 16\u00ba.<\/p>\n\n\n\n<p>J\u00e1 na quarta-feira (09), h\u00e1 possibilidade de chuva de 90%, com pancadas r\u00e1pidas que devem acontecer durante o dia e \u00e0 noite. A m\u00ednima para a quarta-feira ser\u00e1 de 16\u00ba e a m\u00e1xima de 27\u00ba.<\/p>\n\n\n\n<figure class=\"wp-block-image size-large\"><img loading=\"lazy\" decoding=\"async\" width=\"1024\" height=\"683\" src=\"https:\/\/tvtecjundiai.com.br\/news\/wp-content\/uploads\/sites\/2\/2019\/05\/WhatsApp-Image-2019-05-17-at-09.39.33-1-e1623092045663.jpeg\" alt=\"\" class=\"wp-image-30641\" srcset=\"https:\/\/tvtecjundiai.com.br\/news\/wp-content\/uploads\/sites\/2\/2019\/05\/WhatsApp-Image-2019-05-17-at-09.39.33-1-e1623092045663.jpeg 1024w, https:\/\/tvtecjundiai.com.br\/news\/wp-content\/uploads\/sites\/2\/2019\/05\/WhatsApp-Image-2019-05-17-at-09.39.33-1-e1623092045663-300x200.jpeg 300w, https:\/\/tvtecjundiai.com.br\/news\/wp-content\/uploads\/sites\/2\/2019\/05\/WhatsApp-Image-2019-05-17-at-09.39.33-1-e1623092045663-768x512.jpeg 768w\" sizes=\"auto, (max-width: 1024px) 100vw, 1024px\" \/><figcaption>Segundo o Climatempo, h\u00e1 previs\u00e3o de chuva para toda a semana e temperaturas devem cair no final de semana<\/figcaption><\/figure>\n\n\n\n<p>Na quinta-feira (10), a previs\u00e3o do tempo deve continuar com pancadas de chuva durante todo o dia. A m\u00e1xima deve atingir os 26\u00ba e a m\u00e1xima 17\u00ba. J\u00e1 na sexta-feira (11), tamb\u00e9m deve chover durante todo o dia, com m\u00ednima de 16\u00ba e m\u00e1xima de 23\u00ba.<\/p>\n\n\n\n<p>J\u00e1 o final de semana dever\u00e1 ter uma mudan\u00e7a de tempo brusca. No s\u00e1bado (12), a m\u00e1xima n\u00e3o deve passar dos 23\u00ba e a m\u00ednima deve atingir os 15\u00ba. No domingo, a m\u00e1xima continua nos 23\u00ba e a m\u00ednima deve atingir os 11\u00ba.<\/p>\n\n\n\n<p><em>(Texto\/Imagem: TVTEC)<\/em><\/p>\n","protected":false},"excerpt":{"rendered":"<p>Deve chover at\u00e9 sexta-feira (11); m\u00ednima no domingo (13) deve atingir os 11\u00ba<\/p>\n","protected":false},"author":28,"featured_media":30641,"comment_status":"closed","ping_status":"closed","sticky":false,"template":"","format":"standard","meta":{"footnotes":""},"categories":[8356,1],"tags":[],"class_list":["post-77148","post","type-post","status-publish","format-standard","has-post-thumbnail","hentry","category-jundiai","category-noticias"],"_links":{"self":[{"href":"https:\/\/tvtecjundiai.com.br\/news\/wp-json\/wp\/v2\/posts\/77148","targetHints":{"allow":["GET"]}}],"collection":[{"href":"https:\/\/tvtecjundiai.com.br\/news\/wp-json\/wp\/v2\/posts"}],"about":[{"href":"https:\/\/tvtecjundiai.com.br\/news\/wp-json\/wp\/v2\/types\/post"}],"author":[{"embeddable":true,"href":"https:\/\/tvtecjundiai.com.br\/news\/wp-json\/wp\/v2\/users\/28"}],"replies":[{"embeddable":true,"href":"https:\/\/tvtecjundiai.com.br\/news\/wp-json\/wp\/v2\/comments?post=77148"}],"version-history":[{"count":1,"href":"https:\/\/tvtecjundiai.com.br\/news\/wp-json\/wp\/v2\/posts\/77148\/revisions"}],"predecessor-version":[{"id":77149,"href":"https:\/\/tvtecjundiai.com.br\/news\/wp-json\/wp\/v2\/posts\/77148\/revisions\/77149"}],"wp:featuredmedia":[{"embeddable":true,"href":"https:\/\/tvtecjundiai.com.br\/news\/wp-json\/wp\/v2\/media\/30641"}],"wp:attachment":[{"href":"https:\/\/tvtecjundiai.com.br\/news\/wp-json\/wp\/v2\/media?parent=77148"}],"wp:term":[{"taxonomy":"category","embeddable":true,"href":"https:\/\/tvtecjundiai.com.br\/news\/wp-json\/wp\/v2\/categories?post=77148"},{"taxonomy":"post_tag","embeddable":true,"href":"https:\/\/tvtecjundiai.com.br\/news\/wp-json\/wp\/v2\/tags?post=77148"}],"curies":[{"name":"wp","href":"https:\/\/api.w.org\/{rel}","templated":true}]}}