{"id":77156,"date":"2021-06-07T16:44:27","date_gmt":"2021-06-07T19:44:27","guid":{"rendered":"https:\/\/tvtecjundiai.com.br\/news\/?p=77156"},"modified":"2021-06-07T16:44:27","modified_gmt":"2021-06-07T19:44:27","slug":"jundiai-registra-sete-obitos-por-covid-19-nesta-segunda-feira-07","status":"publish","type":"post","link":"https:\/\/tvtecjundiai.com.br\/news\/2021\/06\/07\/jundiai-registra-sete-obitos-por-covid-19-nesta-segunda-feira-07\/","title":{"rendered":"Jundia\u00ed registra sete \u00f3bitos por COVID-19 nesta segunda-feira (07)"},"content":{"rendered":"\n<p>A Prefeitura de Jundia\u00ed informa que, nesta segunda-feira (07), sete \u00f3bitos foram contabilizados de residentes na cidade causados pelo Novo Coronav\u00edrus.<\/p>\n\n\n\n<p>Mulher, 73 anos, portadora de doen\u00e7a cardiovascular cr\u00f4nica e diabetes. Internou 16\/05 e faleceu 03\/06 no hospital S\u00e3o Vicente.<\/p>\n\n\n\n<p>Mulher, 82 anos, portadora de doen\u00e7a cardiovascular cr\u00f4nica e diabetes. Internou 31\/05 e faleceu 07\/06 no hospital S\u00e3o Vicente.<\/p>\n\n\n\n<p>Mulher, 86 anos, obesa, portadora de doen\u00e7a cardiovascular e nefropatia cr\u00f4nicas. Internou 28\/05 e faleceu 07\/06 em hospital privado da cidade.<\/p>\n\n\n\n<p>Mulher, 44 anos, sem comorbidades registradas. Faleceu 01\/04 em outro munic\u00edpio.<\/p>\n\n\n\n<p>Homem, 46 anos, sem comorbidades registradas. Faleceu 10\/05 em outro munic\u00edpio.<\/p>\n\n\n\n<p>Mulher, 78 anos, sem comorbidades registradas. Internou 16\/05 e faleceu 03\/06 em hospital privado da cidade.<\/p>\n\n\n\n<p>Homem, 63 anos, sem comorbidades registradas. Internou 29\/05 e faleceu 07\/06 no S\u00e3o Vicente.<\/p>\n\n\n\n<p>At\u00e9 o momento, a cidade registra 1241 \u00f3bitos causados pela COVID-19 desde o in\u00edcio da pandemia.<\/p>\n\n\n\n<figure class=\"wp-block-image size-large\"><img loading=\"lazy\" decoding=\"async\" width=\"960\" height=\"960\" src=\"https:\/\/tvtecjundiai.com.br\/news\/wp-content\/uploads\/sites\/2\/2021\/06\/slide1-2-960x960.png\" alt=\"\" class=\"wp-image-77157\" srcset=\"https:\/\/tvtecjundiai.com.br\/news\/wp-content\/uploads\/sites\/2\/2021\/06\/slide1-2-960x960.png 960w, https:\/\/tvtecjundiai.com.br\/news\/wp-content\/uploads\/sites\/2\/2021\/06\/slide1-2-300x300.png 300w, https:\/\/tvtecjundiai.com.br\/news\/wp-content\/uploads\/sites\/2\/2021\/06\/slide1-2-100x100.png 100w, https:\/\/tvtecjundiai.com.br\/news\/wp-content\/uploads\/sites\/2\/2021\/06\/slide1-2-768x768.png 768w, https:\/\/tvtecjundiai.com.br\/news\/wp-content\/uploads\/sites\/2\/2021\/06\/slide1-2.png 1280w\" sizes=\"auto, (max-width: 960px) 100vw, 960px\" \/><\/figure>\n\n\n\n<figure class=\"wp-block-image size-large\"><img loading=\"lazy\" decoding=\"async\" width=\"960\" height=\"960\" src=\"https:\/\/tvtecjundiai.com.br\/news\/wp-content\/uploads\/sites\/2\/2021\/06\/slide2-2-960x960.png\" alt=\"\" class=\"wp-image-77158\" srcset=\"https:\/\/tvtecjundiai.com.br\/news\/wp-content\/uploads\/sites\/2\/2021\/06\/slide2-2-960x960.png 960w, https:\/\/tvtecjundiai.com.br\/news\/wp-content\/uploads\/sites\/2\/2021\/06\/slide2-2-300x300.png 300w, https:\/\/tvtecjundiai.com.br\/news\/wp-content\/uploads\/sites\/2\/2021\/06\/slide2-2-100x100.png 100w, https:\/\/tvtecjundiai.com.br\/news\/wp-content\/uploads\/sites\/2\/2021\/06\/slide2-2-768x768.png 768w, https:\/\/tvtecjundiai.com.br\/news\/wp-content\/uploads\/sites\/2\/2021\/06\/slide2-2.png 1280w\" sizes=\"auto, (max-width: 960px) 100vw, 960px\" \/><\/figure>\n\n\n\n<p><em>(Texto\/Imagens: Prefeitura de Jundia\u00ed)<\/em><\/p>\n","protected":false},"excerpt":{"rendered":"<p>\u00d3bito mais jovem foi constatado em mulher de 44 anos, sem comorbidades<\/p>\n","protected":false},"author":28,"featured_media":74771,"comment_status":"closed","ping_status":"closed","sticky":false,"template":"","format":"standard","meta":{"footnotes":""},"categories":[8356,1],"tags":[],"class_list":["post-77156","post","type-post","status-publish","format-standard","has-post-thumbnail","hentry","category-jundiai","category-noticias"],"_links":{"self":[{"href":"https:\/\/tvtecjundiai.com.br\/news\/wp-json\/wp\/v2\/posts\/77156","targetHints":{"allow":["GET"]}}],"collection":[{"href":"https:\/\/tvtecjundiai.com.br\/news\/wp-json\/wp\/v2\/posts"}],"about":[{"href":"https:\/\/tvtecjundiai.com.br\/news\/wp-json\/wp\/v2\/types\/post"}],"author":[{"embeddable":true,"href":"https:\/\/tvtecjundiai.com.br\/news\/wp-json\/wp\/v2\/users\/28"}],"replies":[{"embeddable":true,"href":"https:\/\/tvtecjundiai.com.br\/news\/wp-json\/wp\/v2\/comments?post=77156"}],"version-history":[{"count":1,"href":"https:\/\/tvtecjundiai.com.br\/news\/wp-json\/wp\/v2\/posts\/77156\/revisions"}],"predecessor-version":[{"id":77160,"href":"https:\/\/tvtecjundiai.com.br\/news\/wp-json\/wp\/v2\/posts\/77156\/revisions\/77160"}],"wp:featuredmedia":[{"embeddable":true,"href":"https:\/\/tvtecjundiai.com.br\/news\/wp-json\/wp\/v2\/media\/74771"}],"wp:attachment":[{"href":"https:\/\/tvtecjundiai.com.br\/news\/wp-json\/wp\/v2\/media?parent=77156"}],"wp:term":[{"taxonomy":"category","embeddable":true,"href":"https:\/\/tvtecjundiai.com.br\/news\/wp-json\/wp\/v2\/categories?post=77156"},{"taxonomy":"post_tag","embeddable":true,"href":"https:\/\/tvtecjundiai.com.br\/news\/wp-json\/wp\/v2\/tags?post=77156"}],"curies":[{"name":"wp","href":"https:\/\/api.w.org\/{rel}","templated":true}]}}