{"id":77161,"date":"2021-06-08T09:00:00","date_gmt":"2021-06-08T12:00:00","guid":{"rendered":"https:\/\/tvtecjundiai.com.br\/news\/?p=77161"},"modified":"2021-06-07T17:07:44","modified_gmt":"2021-06-07T20:07:44","slug":"inscricoes-da-fatec-sao-prorrogadas-ate-dia-11-de-junho","status":"publish","type":"post","link":"https:\/\/tvtecjundiai.com.br\/news\/2021\/06\/08\/inscricoes-da-fatec-sao-prorrogadas-ate-dia-11-de-junho\/","title":{"rendered":"Inscri\u00e7\u00f5es da Fatec s\u00e3o prorrogadas at\u00e9 dia 11 de junho"},"content":{"rendered":"\n<p>As inscri\u00e7\u00f5es do processo seletivo das Fatecs (Faculdades de Tecnologia do Estado), que terminavam nesta segunda-feira (7), foram prorrogadas. Agora os candidatos t\u00eam at\u00e9 as 15h da sexta-feira (11) para se inscrever no site.<\/p>\n\n\n\n<p>A sele\u00e7\u00e3o dos candidatos ser\u00e1 pela an\u00e1lise do hist\u00f3rico escolar, sem a realiza\u00e7\u00e3o de prova presencial ou online. Segundo o Centro Paula Souza, que administra as Fatecs, a mudan\u00e7a de crit\u00e9rio foi adotada desde o in\u00edcio da pandemia da COVID-19 com a finalidade de evitar novas contamina\u00e7\u00f5es pela doen\u00e7a.<\/p>\n\n\n\n<p>S\u00e3o 84 cursos de gradua\u00e7\u00e3o tecnol\u00f3gica distribu\u00eddos em diversas unidades. <\/p>\n\n\n\n<figure class=\"wp-block-image size-large\"><img loading=\"lazy\" decoding=\"async\" width=\"1200\" height=\"772\" src=\"https:\/\/tvtecjundiai.com.br\/news\/wp-content\/uploads\/sites\/2\/2020\/12\/fatec-jundiai-1200x772.jpg\" alt=\"\" class=\"wp-image-68149\" srcset=\"https:\/\/tvtecjundiai.com.br\/news\/wp-content\/uploads\/sites\/2\/2020\/12\/fatec-jundiai-1200x772.jpg 1200w, https:\/\/tvtecjundiai.com.br\/news\/wp-content\/uploads\/sites\/2\/2020\/12\/fatec-jundiai-300x193.jpg 300w, https:\/\/tvtecjundiai.com.br\/news\/wp-content\/uploads\/sites\/2\/2020\/12\/fatec-jundiai-768x494.jpg 768w, https:\/\/tvtecjundiai.com.br\/news\/wp-content\/uploads\/sites\/2\/2020\/12\/fatec-jundiai.jpg 1240w\" sizes=\"auto, (max-width: 1200px) 100vw, 1200px\" \/><\/figure>\n\n\n\n<p><strong>Vestibular das Fatecs para o segundo semestre de 2021<\/strong><\/p>\n\n\n\n<ul class=\"wp-block-list\"><li>10 de maio a 11 de junho &#8211; inscri\u00e7\u00f5es para processo seletivo at\u00e9 as 15 horas do \u00faltimo dia no site do vestibular;<\/li><li>16 de junho &#8211; divulga\u00e7\u00e3o da lista preliminar de inscri\u00e7\u00f5es deferidas e indeferidas;<\/li><li>17 e 18 de junho &#8211; per\u00edodo para recurso e retifica\u00e7\u00e3o de notas e documenta\u00e7\u00e3o dos candidatos que tiveram inscri\u00e7\u00f5es indeferidas;<\/li><li>23 de junho &#8211; divulga\u00e7\u00e3o do resultado do recurso e das retifica\u00e7\u00f5es de notas e documentos;<\/li><li>30 de junho &#8211; divulga\u00e7\u00e3o da lista de classifica\u00e7\u00e3o geral e da 1\u00aa lista de convoca\u00e7\u00e3o para matr\u00edcula dos aprovados;<\/li><li>1 a 5 de julho &#8211; matr\u00edcula e envio dos documentos dos convocados na 1\u00aa lista;<\/li><li>12 de julho &#8211; divulga\u00e7\u00e3o das matr\u00edculas aprovadas da 1\u00aa lista de convoca\u00e7\u00e3o;<\/li><li>13 e 14 de julho &#8211; per\u00edodo para acerto de documenta\u00e7\u00e3o de matr\u00edcula da 1\u00aa lista de convoca\u00e7\u00e3o;<\/li><li>16 de julho &#8211; divulga\u00e7\u00e3o de matr\u00edculas aprovadas da 1\u00aa lista de convoca\u00e7\u00e3o ap\u00f3s acerto de documenta\u00e7\u00e3o;<\/li><li>21 de julho &#8211; divulga\u00e7\u00e3o da 2\u00aa lista de convoca\u00e7\u00e3o;<\/li><li>22 de julho &#8211; matr\u00edcula da 2\u00aa lista de convoca\u00e7\u00e3o e envio da documenta\u00e7\u00e3o dos candidatos classificados;<\/li><li>26 de julho &#8211; divulga\u00e7\u00e3o de matr\u00edculas aprovadas da 2\u00aa lista de convoca\u00e7\u00e3o;<\/li><li>27 de julho &#8211; per\u00edodo para acerto de documenta\u00e7\u00e3o de matr\u00edcula da 2\u00aa lista de convoca\u00e7\u00e3o;<\/li><li>29 de julho &#8211; divulga\u00e7\u00e3o de matr\u00edculas aprovadas da 2\u00aa lista de convoca\u00e7\u00e3o ap\u00f3s acerto de documenta\u00e7\u00e3o.<\/li><\/ul>\n\n\n\n<p><em>(Texto: G1\/Imagem: TVTEC)<\/em><\/p>\n","protected":false},"excerpt":{"rendered":"<p>Candidatos t\u00eam at\u00e9 as 15h da sexta-feira (11) para se inscrever no site<\/p>\n","protected":false},"author":28,"featured_media":68149,"comment_status":"closed","ping_status":"closed","sticky":false,"template":"","format":"standard","meta":{"footnotes":""},"categories":[8356,1],"tags":[],"class_list":["post-77161","post","type-post","status-publish","format-standard","has-post-thumbnail","hentry","category-jundiai","category-noticias"],"_links":{"self":[{"href":"https:\/\/tvtecjundiai.com.br\/news\/wp-json\/wp\/v2\/posts\/77161","targetHints":{"allow":["GET"]}}],"collection":[{"href":"https:\/\/tvtecjundiai.com.br\/news\/wp-json\/wp\/v2\/posts"}],"about":[{"href":"https:\/\/tvtecjundiai.com.br\/news\/wp-json\/wp\/v2\/types\/post"}],"author":[{"embeddable":true,"href":"https:\/\/tvtecjundiai.com.br\/news\/wp-json\/wp\/v2\/users\/28"}],"replies":[{"embeddable":true,"href":"https:\/\/tvtecjundiai.com.br\/news\/wp-json\/wp\/v2\/comments?post=77161"}],"version-history":[{"count":1,"href":"https:\/\/tvtecjundiai.com.br\/news\/wp-json\/wp\/v2\/posts\/77161\/revisions"}],"predecessor-version":[{"id":77162,"href":"https:\/\/tvtecjundiai.com.br\/news\/wp-json\/wp\/v2\/posts\/77161\/revisions\/77162"}],"wp:featuredmedia":[{"embeddable":true,"href":"https:\/\/tvtecjundiai.com.br\/news\/wp-json\/wp\/v2\/media\/68149"}],"wp:attachment":[{"href":"https:\/\/tvtecjundiai.com.br\/news\/wp-json\/wp\/v2\/media?parent=77161"}],"wp:term":[{"taxonomy":"category","embeddable":true,"href":"https:\/\/tvtecjundiai.com.br\/news\/wp-json\/wp\/v2\/categories?post=77161"},{"taxonomy":"post_tag","embeddable":true,"href":"https:\/\/tvtecjundiai.com.br\/news\/wp-json\/wp\/v2\/tags?post=77161"}],"curies":[{"name":"wp","href":"https:\/\/api.w.org\/{rel}","templated":true}]}}