{"id":77163,"date":"2021-06-07T18:17:39","date_gmt":"2021-06-07T21:17:39","guid":{"rendered":"https:\/\/tvtecjundiai.com.br\/news\/?p=77163"},"modified":"2021-06-07T18:17:39","modified_gmt":"2021-06-07T21:17:39","slug":"hospital-sao-vicente-amplia-mais-16-leitos-de-enfermaria-para-atendimento-exclusivo-covid-19","status":"publish","type":"post","link":"https:\/\/tvtecjundiai.com.br\/news\/2021\/06\/07\/hospital-sao-vicente-amplia-mais-16-leitos-de-enfermaria-para-atendimento-exclusivo-covid-19\/","title":{"rendered":"Hospital S\u00e3o Vicente amplia mais 16 leitos de enfermaria para atendimento exclusivo COVID-19"},"content":{"rendered":"\n<p>Diante do aumento de demanda por leitos destinados a pacientes COVID-19 nos \u00faltimos dias,\u00a0o Comit\u00ea de Enfrentamento ao Coronav\u00edrus (CEC) amplia em 11% a disponibilidade de leitos p\u00fablicos para manter a assist\u00eancia a pacientes de Jundia\u00ed e regi\u00e3o. O Hospital de Caridade S\u00e3o Vicente de Paulo (HSV) passa, a partir desta segunda-feira (7), a contar com mais 16 leitos de enfermaria. Com a adequa\u00e7\u00e3o, a unidade passa a oferecer o total de 166 leitos, sendo 84 de enfermaria e 82 leitos de UTI, al\u00e9m de 14 leitos na Unidade de Pronto Atendimento (UPA) Vetor Oeste. No total o munic\u00edpio conta com 180 leitos destinados \u00e0 assist\u00eancia de pacientes v\u00edtimas da pandemia.<\/p>\n\n\n\n<p>A m\u00e9dia m\u00f3vel de novas interna\u00e7\u00f5es di\u00e1rias com suspeita ou confirma\u00e7\u00e3o para COVID-19 cresceu 31% entre os \u00faltimos 14 dias. Em 23 de maio o \u00edndice era de 12, 57 novas interna\u00e7\u00f5es ao dia e no dia 06 de junho, chegou a 16,43. No que se refere \u00e0 faixa et\u00e1ria, o m\u00eas de maio apresentou uma redu\u00e7\u00e3o proporcional das interna\u00e7\u00f5es de pacientes com idade acima de 60 anos, a m\u00e9dia de interna\u00e7\u00e3o deste grupo que representava 57% passou para 39%.<\/p>\n\n\n\n<figure class=\"wp-block-image size-large\"><img loading=\"lazy\" decoding=\"async\" width=\"1146\" height=\"764\" src=\"https:\/\/tvtecjundiai.com.br\/news\/wp-content\/uploads\/sites\/2\/2021\/06\/leitos_hsv.jpg\" alt=\"\" class=\"wp-image-77164\" srcset=\"https:\/\/tvtecjundiai.com.br\/news\/wp-content\/uploads\/sites\/2\/2021\/06\/leitos_hsv.jpg 1146w, https:\/\/tvtecjundiai.com.br\/news\/wp-content\/uploads\/sites\/2\/2021\/06\/leitos_hsv-300x200.jpg 300w, https:\/\/tvtecjundiai.com.br\/news\/wp-content\/uploads\/sites\/2\/2021\/06\/leitos_hsv-768x512.jpg 768w\" sizes=\"auto, (max-width: 1146px) 100vw, 1146px\" \/><figcaption>Leitos h\u00edbridos da Cl\u00ednica Ortop\u00e9dica foram transformados para atendimento exclusivo COVID-19<\/figcaption><\/figure>\n\n\n\n<p>\u201cEstamos atentos \u00e0s necessidades e aos indicadores da pandemia. Jundia\u00ed conta com estrutura, a partir dos leitos h\u00edbridos do HSV, para a amplia\u00e7\u00e3o dos leitos para o atendimento \u00e0 popula\u00e7\u00e3o. Contudo, \u00e9 essencial que as pessoas mantenham as regras sanit\u00e1rias de preven\u00e7\u00e3o \u00e0 COVID-19 com o uso de m\u00e1scara, \u00e1lcool em gel e a higieniza\u00e7\u00e3o frequente das m\u00e3os\u201d, detalha o prefeito Luiz Fernando Machado.<\/p>\n\n\n\n<p>Os 16 leitos adequados para o atendimento exclusivo \u00e0 COVID-19 foram adequados na Cl\u00ednica de Ortopedia do HSV. O hospital \u00e9 a refer\u00eancia para o atendimento em alta complexidade para Jundia\u00ed e regi\u00e3o. Com a abertura de mais leitos o HSV passa a contar com 84 leitos de enfermaria e 82 leitos de Unidade de Terapia Intensiva (UTI), totalizando 166 leitos p\u00fablicos dedicados \u00e0 pandemia. \u201cO term\u00f4metro para indicar a tend\u00eancia da COVID-19 \u00e9 o n\u00famero de casos com sintomas gripais. Tivemos 2.564 pessoas atendidas com sintomas gripais na \u00faltima semana em UBS e Pronto Atendimento Exclusivo COVID-19. Esse n\u00famero \u00e9 equivalente ao atendimento nos picos registrados no ano passado, entre junho\/julho e em dezembro\u201d, detalha o gestor da Unidade de Gest\u00e3o de Promo\u00e7\u00e3o da Sa\u00fade (UGPS), Tiago Texera.<\/p>\n\n\n\n<p><em>(Texto\/Imagem: Prefeitura de Jundia\u00ed)<\/em><\/p>\n","protected":false},"excerpt":{"rendered":"<p>Comit\u00ea de Enfrentamento ao Coronav\u00edrus (CEC) ampliou em 11% a disponibilidade de leitos p\u00fablicos<\/p>\n","protected":false},"author":28,"featured_media":77164,"comment_status":"closed","ping_status":"closed","sticky":false,"template":"","format":"standard","meta":{"footnotes":""},"categories":[8356,1],"tags":[],"class_list":["post-77163","post","type-post","status-publish","format-standard","has-post-thumbnail","hentry","category-jundiai","category-noticias"],"_links":{"self":[{"href":"https:\/\/tvtecjundiai.com.br\/news\/wp-json\/wp\/v2\/posts\/77163","targetHints":{"allow":["GET"]}}],"collection":[{"href":"https:\/\/tvtecjundiai.com.br\/news\/wp-json\/wp\/v2\/posts"}],"about":[{"href":"https:\/\/tvtecjundiai.com.br\/news\/wp-json\/wp\/v2\/types\/post"}],"author":[{"embeddable":true,"href":"https:\/\/tvtecjundiai.com.br\/news\/wp-json\/wp\/v2\/users\/28"}],"replies":[{"embeddable":true,"href":"https:\/\/tvtecjundiai.com.br\/news\/wp-json\/wp\/v2\/comments?post=77163"}],"version-history":[{"count":1,"href":"https:\/\/tvtecjundiai.com.br\/news\/wp-json\/wp\/v2\/posts\/77163\/revisions"}],"predecessor-version":[{"id":77165,"href":"https:\/\/tvtecjundiai.com.br\/news\/wp-json\/wp\/v2\/posts\/77163\/revisions\/77165"}],"wp:featuredmedia":[{"embeddable":true,"href":"https:\/\/tvtecjundiai.com.br\/news\/wp-json\/wp\/v2\/media\/77164"}],"wp:attachment":[{"href":"https:\/\/tvtecjundiai.com.br\/news\/wp-json\/wp\/v2\/media?parent=77163"}],"wp:term":[{"taxonomy":"category","embeddable":true,"href":"https:\/\/tvtecjundiai.com.br\/news\/wp-json\/wp\/v2\/categories?post=77163"},{"taxonomy":"post_tag","embeddable":true,"href":"https:\/\/tvtecjundiai.com.br\/news\/wp-json\/wp\/v2\/tags?post=77163"}],"curies":[{"name":"wp","href":"https:\/\/api.w.org\/{rel}","templated":true}]}}