{"id":77166,"date":"2021-06-07T18:37:42","date_gmt":"2021-06-07T21:37:42","guid":{"rendered":"https:\/\/tvtecjundiai.com.br\/news\/?p=77166"},"modified":"2021-06-07T18:43:28","modified_gmt":"2021-06-07T21:43:28","slug":"jundiai-recebe-mais-88-mil-de-vacinas-contra-covid-19-para-novos-publicos-1","status":"publish","type":"post","link":"https:\/\/tvtecjundiai.com.br\/news\/2021\/06\/07\/jundiai-recebe-mais-88-mil-de-vacinas-contra-covid-19-para-novos-publicos-1\/","title":{"rendered":"COVID-19: Jundia\u00ed abre agendamento para gestantes, pu\u00e9rperas e outros grupos a partir de quarta-feira (09)"},"content":{"rendered":"\n<p>Nesta ter\u00e7a-feira (8), Jundia\u00ed receber\u00e1 mais 8,8 mil doses de vacinas contra COVID-19. Desta vez, a destina\u00e7\u00e3o ser\u00e1 para profissionais de Educa\u00e7\u00e3o com 45 a 46 anos, Pessoas com Defici\u00eancia (PCD) permanente grave e gestantes e pu\u00e9rperas sem comorbidades. No lote tamb\u00e9m constam as segundas doses para as gestantes e pu\u00e9rperas com comorbidades que j\u00e1 receberam a primeira dose. O agendamento da primeira dose ser\u00e1 escalonado ao longo desta semana, pelo APP Jundia\u00ed e&nbsp;<a href=\"https:\/\/vacina.jundiai.sp.gov.br\/agendamento\/?rand=148507130855\">site.<\/a><\/p>\n\n\n\n<figure class=\"wp-block-image size-large\"><img loading=\"lazy\" decoding=\"async\" width=\"899\" height=\"599\" src=\"https:\/\/tvtecjundiai.com.br\/news\/wp-content\/uploads\/sites\/2\/2021\/06\/vacinacao-covid-19-no-aramis-polli_c_-9-1.jpg\" alt=\"\" class=\"wp-image-77167\" srcset=\"https:\/\/tvtecjundiai.com.br\/news\/wp-content\/uploads\/sites\/2\/2021\/06\/vacinacao-covid-19-no-aramis-polli_c_-9-1.jpg 899w, https:\/\/tvtecjundiai.com.br\/news\/wp-content\/uploads\/sites\/2\/2021\/06\/vacinacao-covid-19-no-aramis-polli_c_-9-1-300x200.jpg 300w, https:\/\/tvtecjundiai.com.br\/news\/wp-content\/uploads\/sites\/2\/2021\/06\/vacinacao-covid-19-no-aramis-polli_c_-9-1-768x512.jpg 768w\" sizes=\"auto, (max-width: 899px) 100vw, 899px\" \/><figcaption>Novo lote de vacinas ser\u00e1 recebido nesta ter\u00e7a-feira (8) e agendamento ter\u00e1 in\u00edcio na quarta (9)<\/figcaption><\/figure>\n\n\n\n<p><strong>Quarta-feira (9), \u00e0s 11h \u2013 Gestantes e Pu\u00e9rperas sem comorbidades (D1) com 18 anos ou mais.<\/strong><br>Documentos necess\u00e1rios: comprova\u00e7\u00e3o do estado gestacional (gestantes) ou certid\u00e3o de nascimento da crian\u00e7a (pu\u00e9rperas); CPF, comprovante de endere\u00e7o e documento com foto.<br><br><strong>Quinta-feira (10), \u00e0s 11h \u2013 Pessoas com Defici\u00eancia (PCD) permanente grave com 18 anos ou mais.<\/strong><br>Estar\u00e3o aptos para o agendamento, pessoas que apresentem uma ou mais das seguintes limita\u00e7\u00f5es:<br>\u2013 motora que cause grande dificuldade ou incapacidade para andar ou subir escada;<br>\u2013 grande dificuldade ou incapacidade de ouvir;<br>\u2013 grande dificuldade ou incapacidade de enxergar;<br>\u2013 defici\u00eancia intelectual permanente que limite suas atividades.<br>Documentos necess\u00e1rios: &nbsp;relat\u00f3rio m\u00e9dico ou de enfermagem ou documento que comprove a defici\u00eancia, CPF, comprovante de resid\u00eancia e documento com foto.<br><br><strong>Sexta-feira (11), \u00e0s 11h \u2013 Profissionais da Educa\u00e7\u00e3o com 45 a 46 anos.<\/strong><br>Antes de realizar o agendamento \u00e9 necess\u00e1rio fazer o cadastro no site do&nbsp;<a href=\"http:\/\/vacinaja.sp.gov.br\/educacao\">VacinaJ\u00e1\/Educa\u00e7\u00e3o<\/a>&nbsp;e preencher com os dados do profissional e encaminhar os comprovantes solicitados. Somente ser\u00e3o recebidos cadastros de profissionais que atendem aos crit\u00e9rios determinados pelo Estado: idade entre 45 e 46 anos, estar na ativa e que atuem no Ensino Infantil I e II, Fundamental e M\u00e9dio, em fun\u00e7\u00f5es como diretores, secret\u00e1rios, auxiliares de servi\u00e7os gerais, merendeiras, monitores, cuidadores e faxineiras.&nbsp; A lista completa de fun\u00e7\u00f5es pode ser acessada no&nbsp;<a href=\"https:\/\/jundiai.sp.gov.br\/coronavirus\/faq\/vacinacao-covid-19\/quais-profissionais-de-educacao-podem-tomar-a-vacina-neste-momento\/\">link<\/a>.&nbsp; A valida\u00e7\u00e3o do cadastro \u00e9 feita pelo sistema estadual. A resposta ser\u00e1 encaminhada pelo e-mail cadastrado pelo usu\u00e1rio. Com o QR Code em m\u00e3os, basta realizar o agendamento no site da prefeitura ou APP Jundia\u00ed. No dia da vacina\u00e7\u00e3o, apresentar o QR Code e documento com foto.<\/p>\n\n\n\n<p>J\u00e1 as gr\u00e1vidas e pu\u00e9rperas com comorbidades, que tomaram a primeira dose, j\u00e1 est\u00e3o com o agendamento organizado pelo cart\u00e3o de vacina\u00e7\u00e3o. Basta comparecer no local e hor\u00e1rios indicados para a recep\u00e7\u00e3o da segunda dose.<\/p>\n\n\n\n<p><em>(Texto\/Imagem: Prefeitura de Jundia\u00ed)<\/em><\/p>\n","protected":false},"excerpt":{"rendered":"<p>O agendamento da primeira dose ser\u00e1 escalonado ao longo desta semana, pelo APP Jundia\u00ed e site<\/p>\n","protected":false},"author":28,"featured_media":77167,"comment_status":"closed","ping_status":"closed","sticky":false,"template":"","format":"standard","meta":{"footnotes":""},"categories":[8356,1],"tags":[],"class_list":["post-77166","post","type-post","status-publish","format-standard","has-post-thumbnail","hentry","category-jundiai","category-noticias"],"_links":{"self":[{"href":"https:\/\/tvtecjundiai.com.br\/news\/wp-json\/wp\/v2\/posts\/77166","targetHints":{"allow":["GET"]}}],"collection":[{"href":"https:\/\/tvtecjundiai.com.br\/news\/wp-json\/wp\/v2\/posts"}],"about":[{"href":"https:\/\/tvtecjundiai.com.br\/news\/wp-json\/wp\/v2\/types\/post"}],"author":[{"embeddable":true,"href":"https:\/\/tvtecjundiai.com.br\/news\/wp-json\/wp\/v2\/users\/28"}],"replies":[{"embeddable":true,"href":"https:\/\/tvtecjundiai.com.br\/news\/wp-json\/wp\/v2\/comments?post=77166"}],"version-history":[{"count":3,"href":"https:\/\/tvtecjundiai.com.br\/news\/wp-json\/wp\/v2\/posts\/77166\/revisions"}],"predecessor-version":[{"id":77170,"href":"https:\/\/tvtecjundiai.com.br\/news\/wp-json\/wp\/v2\/posts\/77166\/revisions\/77170"}],"wp:featuredmedia":[{"embeddable":true,"href":"https:\/\/tvtecjundiai.com.br\/news\/wp-json\/wp\/v2\/media\/77167"}],"wp:attachment":[{"href":"https:\/\/tvtecjundiai.com.br\/news\/wp-json\/wp\/v2\/media?parent=77166"}],"wp:term":[{"taxonomy":"category","embeddable":true,"href":"https:\/\/tvtecjundiai.com.br\/news\/wp-json\/wp\/v2\/categories?post=77166"},{"taxonomy":"post_tag","embeddable":true,"href":"https:\/\/tvtecjundiai.com.br\/news\/wp-json\/wp\/v2\/tags?post=77166"}],"curies":[{"name":"wp","href":"https:\/\/api.w.org\/{rel}","templated":true}]}}