{"id":77182,"date":"2021-06-08T09:53:48","date_gmt":"2021-06-08T12:53:48","guid":{"rendered":"https:\/\/tvtecjundiai.com.br\/news\/?p=77182"},"modified":"2021-06-08T10:01:51","modified_gmt":"2021-06-08T13:01:51","slug":"com-materiais-reaproveitados-familia-constroi-casa-de-hobbit-em-jundiai","status":"publish","type":"post","link":"https:\/\/tvtecjundiai.com.br\/news\/2021\/06\/08\/com-materiais-reaproveitados-familia-constroi-casa-de-hobbit-em-jundiai\/","title":{"rendered":"Com materiais reaproveitados, fam\u00edlia constr\u00f3i &#8216;casa de hobbit&#8217; em Jundia\u00ed"},"content":{"rendered":"\n<p>Uma porta redonda em um morro esconde um lugar m\u00e1gico na Serra do Japi, em Jundia\u00ed. Ao abri-la, \u00e9 poss\u00edvel entrar em um mundo de fantasias e se transportar para os cen\u00e1rios da Terra M\u00e9dia, de &#8220;O Senhor dos An\u00e9is&#8221;.<\/p>\n\n\n\n<p>A pequena cabana, constru\u00edda de forma totalmente artesanal, virou um local de aconchego para a fam\u00edlia de Meriele e Get\u00falio de S\u00e1. O casal decidiu reaproveitar os materiais encontrados na natureza e criar uma casa inspirada na toca de Bilbo Bolseiro, personagem das obras de J.R.R. Tolkien.<\/p>\n\n\n\n<p>Foram 10 meses de trabalho duro, at\u00e9 aos fins de semana. Get\u00falio conta que foi preciso somente uma coisa para come\u00e7ar: espontaneidade.<\/p>\n\n\n\n<div class=\"wp-block-image\"><figure class=\"aligncenter size-large\"><img loading=\"lazy\" decoding=\"async\" width=\"1008\" height=\"672\" src=\"https:\/\/tvtecjundiai.com.br\/news\/wp-content\/uploads\/sites\/2\/2021\/06\/casa-hobbit.jpg\" alt=\"\" class=\"wp-image-77183\" srcset=\"https:\/\/tvtecjundiai.com.br\/news\/wp-content\/uploads\/sites\/2\/2021\/06\/casa-hobbit.jpg 1008w, https:\/\/tvtecjundiai.com.br\/news\/wp-content\/uploads\/sites\/2\/2021\/06\/casa-hobbit-300x200.jpg 300w, https:\/\/tvtecjundiai.com.br\/news\/wp-content\/uploads\/sites\/2\/2021\/06\/casa-hobbit-768x512.jpg 768w\" sizes=\"auto, (max-width: 1008px) 100vw, 1008px\" \/><\/figure><\/div>\n\n\n\n<p>&#8220;Eu olhei para aquele morro e me deu vontade de cavar um buraco para construir uma casinha ali. Em um dia, eu acordei e pensei: &#8216;quer saber, vou fazer&#8217;. E simplesmente fiz. Foi assim que tudo come\u00e7ou&#8221;, conta.<\/p>\n\n\n\n<p>A constru\u00e7\u00e3o foi tomando forma e moldando a si mesma, na medida em que o casal encontrava novos materiais e formas de trazer vida ao local. O tronco da \u00e1rvore ca\u00edda virou sof\u00e1, parte da porta e um m\u00f3vel na cozinha. Com o tempo, at\u00e9 as plantas se &#8220;adaptaram&#8221; \u00e0 pequena casa.<\/p>\n\n\n\n<div class=\"wp-block-image\"><figure class=\"aligncenter size-large\"><img loading=\"lazy\" decoding=\"async\" width=\"984\" height=\"738\" src=\"https:\/\/tvtecjundiai.com.br\/news\/wp-content\/uploads\/sites\/2\/2021\/06\/casa-hobbit-7-.jpeg\" alt=\"\" class=\"wp-image-77184\" srcset=\"https:\/\/tvtecjundiai.com.br\/news\/wp-content\/uploads\/sites\/2\/2021\/06\/casa-hobbit-7-.jpeg 984w, https:\/\/tvtecjundiai.com.br\/news\/wp-content\/uploads\/sites\/2\/2021\/06\/casa-hobbit-7--300x225.jpeg 300w, https:\/\/tvtecjundiai.com.br\/news\/wp-content\/uploads\/sites\/2\/2021\/06\/casa-hobbit-7--768x576.jpeg 768w\" sizes=\"auto, (max-width: 984px) 100vw, 984px\" \/><figcaption>\u00c1rvores encontradas na mata pr\u00f3ximo \u00e0 casa de Meriele e Get\u00falio foram usadas na constru\u00e7\u00e3o da casa<\/figcaption><\/figure><\/div>\n\n\n\n<p>&#8220;O mais legal de tudo \u00e9 que n\u00f3s olh\u00e1vamos para os materiais e tent\u00e1vamos ver qual conversa eles traziam para a gente, o que poderiam virar. Nossa imagem era fazer um ninho com amor e, aos poucos, quase como m\u00e1gica, a casa foi se revelando para n\u00f3s&#8221;, relembra Meriele.<\/p>\n\n\n\n<p>As li\u00e7\u00f5es dos filmes e dos livros que foram aplicadas durante a obra acabaram ficando e se tornaram parte importante da hist\u00f3ria da fam\u00edlia.<\/p>\n\n\n\n<p>&#8220;Nos filmes, os hobbits mostram o amor por todas as formas de vida. As plantas, as flores e tamb\u00e9m a boa comida. Eles descrevem com muito carinho e foi a\u00ed que achamos uma conex\u00e3o. Tinha tudo a ver com a gente&#8221;, afirma Meriele.<\/p>\n\n\n\n<div class=\"wp-block-image\"><figure class=\"aligncenter size-large\"><img loading=\"lazy\" decoding=\"async\" width=\"984\" height=\"738\" src=\"https:\/\/tvtecjundiai.com.br\/news\/wp-content\/uploads\/sites\/2\/2021\/06\/casa-hobbit-3-.jpeg\" alt=\"\" class=\"wp-image-77185\" srcset=\"https:\/\/tvtecjundiai.com.br\/news\/wp-content\/uploads\/sites\/2\/2021\/06\/casa-hobbit-3-.jpeg 984w, https:\/\/tvtecjundiai.com.br\/news\/wp-content\/uploads\/sites\/2\/2021\/06\/casa-hobbit-3--300x225.jpeg 300w, https:\/\/tvtecjundiai.com.br\/news\/wp-content\/uploads\/sites\/2\/2021\/06\/casa-hobbit-3--768x576.jpeg 768w\" sizes=\"auto, (max-width: 984px) 100vw, 984px\" \/><figcaption>Get\u00falio com a estrutura da famosa porta redonda, parte essencial da cabana inspirada nas tocas dos hobbits<\/figcaption><\/figure><\/div>\n\n\n\n<h2 class=\"wp-block-heading\">Detalhes mais que especiais<\/h2>\n\n\n\n<p>O casal explica que cada canto da casa foi feito com muito cuidado, e o resultado surpreendeu n\u00e3o s\u00f3 familiares e amigos, mas eles mesmos tamb\u00e9m. Al\u00e9m da \u00e1rvore, peda\u00e7os de madeira e at\u00e9 um poste velho serviram como pilares na estrutura da pequena toca.<\/p>\n\n\n\n<p>&#8220;Eu prometi que ia fazer algo com essas \u00e1rvores e com os objetos e restos de obras de ach\u00e1vamos. Creio que seja uma forma de retribuir tudo o que a natureza nos d\u00e1, reaproveitando seus materiais e colocando muito amor no processo&#8221;, diz Get\u00falio.<\/p>\n\n\n\n<div class=\"wp-block-image\"><figure class=\"aligncenter size-large\"><img loading=\"lazy\" decoding=\"async\" width=\"984\" height=\"738\" src=\"https:\/\/tvtecjundiai.com.br\/news\/wp-content\/uploads\/sites\/2\/2021\/06\/casa-hobbit-convert-1.jpg\" alt=\"\" class=\"wp-image-77186\" srcset=\"https:\/\/tvtecjundiai.com.br\/news\/wp-content\/uploads\/sites\/2\/2021\/06\/casa-hobbit-convert-1.jpg 984w, https:\/\/tvtecjundiai.com.br\/news\/wp-content\/uploads\/sites\/2\/2021\/06\/casa-hobbit-convert-1-300x225.jpg 300w, https:\/\/tvtecjundiai.com.br\/news\/wp-content\/uploads\/sites\/2\/2021\/06\/casa-hobbit-convert-1-768x576.jpg 768w\" sizes=\"auto, (max-width: 984px) 100vw, 984px\" \/><figcaption>Interior da cabana inspirada nas tocas dos hobbits, em Jundia\u00ed<\/figcaption><\/figure><\/div>\n\n\n\n<p>N\u00e3o s\u00f3 a estrutura, mas cada pequeno detalhe se tornou especial durante o processo de constru\u00e7\u00e3o e de decora\u00e7\u00e3o da casa dos hobbits. Quadros, almofadas, pe\u00e7as de decora\u00e7\u00e3o\u2026 Tudo saiu das m\u00e3os de Meriele. O desenho da t\u00e3o famosa porta redonda tamb\u00e9m foi feito especialmente para a fam\u00edlia por um artista.<\/p>\n\n\n\n<p>&#8220;Quer\u00edamos que fosse algo realmente nosso, feitos por n\u00f3s. Acredito que isso muda totalmente o prop\u00f3sito de tudo. Quando \u00e9 feito com amor, transborda e transparece&#8221;, afirma Meriele.<\/p>\n\n\n\n<div class=\"wp-block-image\"><figure class=\"aligncenter size-large\"><img loading=\"lazy\" decoding=\"async\" width=\"984\" height=\"738\" src=\"https:\/\/tvtecjundiai.com.br\/news\/wp-content\/uploads\/sites\/2\/2021\/06\/casa-hobbit-convert-2.jpg\" alt=\"\" class=\"wp-image-77187\" srcset=\"https:\/\/tvtecjundiai.com.br\/news\/wp-content\/uploads\/sites\/2\/2021\/06\/casa-hobbit-convert-2.jpg 984w, https:\/\/tvtecjundiai.com.br\/news\/wp-content\/uploads\/sites\/2\/2021\/06\/casa-hobbit-convert-2-300x225.jpg 300w, https:\/\/tvtecjundiai.com.br\/news\/wp-content\/uploads\/sites\/2\/2021\/06\/casa-hobbit-convert-2-768x576.jpg 768w\" sizes=\"auto, (max-width: 984px) 100vw, 984px\" \/><\/figure><\/div>\n\n\n\n<p><strong>O abrir das portas e do cora\u00e7\u00e3o<br><\/strong>Desde o come\u00e7o, a inten\u00e7\u00e3o era usar o espa\u00e7o como um ref\u00fagio, um ninho para a fam\u00edlia se aconchegar. Mas, ao virem o resultado, Meriele e Get\u00falio foram incentivados a abrir as portas para o p\u00fablico.<\/p>\n\n\n\n<p>&#8220;Nossos amigos viram a casa e nos falaram: &#8216;voc\u00eas est\u00e3o malucos! Como que algo assim existe de verdade? As pessoas precisam ver isso&#8217;. E foi ent\u00e3o que come\u00e7amos a pensar em receber h\u00f3spedes&#8221;, lembra Meriele.<\/p>\n\n\n\n<div class=\"wp-block-image\"><figure class=\"aligncenter size-large\"><img loading=\"lazy\" decoding=\"async\" width=\"984\" height=\"656\" src=\"https:\/\/tvtecjundiai.com.br\/news\/wp-content\/uploads\/sites\/2\/2021\/06\/casa-hobbit-convert.jpg\" alt=\"\" class=\"wp-image-77188\" srcset=\"https:\/\/tvtecjundiai.com.br\/news\/wp-content\/uploads\/sites\/2\/2021\/06\/casa-hobbit-convert.jpg 984w, https:\/\/tvtecjundiai.com.br\/news\/wp-content\/uploads\/sites\/2\/2021\/06\/casa-hobbit-convert-300x200.jpg 300w, https:\/\/tvtecjundiai.com.br\/news\/wp-content\/uploads\/sites\/2\/2021\/06\/casa-hobbit-convert-768x512.jpg 768w\" sizes=\"auto, (max-width: 984px) 100vw, 984px\" \/><\/figure><\/div>\n\n\n\n<p>No entanto, o processo n\u00e3o foi t\u00e3o simples e, de certa forma, o &#8220;sentimento hobbit&#8221; veio \u00e0 tona. &#8220;Lembramos de como o Bilbo n\u00e3o queria que ningu\u00e9m entrasse na casa dele e, logo que abrimos, sentimos um pouco disso, mas decidimos continuar com a ideia&#8221;, explica Get\u00falio.<\/p>\n\n\n\n<p>A casinha acabou virando um destino perfeito, mesmo durante a pandemia do coronav\u00edrus. A vista tranquila e isolada nas montanhas, em meio \u00e0 Serra do Japi, proporciona um momento m\u00e1gico e seguro.<\/p>\n\n\n\n<div class=\"wp-block-image\"><figure class=\"aligncenter size-large\"><img loading=\"lazy\" decoding=\"async\" width=\"984\" height=\"738\" src=\"https:\/\/tvtecjundiai.com.br\/news\/wp-content\/uploads\/sites\/2\/2021\/06\/casa-hobbit-convert-4.jpg\" alt=\"\" class=\"wp-image-77189\" srcset=\"https:\/\/tvtecjundiai.com.br\/news\/wp-content\/uploads\/sites\/2\/2021\/06\/casa-hobbit-convert-4.jpg 984w, https:\/\/tvtecjundiai.com.br\/news\/wp-content\/uploads\/sites\/2\/2021\/06\/casa-hobbit-convert-4-300x225.jpg 300w, https:\/\/tvtecjundiai.com.br\/news\/wp-content\/uploads\/sites\/2\/2021\/06\/casa-hobbit-convert-4-768x576.jpg 768w\" sizes=\"auto, (max-width: 984px) 100vw, 984px\" \/><\/figure><\/div>\n\n\n\n<p>&#8220;Nos preocupamos com a privacidade dos h\u00f3spedes e com a nossa tamb\u00e9m. A privacidade n\u00e3o pode ser ferida. O espa\u00e7o precisa ser respeitado. Tamb\u00e9m abrimos somente em temporadas, com pausas org\u00e2nicas. Essa pausa \u00e9 importante tanto para terra, quanto para n\u00f3s&#8221;, diz.<\/p>\n\n\n\n<p><strong>Encanto para turistas<br><\/strong>Em apenas alguns meses de abertura, o cantinho de Meriele e Get\u00falio ganhou o cora\u00e7\u00e3o de muitos h\u00f3spedes, que ficaram boquiabertos com a constru\u00e7\u00e3o. Eduardo Feltrin e Carolina Barduk sentiram isso na pele.<\/p>\n\n\n\n<div class=\"wp-block-image\"><figure class=\"aligncenter size-large\"><img loading=\"lazy\" decoding=\"async\" width=\"984\" height=\"738\" src=\"https:\/\/tvtecjundiai.com.br\/news\/wp-content\/uploads\/sites\/2\/2021\/06\/casa-hobbit-convert-3.jpg\" alt=\"\" class=\"wp-image-77190\" srcset=\"https:\/\/tvtecjundiai.com.br\/news\/wp-content\/uploads\/sites\/2\/2021\/06\/casa-hobbit-convert-3.jpg 984w, https:\/\/tvtecjundiai.com.br\/news\/wp-content\/uploads\/sites\/2\/2021\/06\/casa-hobbit-convert-3-300x225.jpg 300w, https:\/\/tvtecjundiai.com.br\/news\/wp-content\/uploads\/sites\/2\/2021\/06\/casa-hobbit-convert-3-768x576.jpg 768w\" sizes=\"auto, (max-width: 984px) 100vw, 984px\" \/><\/figure><\/div>\n\n\n\n<p>O casal \u00e9 de S\u00e3o Paulo (SP) e trabalha com turismo nas redes sociais. Com v\u00eddeos e fotos, eles mostram lugares diferentes e inusitados em todo o estado e j\u00e1 conquistaram milhares de seguidores.<\/p>\n\n\n\n<p>&#8220;Com a pandemia, tivemos que mudar um pouco o nosso roteiro. De in\u00edcio, nos preocupamos se conseguir\u00edamos continuar o trabalho. Come\u00e7amos a procurar lugares diferentes, mas que fossem mais isolados e seguros. Foi a\u00ed que encontramos a Casa Hobbit&#8221;, conta Eduardo.<\/p>\n\n\n\n<p>A estadia de quatro dias foi suficiente para mudar um pequeno peda\u00e7o do cora\u00e7\u00e3o dos dois. Para Carolina, a atmosfera da casa \u00e9 o principal diferencial.<\/p>\n\n\n\n<p>&#8220;Voc\u00ea percebe que tudo ali tem amor, tudo ali tem muito carinho e cuidado. \u00c9 uma calma, uma paz, que n\u00e3o tem explica\u00e7\u00e3o. Faz voc\u00ea enxergar as coisas de outra forma, aproveitar melhor cada minuto do seu tempo&#8221;, lembra.<\/p>\n\n\n\n<p><em>(Fonte\/Imagem: G1)<\/em><\/p>\n","protected":false},"excerpt":{"rendered":"<p>Uma porta redonda em um morro esconde um lugar m\u00e1gico na Serra do Japi, em Jundia\u00ed<\/p>\n","protected":false},"author":25,"featured_media":77192,"comment_status":"closed","ping_status":"closed","sticky":false,"template":"","format":"standard","meta":{"footnotes":""},"categories":[1],"tags":[],"class_list":["post-77182","post","type-post","status-publish","format-standard","has-post-thumbnail","hentry","category-noticias"],"_links":{"self":[{"href":"https:\/\/tvtecjundiai.com.br\/news\/wp-json\/wp\/v2\/posts\/77182","targetHints":{"allow":["GET"]}}],"collection":[{"href":"https:\/\/tvtecjundiai.com.br\/news\/wp-json\/wp\/v2\/posts"}],"about":[{"href":"https:\/\/tvtecjundiai.com.br\/news\/wp-json\/wp\/v2\/types\/post"}],"author":[{"embeddable":true,"href":"https:\/\/tvtecjundiai.com.br\/news\/wp-json\/wp\/v2\/users\/25"}],"replies":[{"embeddable":true,"href":"https:\/\/tvtecjundiai.com.br\/news\/wp-json\/wp\/v2\/comments?post=77182"}],"version-history":[{"count":1,"href":"https:\/\/tvtecjundiai.com.br\/news\/wp-json\/wp\/v2\/posts\/77182\/revisions"}],"predecessor-version":[{"id":77191,"href":"https:\/\/tvtecjundiai.com.br\/news\/wp-json\/wp\/v2\/posts\/77182\/revisions\/77191"}],"wp:featuredmedia":[{"embeddable":true,"href":"https:\/\/tvtecjundiai.com.br\/news\/wp-json\/wp\/v2\/media\/77192"}],"wp:attachment":[{"href":"https:\/\/tvtecjundiai.com.br\/news\/wp-json\/wp\/v2\/media?parent=77182"}],"wp:term":[{"taxonomy":"category","embeddable":true,"href":"https:\/\/tvtecjundiai.com.br\/news\/wp-json\/wp\/v2\/categories?post=77182"},{"taxonomy":"post_tag","embeddable":true,"href":"https:\/\/tvtecjundiai.com.br\/news\/wp-json\/wp\/v2\/tags?post=77182"}],"curies":[{"name":"wp","href":"https:\/\/api.w.org\/{rel}","templated":true}]}}