{"id":77196,"date":"2021-06-08T11:05:42","date_gmt":"2021-06-08T14:05:42","guid":{"rendered":"https:\/\/tvtecjundiai.com.br\/news\/?p=77196"},"modified":"2021-06-08T11:05:58","modified_gmt":"2021-06-08T14:05:58","slug":"influenza-jundiai-amplia-atendimento-e-publicos-com-aplicacao-sem-agendamento","status":"publish","type":"post","link":"https:\/\/tvtecjundiai.com.br\/news\/2021\/06\/08\/influenza-jundiai-amplia-atendimento-e-publicos-com-aplicacao-sem-agendamento\/","title":{"rendered":"Influenza: Jundia\u00ed amplia atendimento e p\u00fablicos com aplica\u00e7\u00e3o sem agendamento"},"content":{"rendered":"\n<p>Nesta semana, a Campanha Nacional de Vacina\u00e7\u00e3o contra a Influenza, gripe, alcan\u00e7a a terceira etapa com a amplia\u00e7\u00e3o de p\u00fablicos. A Prefeitura de Jundia\u00ed passa a oferecer as doses para pessoas com comorbidades, portadoras de defici\u00eancia, caminhoneiros, trabalhadores de transporte coletivo rodovi\u00e1rio e urbano, for\u00e7as de seguran\u00e7a e armadas e funcion\u00e1rios do sistema prisional. A aplica\u00e7\u00e3o ser\u00e1 feita em dois polos entre quarta (9) a sexta-feira (11). N\u00e3o h\u00e1 necessidade de agendamento.<\/p>\n\n\n\n<p>A comprova\u00e7\u00e3o para a aplica\u00e7\u00e3o ser\u00e1 feita por documento que comprove o grupo a que a pessoa pertence, al\u00e9m de documento com foto e CPF. \u201cSe a pessoa tiver a carteira de vacina\u00e7\u00e3o deve levar tamb\u00e9m para o registro da aplica\u00e7\u00e3o\u201d, comenta a enfermeira da Vigil\u00e2ncia Epidemiol\u00f3gica (VE) da Unidade de Gest\u00e3o de Promo\u00e7\u00e3o da Sa\u00fade (UGPS), Maria do Carmo Possidente.<\/p>\n\n\n\n<div class=\"wp-block-image\"><figure class=\"aligncenter size-large\"><img loading=\"lazy\" decoding=\"async\" width=\"1200\" height=\"801\" src=\"https:\/\/tvtecjundiai.com.br\/news\/wp-content\/uploads\/sites\/2\/2021\/06\/vacina-influenza-1200x801.jpeg\" alt=\"\" class=\"wp-image-77197\" srcset=\"https:\/\/tvtecjundiai.com.br\/news\/wp-content\/uploads\/sites\/2\/2021\/06\/vacina-influenza-1200x801.jpeg 1200w, https:\/\/tvtecjundiai.com.br\/news\/wp-content\/uploads\/sites\/2\/2021\/06\/vacina-influenza-300x200.jpeg 300w, https:\/\/tvtecjundiai.com.br\/news\/wp-content\/uploads\/sites\/2\/2021\/06\/vacina-influenza-768x512.jpeg 768w, https:\/\/tvtecjundiai.com.br\/news\/wp-content\/uploads\/sites\/2\/2021\/06\/vacina-influenza.jpeg 1280w\" sizes=\"auto, (max-width: 1200px) 100vw, 1200px\" \/><figcaption>Vacina\u00e7\u00e3o contra influenza ser\u00e1 aberta a mais grupos, sem a necessidade de agendamento, com atendimento em polos<\/figcaption><\/figure><\/div>\n\n\n\n<p>A aplica\u00e7\u00e3o ser\u00e1 realizada das 8h30 \u00e0s 11h30 e das 13h \u00e0s 16h, nesta quarta (9) e sexta (11) no CEU das Artes e na quinta-feira (10) na sede da Sociedade Amigos de Bairro do Parque Eloy Chaves (SAPEC). \u00c9 essencial que a pessoa n\u00e3o tenha recebido dose de vacina contra COVID-19 nos \u00faltimos 14 dias antes da aplica\u00e7\u00e3o da dose contra influenza.<\/p>\n\n\n\n<p>Os demais grupos permanecem com atendimento direto na Unidade B\u00e1sica de Sa\u00fade (UBS) de refer\u00eancia. At\u00e9 sexta-feira (4), Jundia\u00ed havia aplicado 57.332 doses de vacinas entre crian\u00e7as de 6 meses a menores de 6 anos, gestantes, pu\u00e9rperas, profissionais da Sa\u00fade, Educadores e pessoas com mais de 60 anos.<\/p>\n\n\n\n<p><em>(Fonte\/Imagem: Prefeitura de Jundia\u00ed)<\/em><\/p>\n","protected":false},"excerpt":{"rendered":"<p>A Campanha Nacional de Vacina\u00e7\u00e3o contra a Influenza alcan\u00e7a a terceira etapa com a amplia\u00e7\u00e3o de p\u00fablicos<\/p>\n","protected":false},"author":25,"featured_media":77198,"comment_status":"closed","ping_status":"closed","sticky":false,"template":"","format":"standard","meta":{"footnotes":""},"categories":[1,2839],"tags":[],"class_list":["post-77196","post","type-post","status-publish","format-standard","has-post-thumbnail","hentry","category-noticias","category-saude"],"_links":{"self":[{"href":"https:\/\/tvtecjundiai.com.br\/news\/wp-json\/wp\/v2\/posts\/77196","targetHints":{"allow":["GET"]}}],"collection":[{"href":"https:\/\/tvtecjundiai.com.br\/news\/wp-json\/wp\/v2\/posts"}],"about":[{"href":"https:\/\/tvtecjundiai.com.br\/news\/wp-json\/wp\/v2\/types\/post"}],"author":[{"embeddable":true,"href":"https:\/\/tvtecjundiai.com.br\/news\/wp-json\/wp\/v2\/users\/25"}],"replies":[{"embeddable":true,"href":"https:\/\/tvtecjundiai.com.br\/news\/wp-json\/wp\/v2\/comments?post=77196"}],"version-history":[{"count":2,"href":"https:\/\/tvtecjundiai.com.br\/news\/wp-json\/wp\/v2\/posts\/77196\/revisions"}],"predecessor-version":[{"id":77200,"href":"https:\/\/tvtecjundiai.com.br\/news\/wp-json\/wp\/v2\/posts\/77196\/revisions\/77200"}],"wp:featuredmedia":[{"embeddable":true,"href":"https:\/\/tvtecjundiai.com.br\/news\/wp-json\/wp\/v2\/media\/77198"}],"wp:attachment":[{"href":"https:\/\/tvtecjundiai.com.br\/news\/wp-json\/wp\/v2\/media?parent=77196"}],"wp:term":[{"taxonomy":"category","embeddable":true,"href":"https:\/\/tvtecjundiai.com.br\/news\/wp-json\/wp\/v2\/categories?post=77196"},{"taxonomy":"post_tag","embeddable":true,"href":"https:\/\/tvtecjundiai.com.br\/news\/wp-json\/wp\/v2\/tags?post=77196"}],"curies":[{"name":"wp","href":"https:\/\/api.w.org\/{rel}","templated":true}]}}