{"id":77205,"date":"2021-06-08T14:16:45","date_gmt":"2021-06-08T17:16:45","guid":{"rendered":"https:\/\/tvtecjundiai.com.br\/news\/?p=77205"},"modified":"2021-06-08T14:16:45","modified_gmt":"2021-06-08T17:16:45","slug":"guedes-diz-que-governo-renovara-auxilio-emergencial-por-dois-ou-tres-meses","status":"publish","type":"post","link":"https:\/\/tvtecjundiai.com.br\/news\/2021\/06\/08\/guedes-diz-que-governo-renovara-auxilio-emergencial-por-dois-ou-tres-meses\/","title":{"rendered":"Guedes diz que governo renovar\u00e1 aux\u00edlio emergencial &#8216;por dois ou tr\u00eas meses&#8217;"},"content":{"rendered":"\n<p>O ministro da Economia, Paulo Guedes, anunciou nesta ter\u00e7a-feira (08) que o governo vai estender o pagamento do aux\u00edlio emergencial por mais dois ou tr\u00eas meses, at\u00e9 que, segundo ele, toda popula\u00e7\u00e3o adulta esteja vacinada no pa\u00eds.<\/p>\n\n\n\n<p>Com isso, o pagamento, que estava previsto para terminar em julho, pode ser ampliado at\u00e9 outubro. &#8220;Possivelmente n\u00f3s vamos estender agora o auxilio emergencial por mais dois ou tr\u00eas meses, porque a pandemia est\u00e1 a\u00ed&#8221;, disse Guedes, em evento do setor de servi\u00e7os.<\/p>\n\n\n\n<p>&#8220;Os governadores est\u00e3o dizendo que, em dois ou tr\u00eas meses, a popula\u00e7\u00e3o brasileira adulta vai estar toda vacinada. Ent\u00e3o, n\u00f3s vamos renovar por dois ou tr\u00eas meses o aux\u00edlio, e logo depois entra, ent\u00e3o, o novo Bolsa Fam\u00edlia, j\u00e1 refor\u00e7ado&#8221;, completou o ministro.<\/p>\n\n\n\n<p>O ministro n\u00e3o detalhou os valores, mas, atualmente, o aux\u00edlio pago est\u00e1 entre R$ 150 e R$ 375. Ele tamb\u00e9m n\u00e3o forneceu mais informa\u00e7\u00f5es sobre o processo de reformula\u00e7\u00e3o do programa Bolsa Fam\u00edlia, em estudo pela \u00e1rea econ\u00f4mica e pelo Minist\u00e9rio da Cidadania.<\/p>\n\n\n\n<figure class=\"wp-block-image size-large\"><img loading=\"lazy\" decoding=\"async\" width=\"1170\" height=\"700\" src=\"https:\/\/tvtecjundiai.com.br\/news\/wp-content\/uploads\/sites\/2\/2020\/06\/lancamento_do_aplicativo_caixa_auxilio_emergencial_0407201847.jpg\" alt=\"\" class=\"wp-image-57120\" srcset=\"https:\/\/tvtecjundiai.com.br\/news\/wp-content\/uploads\/sites\/2\/2020\/06\/lancamento_do_aplicativo_caixa_auxilio_emergencial_0407201847.jpg 1170w, https:\/\/tvtecjundiai.com.br\/news\/wp-content\/uploads\/sites\/2\/2020\/06\/lancamento_do_aplicativo_caixa_auxilio_emergencial_0407201847-300x179.jpg 300w, https:\/\/tvtecjundiai.com.br\/news\/wp-content\/uploads\/sites\/2\/2020\/06\/lancamento_do_aplicativo_caixa_auxilio_emergencial_0407201847-768x459.jpg 768w\" sizes=\"auto, (max-width: 1170px) 100vw, 1170px\" \/><figcaption>O pagamento, que estava previsto para terminar em julho, pode ser ampliado at\u00e9 outubro<\/figcaption><\/figure>\n\n\n\n<p><strong>PIB brasileiro<\/strong><br>Segundo Guedes, o Produto Interno Bruto (PIB) deve crescer entre 4% e 5% neste ano, em linha com as estimativas do mercado financeiro. Na semana passada, economistas dos bancos projetaram uma expans\u00e3o da economia de 4,36% em 2021.<\/p>\n\n\n\n<p><strong>B\u00f4nus de Inclus\u00e3o Produtiva<\/strong><br>Paulo Guedes tamb\u00e9m disse que a \u00e1rea econ\u00f4mica est\u00e1 finalizando o desenho do B\u00f4nus de Inclus\u00e3o Produtiva (BIP), a ser pago pelo governo, e do B\u00f4nus de Incentivo \u00e0 Qualifica\u00e7\u00e3o (BIQ), que ser\u00e1 de responsabilidade das empresas.<\/p>\n\n\n\n<p>Tanto o governo quanto os empres\u00e1rios, disse ele, devem pagar R$ 275 aos jovens que ser\u00e3o treinados \u2013 totalizando uma bolsa de R$ 550. Segundo o ministro, a ideia \u00e9 criar empregos novos para jovens entre 18 e 20 anos que queiram fazer treinamento.<\/p>\n\n\n\n<p>\u201cMais R$ 275 do governo e R$ 275 da empresa, o jovem consegue um programa de um ano, ou at\u00e9 um ano e meio, de qualifica\u00e7\u00e3o. Achamos que vai ter um aumento r\u00e1pido do emprego, uma redu\u00e7\u00e3o do desemprego, tirando o jovem das ruas e colocando na qualifica\u00e7\u00e3o profissional. S\u00e3o os &#8216;nem nem&#8217;, que tem nem universidade e nem emprego. Queremos que sejam inclu\u00eddos no sistema produtivo\u201d, declarou.<\/p>\n\n\n\n<p><strong>Reforma tribut\u00e1ria<\/strong><br>O ministro da Economia tamb\u00e9m afirmou que a reforma tribut\u00e1ria n\u00e3o trar\u00e1, neste momento, \u201cgrandes novidades\u201d. Segundo ele, a proposta do governo, que at\u00e9 o momento encaminhou somente o projeto para a tributa\u00e7\u00e3o do consumo, ser\u00e1 \u201cmoderada\u201d.<\/p>\n\n\n\n<p>\u201cGostaria de fazer ela um pouco mais ampla, inclusive com desonera\u00e7\u00e3o de folha. N\u00e3o \u00e9 o momento ainda, mas n\u00e3o vamos desistir. Vamos fazer em fatias, o que \u00e9 poss\u00edvel agora, simplifica\u00e7\u00e3o, redu\u00e7\u00e3o de al\u00edquotas e vamos avan\u00e7ar\u201d, disse.<\/p>\n\n\n\n<p>Ele afirmou, ainda, que o governo n\u00e3o quer elevar imposto para o setor de servi\u00e7os, que poderia sair prejudicado com alta na tributa\u00e7\u00e3o com um imposto sobre valor agregado, sobre consumo, com uma al\u00edquota \u00fanica.<\/p>\n\n\n\n<p>Guedes disse que a proposta da \u00e1rea econ\u00f4mica pode contemplar uma al\u00edquota para o setor de servi\u00e7os e com\u00e9rcio, e outra, mais alta, para a ind\u00fastria.<\/p>\n\n\n\n<p>\u201cA ideia inicial era todo mundo ter a mesma al\u00edquota. Ainda estamos considerando duas al\u00edquotas: uma para o com\u00e9rcio e servi\u00e7os, mais baixa, e outra para a ind\u00fastria mais alta. Talvez seja a melhor simplifica\u00e7\u00e3o que a gente consiga fazer, e sinaliza para o futuro a unifica\u00e7\u00e3o, quando a gente conseguir fazer a desonera\u00e7\u00e3o da folha l\u00e1 na frente\u201d, disse.<\/p>\n\n\n\n<p>Acrescentou que, enquanto n\u00e3o for poss\u00edvel fazer a unifica\u00e7\u00e3o da al\u00edquota [para todos os setores da economia], \u00e9 preciso \u201ctratar diferentemente esse setor [de servi\u00e7os] pela grande capacidade de gera\u00e7\u00e3o de emprego que ele tem\u201d.<\/p>\n\n\n\n<p><em>(Texto: G1\/Imagem: TVTEC)<\/em><\/p>\n","protected":false},"excerpt":{"rendered":"<p>Ministro da Economia n\u00e3o detalhou o valor das novas parcelas, que hoje variam de R$ 150 a R$ 375<\/p>\n","protected":false},"author":28,"featured_media":57120,"comment_status":"closed","ping_status":"closed","sticky":false,"template":"","format":"standard","meta":{"footnotes":""},"categories":[8356,1],"tags":[],"class_list":["post-77205","post","type-post","status-publish","format-standard","has-post-thumbnail","hentry","category-jundiai","category-noticias"],"_links":{"self":[{"href":"https:\/\/tvtecjundiai.com.br\/news\/wp-json\/wp\/v2\/posts\/77205","targetHints":{"allow":["GET"]}}],"collection":[{"href":"https:\/\/tvtecjundiai.com.br\/news\/wp-json\/wp\/v2\/posts"}],"about":[{"href":"https:\/\/tvtecjundiai.com.br\/news\/wp-json\/wp\/v2\/types\/post"}],"author":[{"embeddable":true,"href":"https:\/\/tvtecjundiai.com.br\/news\/wp-json\/wp\/v2\/users\/28"}],"replies":[{"embeddable":true,"href":"https:\/\/tvtecjundiai.com.br\/news\/wp-json\/wp\/v2\/comments?post=77205"}],"version-history":[{"count":1,"href":"https:\/\/tvtecjundiai.com.br\/news\/wp-json\/wp\/v2\/posts\/77205\/revisions"}],"predecessor-version":[{"id":77206,"href":"https:\/\/tvtecjundiai.com.br\/news\/wp-json\/wp\/v2\/posts\/77205\/revisions\/77206"}],"wp:featuredmedia":[{"embeddable":true,"href":"https:\/\/tvtecjundiai.com.br\/news\/wp-json\/wp\/v2\/media\/57120"}],"wp:attachment":[{"href":"https:\/\/tvtecjundiai.com.br\/news\/wp-json\/wp\/v2\/media?parent=77205"}],"wp:term":[{"taxonomy":"category","embeddable":true,"href":"https:\/\/tvtecjundiai.com.br\/news\/wp-json\/wp\/v2\/categories?post=77205"},{"taxonomy":"post_tag","embeddable":true,"href":"https:\/\/tvtecjundiai.com.br\/news\/wp-json\/wp\/v2\/tags?post=77205"}],"curies":[{"name":"wp","href":"https:\/\/api.w.org\/{rel}","templated":true}]}}