{"id":77213,"date":"2021-06-08T16:13:16","date_gmt":"2021-06-08T19:13:16","guid":{"rendered":"https:\/\/tvtecjundiai.com.br\/news\/?p=77213"},"modified":"2021-06-08T16:15:05","modified_gmt":"2021-06-08T19:15:05","slug":"oficina-de-linkedin-curso-da-tvtec-promete-desmistificar-a-rede-social-1","status":"publish","type":"post","link":"https:\/\/tvtecjundiai.com.br\/news\/2021\/06\/08\/oficina-de-linkedin-curso-da-tvtec-promete-desmistificar-a-rede-social-1\/","title":{"rendered":"\u201cOficina de LinkedIn\u201d, curso da TVTEC, promete desmistificar a rede social"},"content":{"rendered":"\n<p>Com inscri\u00e7\u00f5es abertas na pr\u00f3xima ter\u00e7a-feira (15), a Oficina de LinkedIn, oferecida pela TVTEC, promete desmistificar a rede social que ainda \u00e9 pouco conhecida dos brasileiros.<\/p>\n\n\n\n<p>Ministrada pela consultora e palestrante, M\u00e1rcia Malheiros, o curso acontece entre os dias 21 e 23 de junho, de maneira online e gratuita.<\/p>\n\n\n\n<p>A professora explica que o LinkedIn \u00e9 uma rede social profissional. \u201cA gente est\u00e1 numa fase das pessoas crescerem e cada vez mais estar no meio digital, com comunica\u00e7\u00e3o digital, colocando o seu lado profissional, ent\u00e3o \u00e9 uma grande oportunidade\u201d, explica M\u00e1rcia.<\/p>\n\n\n\n<div class=\"wp-block-image\"><figure class=\"aligncenter size-large\"><img decoding=\"async\" src=\"https:\/\/tvtecjundiai.com.br\/news\/wp-content\/uploads\/sites\/2\/2021\/06\/marciamalheiros.jpg\" alt=\"\" class=\"wp-image-77214\" \/><figcaption>A professora M\u00e1rcia Malheiros vai ministrar a Oficina de LinkedIn<\/figcaption><\/figure><\/div>\n\n\n\n<p>Mais do que incluir seu curr\u00edculo, a rede social abre um leque de op\u00e7\u00f5es. \u201cEla abre para um monte de op\u00e7\u00f5es e oportunidades para quem est\u00e1 no mercado de trabalho e para quem quer ingressar no mercado de trabalho\u201d, diz.<\/p>\n\n\n\n<p>Para a consultora, aprender a usar o LinkedIn pode trazer uma oportunidade para \u201cas pessoas que querem melhorar a sua carreira e que querem estar na m\u00eddia online\u201d.<\/p>\n\n\n\n<p><em>(Texto: TVTEC\/Imagem: Arquivo Pessoal)<\/em><\/p>\n\n\n\n<figure class=\"wp-block-embed is-type-video is-provider-youtube wp-block-embed-youtube wp-embed-aspect-16-9 wp-has-aspect-ratio\"><div class=\"wp-block-embed__wrapper\">\n<iframe loading=\"lazy\" title=\"TVTEC traz oficina de LinkedIn como novidade em seu cat\u00e1logo\" width=\"500\" height=\"281\" src=\"https:\/\/www.youtube.com\/embed\/NM3skOtc8qc?feature=oembed\" frameborder=\"0\" allow=\"accelerometer; autoplay; clipboard-write; encrypted-media; gyroscope; picture-in-picture; web-share\" referrerpolicy=\"strict-origin-when-cross-origin\" allowfullscreen><\/iframe>\n<\/div><\/figure>\n","protected":false},"excerpt":{"rendered":"<p>Curso acontece entre os dias 21 e 23 de junho, de maneira online e gratuita<\/p>\n","protected":false},"author":28,"featured_media":77214,"comment_status":"closed","ping_status":"closed","sticky":false,"template":"","format":"standard","meta":{"footnotes":""},"categories":[8356,1],"tags":[],"class_list":["post-77213","post","type-post","status-publish","format-standard","has-post-thumbnail","hentry","category-jundiai","category-noticias"],"_links":{"self":[{"href":"https:\/\/tvtecjundiai.com.br\/news\/wp-json\/wp\/v2\/posts\/77213","targetHints":{"allow":["GET"]}}],"collection":[{"href":"https:\/\/tvtecjundiai.com.br\/news\/wp-json\/wp\/v2\/posts"}],"about":[{"href":"https:\/\/tvtecjundiai.com.br\/news\/wp-json\/wp\/v2\/types\/post"}],"author":[{"embeddable":true,"href":"https:\/\/tvtecjundiai.com.br\/news\/wp-json\/wp\/v2\/users\/28"}],"replies":[{"embeddable":true,"href":"https:\/\/tvtecjundiai.com.br\/news\/wp-json\/wp\/v2\/comments?post=77213"}],"version-history":[{"count":1,"href":"https:\/\/tvtecjundiai.com.br\/news\/wp-json\/wp\/v2\/posts\/77213\/revisions"}],"predecessor-version":[{"id":77215,"href":"https:\/\/tvtecjundiai.com.br\/news\/wp-json\/wp\/v2\/posts\/77213\/revisions\/77215"}],"wp:featuredmedia":[{"embeddable":true,"href":"https:\/\/tvtecjundiai.com.br\/news\/wp-json\/wp\/v2\/media\/77214"}],"wp:attachment":[{"href":"https:\/\/tvtecjundiai.com.br\/news\/wp-json\/wp\/v2\/media?parent=77213"}],"wp:term":[{"taxonomy":"category","embeddable":true,"href":"https:\/\/tvtecjundiai.com.br\/news\/wp-json\/wp\/v2\/categories?post=77213"},{"taxonomy":"post_tag","embeddable":true,"href":"https:\/\/tvtecjundiai.com.br\/news\/wp-json\/wp\/v2\/tags?post=77213"}],"curies":[{"name":"wp","href":"https:\/\/api.w.org\/{rel}","templated":true}]}}