{"id":77216,"date":"2021-06-08T16:18:57","date_gmt":"2021-06-08T19:18:57","guid":{"rendered":"https:\/\/tvtecjundiai.com.br\/news\/?p=77216"},"modified":"2021-06-08T16:18:57","modified_gmt":"2021-06-08T19:18:57","slug":"vacinacao-solidaria-continua-e-precisa-do-apoio-da-populacao","status":"publish","type":"post","link":"https:\/\/tvtecjundiai.com.br\/news\/2021\/06\/08\/vacinacao-solidaria-continua-e-precisa-do-apoio-da-populacao\/","title":{"rendered":"Vacina\u00e7\u00e3o Solid\u00e1ria continua e precisa do apoio da popula\u00e7\u00e3o"},"content":{"rendered":"\n<p>Coordenada pelo Fundo Social de Solidariedade de Jundia\u00ed (Funss) com o objetivo de refor\u00e7ar a Campanha Permanente, a \u2018Vacina\u00e7\u00e3o Solid\u00e1ria\u2019 segue em todos os pontos de imuniza\u00e7\u00e3o contra a COVID-19, na cidade, e precisa do apoio da popula\u00e7\u00e3o. Isso porque al\u00e9m de atender as entidades cadastradas no Funss, a iniciativa tamb\u00e9m d\u00e1 suporte ao trabalho realizado pela Unidade de Gest\u00e3o de Assist\u00eancia e Desenvolvimento Social (UGADS), da Prefeitura de Jundia\u00ed, no atendimento direto \u00e0s fam\u00edlias em vulnerabilidade.<\/p>\n\n\n\n<p>\u201cCada cesta b\u00e1sica montada pelos funcion\u00e1rios do Fundo Social a partir destas doa\u00e7\u00f5es tem, em m\u00e9dia, 16 quilos. Por isso, \u00e9 preciso que a popula\u00e7\u00e3o continue doando para que possamos atender, com regularidade, as pessoas que precisam de ajuda neste momento\u201d, explicou a presidente do Fundo Social, Vanessa Machado.<\/p>\n\n\n\n<figure class=\"wp-block-image size-large\"><img loading=\"lazy\" decoding=\"async\" width=\"1200\" height=\"801\" src=\"https:\/\/tvtecjundiai.com.br\/news\/wp-content\/uploads\/sites\/2\/2021\/06\/vacinacao_cece_dal_santo-35-1200x801.jpg\" alt=\"\" class=\"wp-image-77217\" srcset=\"https:\/\/tvtecjundiai.com.br\/news\/wp-content\/uploads\/sites\/2\/2021\/06\/vacinacao_cece_dal_santo-35-1200x801.jpg 1200w, https:\/\/tvtecjundiai.com.br\/news\/wp-content\/uploads\/sites\/2\/2021\/06\/vacinacao_cece_dal_santo-35-300x200.jpg 300w, https:\/\/tvtecjundiai.com.br\/news\/wp-content\/uploads\/sites\/2\/2021\/06\/vacinacao_cece_dal_santo-35-768x512.jpg 768w, https:\/\/tvtecjundiai.com.br\/news\/wp-content\/uploads\/sites\/2\/2021\/06\/vacinacao_cece_dal_santo-35.jpg 1280w\" sizes=\"auto, (max-width: 1200px) 100vw, 1200px\" \/><\/figure>\n\n\n\n<p>Desde o in\u00edcio da \u2018Vacina\u00e7\u00e3o Solid\u00e1ria\u2019, em 29 de mar\u00e7o, at\u00e9 a \u00faltima segunda-feira (07), a campanha arrecadou 90 toneladas de alimentos n\u00e3o perec\u00edveis. Destas, 70 toneladas foram arrecadadas no primeiro m\u00eas. \u201cEu costumo dizer que Jundia\u00ed \u00e9 uma cidade acolhedora \u00e0s dificuldades do outro e sempre muito receptiva \u00e0s a\u00e7\u00f5es desenvolvidas pelo Fundo Social. Por isso, neste momento, eu refor\u00e7o a import\u00e2ncia de seguirmos juntos com esta rede do bem e, principalmente, no fortalecimento das fam\u00edlias que vivem aqui\u201d, destacou.<\/p>\n\n\n\n<p>Os produtos que chegam por meio dos locais de aplica\u00e7\u00e3o da vacina s\u00e3o triados, divididos em cestas b\u00e1sicas e, em seguida, direcionados para institui\u00e7\u00f5es, igrejas e associa\u00e7\u00f5es de moradores de bairro cadastradas no Funss, al\u00e9m dos Centros de Refer\u00eancia de Assist\u00eancia Social (CRAS), coordenados pela UGADS.<\/p>\n\n\n\n<p>Al\u00e9m dos postos de imuniza\u00e7\u00e3o da \u2018Vacina\u00e7\u00e3o Solid\u00e1ria\u2019, a popula\u00e7\u00e3o tamb\u00e9m pode fazer a sua doa\u00e7\u00e3o para a Campanha Permanente na sede do Fundo Social, que fica dentro do Parque da Uva. O acesso \u00e9 pela avenida Dona Manoela Lacerda de Vergueiro, s\/n, port\u00e3o 03, bairro Anhangaba\u00fa. O funcionamento da unidade \u00e9 de segunda a sexta-feira, das 8h \u00e0s 17h, exceto feriados. Informa\u00e7\u00f5es: (11) 4521-2762, 4521-2929 e 4521-6833.<\/p>\n\n\n\n<p><em>(Texto\/Imagem: Prefeitura de Jundia\u00ed)<\/em><\/p>\n","protected":false},"excerpt":{"rendered":"<p>Desde o in\u00edcio da campanha foram arrecadadas 90 toneladas de alimentos n\u00e3o perec\u00edveis<\/p>\n","protected":false},"author":28,"featured_media":77217,"comment_status":"closed","ping_status":"closed","sticky":false,"template":"","format":"standard","meta":{"footnotes":""},"categories":[8356,1],"tags":[],"class_list":["post-77216","post","type-post","status-publish","format-standard","has-post-thumbnail","hentry","category-jundiai","category-noticias"],"_links":{"self":[{"href":"https:\/\/tvtecjundiai.com.br\/news\/wp-json\/wp\/v2\/posts\/77216","targetHints":{"allow":["GET"]}}],"collection":[{"href":"https:\/\/tvtecjundiai.com.br\/news\/wp-json\/wp\/v2\/posts"}],"about":[{"href":"https:\/\/tvtecjundiai.com.br\/news\/wp-json\/wp\/v2\/types\/post"}],"author":[{"embeddable":true,"href":"https:\/\/tvtecjundiai.com.br\/news\/wp-json\/wp\/v2\/users\/28"}],"replies":[{"embeddable":true,"href":"https:\/\/tvtecjundiai.com.br\/news\/wp-json\/wp\/v2\/comments?post=77216"}],"version-history":[{"count":1,"href":"https:\/\/tvtecjundiai.com.br\/news\/wp-json\/wp\/v2\/posts\/77216\/revisions"}],"predecessor-version":[{"id":77218,"href":"https:\/\/tvtecjundiai.com.br\/news\/wp-json\/wp\/v2\/posts\/77216\/revisions\/77218"}],"wp:featuredmedia":[{"embeddable":true,"href":"https:\/\/tvtecjundiai.com.br\/news\/wp-json\/wp\/v2\/media\/77217"}],"wp:attachment":[{"href":"https:\/\/tvtecjundiai.com.br\/news\/wp-json\/wp\/v2\/media?parent=77216"}],"wp:term":[{"taxonomy":"category","embeddable":true,"href":"https:\/\/tvtecjundiai.com.br\/news\/wp-json\/wp\/v2\/categories?post=77216"},{"taxonomy":"post_tag","embeddable":true,"href":"https:\/\/tvtecjundiai.com.br\/news\/wp-json\/wp\/v2\/tags?post=77216"}],"curies":[{"name":"wp","href":"https:\/\/api.w.org\/{rel}","templated":true}]}}