{"id":77219,"date":"2021-06-08T16:36:02","date_gmt":"2021-06-08T19:36:02","guid":{"rendered":"https:\/\/tvtecjundiai.com.br\/news\/?p=77219"},"modified":"2021-06-08T16:36:02","modified_gmt":"2021-06-08T19:36:02","slug":"cinco-obitos-por-covid-19-sao-registrados-em-jundiai-nesta-terca-feira-08","status":"publish","type":"post","link":"https:\/\/tvtecjundiai.com.br\/news\/2021\/06\/08\/cinco-obitos-por-covid-19-sao-registrados-em-jundiai-nesta-terca-feira-08\/","title":{"rendered":"Cinco \u00f3bitos por COVID-19 s\u00e3o registrados em Jundia\u00ed nesta ter\u00e7a-feira (08)"},"content":{"rendered":"\n<p>A Prefeitura de Jundia\u00ed informa que, nesta ter\u00e7a-feira (08), cinco \u00f3bitos foram contabilizados de residentes na cidade causados pelo Novo Coronav\u00edrus.<\/p>\n\n\n\n<p>Homem, 47 anos, portador de doen\u00e7a cardiovascular cr\u00f4nica. Internou 27\/05 e faleceu 07\/06 em hospital privado da cidade.<\/p>\n\n\n\n<p>Homem, 50 anos, obeso, portador de doen\u00e7a cardiovascular cr\u00f4nica. Internou 31\/05 e faleceu 07\/06 no hospital S\u00e3o Vicente.<\/p>\n\n\n\n<p>Homem, 83 anos, portador de doen\u00e7a cardiovascular cr\u00f4nica. Internou 05\/06 e faleceu 07\/06 no hospital Regional.<\/p>\n\n\n\n<p>Homem, 75 anos, diab\u00e9tico, portador de doen\u00e7a cardiovascular e pneumopatia cr\u00f4nicas. Internou 02\/06 e faleceu 08\/06 no hospital S\u00e3o Vicente.<\/p>\n\n\n\n<p>Mulher, 85 anos, portadora de pneumopatia cr\u00f4nica. Internou 28\/05 e faleceu 08\/06 no hospital S\u00e3o Vicente.<\/p>\n\n\n\n<p>At\u00e9 o momento, a cidade registra 1246 \u00f3bitos causados pela COVID-19 desde o in\u00edcio da pandemia.<\/p>\n\n\n\n<figure class=\"wp-block-image size-large\"><img loading=\"lazy\" decoding=\"async\" width=\"960\" height=\"960\" src=\"https:\/\/tvtecjundiai.com.br\/news\/wp-content\/uploads\/sites\/2\/2021\/06\/slide1-3-960x960.png\" alt=\"\" class=\"wp-image-77220\" srcset=\"https:\/\/tvtecjundiai.com.br\/news\/wp-content\/uploads\/sites\/2\/2021\/06\/slide1-3-960x960.png 960w, https:\/\/tvtecjundiai.com.br\/news\/wp-content\/uploads\/sites\/2\/2021\/06\/slide1-3-300x300.png 300w, https:\/\/tvtecjundiai.com.br\/news\/wp-content\/uploads\/sites\/2\/2021\/06\/slide1-3-100x100.png 100w, https:\/\/tvtecjundiai.com.br\/news\/wp-content\/uploads\/sites\/2\/2021\/06\/slide1-3-768x768.png 768w, https:\/\/tvtecjundiai.com.br\/news\/wp-content\/uploads\/sites\/2\/2021\/06\/slide1-3.png 1280w\" sizes=\"auto, (max-width: 960px) 100vw, 960px\" \/><\/figure>\n\n\n\n<figure class=\"wp-block-image size-large\"><img loading=\"lazy\" decoding=\"async\" width=\"960\" height=\"960\" src=\"https:\/\/tvtecjundiai.com.br\/news\/wp-content\/uploads\/sites\/2\/2021\/06\/slide2-3-1-960x960.png\" alt=\"\" class=\"wp-image-77221\" srcset=\"https:\/\/tvtecjundiai.com.br\/news\/wp-content\/uploads\/sites\/2\/2021\/06\/slide2-3-1-960x960.png 960w, https:\/\/tvtecjundiai.com.br\/news\/wp-content\/uploads\/sites\/2\/2021\/06\/slide2-3-1-300x300.png 300w, https:\/\/tvtecjundiai.com.br\/news\/wp-content\/uploads\/sites\/2\/2021\/06\/slide2-3-1-100x100.png 100w, https:\/\/tvtecjundiai.com.br\/news\/wp-content\/uploads\/sites\/2\/2021\/06\/slide2-3-1-768x768.png 768w, https:\/\/tvtecjundiai.com.br\/news\/wp-content\/uploads\/sites\/2\/2021\/06\/slide2-3-1.png 1280w\" sizes=\"auto, (max-width: 960px) 100vw, 960px\" \/><\/figure>\n\n\n\n<p><em>(Texto\/Imagem: Prefeitura de Jundia\u00ed)<\/em><\/p>\n","protected":false},"excerpt":{"rendered":"<p>Leitos p\u00fablicos de UTI ocupados por pacientes de COVID-19 est\u00e3o em 88%<\/p>\n","protected":false},"author":28,"featured_media":59023,"comment_status":"closed","ping_status":"closed","sticky":false,"template":"","format":"standard","meta":{"footnotes":""},"categories":[8356,1],"tags":[],"class_list":["post-77219","post","type-post","status-publish","format-standard","has-post-thumbnail","hentry","category-jundiai","category-noticias"],"_links":{"self":[{"href":"https:\/\/tvtecjundiai.com.br\/news\/wp-json\/wp\/v2\/posts\/77219","targetHints":{"allow":["GET"]}}],"collection":[{"href":"https:\/\/tvtecjundiai.com.br\/news\/wp-json\/wp\/v2\/posts"}],"about":[{"href":"https:\/\/tvtecjundiai.com.br\/news\/wp-json\/wp\/v2\/types\/post"}],"author":[{"embeddable":true,"href":"https:\/\/tvtecjundiai.com.br\/news\/wp-json\/wp\/v2\/users\/28"}],"replies":[{"embeddable":true,"href":"https:\/\/tvtecjundiai.com.br\/news\/wp-json\/wp\/v2\/comments?post=77219"}],"version-history":[{"count":1,"href":"https:\/\/tvtecjundiai.com.br\/news\/wp-json\/wp\/v2\/posts\/77219\/revisions"}],"predecessor-version":[{"id":77222,"href":"https:\/\/tvtecjundiai.com.br\/news\/wp-json\/wp\/v2\/posts\/77219\/revisions\/77222"}],"wp:featuredmedia":[{"embeddable":true,"href":"https:\/\/tvtecjundiai.com.br\/news\/wp-json\/wp\/v2\/media\/59023"}],"wp:attachment":[{"href":"https:\/\/tvtecjundiai.com.br\/news\/wp-json\/wp\/v2\/media?parent=77219"}],"wp:term":[{"taxonomy":"category","embeddable":true,"href":"https:\/\/tvtecjundiai.com.br\/news\/wp-json\/wp\/v2\/categories?post=77219"},{"taxonomy":"post_tag","embeddable":true,"href":"https:\/\/tvtecjundiai.com.br\/news\/wp-json\/wp\/v2\/tags?post=77219"}],"curies":[{"name":"wp","href":"https:\/\/api.w.org\/{rel}","templated":true}]}}