{"id":77229,"date":"2021-06-08T18:02:12","date_gmt":"2021-06-08T21:02:12","guid":{"rendered":"https:\/\/tvtecjundiai.com.br\/news\/?p=77229"},"modified":"2021-06-08T18:02:12","modified_gmt":"2021-06-08T21:02:12","slug":"circulo-arte-social-realiza-oficina-cultural-para-jovens-de-jundiai","status":"publish","type":"post","link":"https:\/\/tvtecjundiai.com.br\/news\/2021\/06\/08\/circulo-arte-social-realiza-oficina-cultural-para-jovens-de-jundiai\/","title":{"rendered":"C\u00edrculo Arte Social realiza oficina cultural para jovens de Jundia\u00ed"},"content":{"rendered":"\n<p>Com incentivo do Proac, 150 crian\u00e7as da Casa da Crian\u00e7a Nossa Senhora do Desterro, de Jundia\u00ed, iniciaram, nesta ter\u00e7a-feira (8), oficinas on-line pelo C\u00edrculo Arte Social. Os artistas jundiaienses Carolina Duarte e Jonatas Cruz Braz apresentam a linguagem da cultura popular atrav\u00e9s do \u2018coco\u2019 e \u2018maracatu\u2019 aos alunos participantes.<\/p>\n\n\n\n<p>O projeto ser\u00e1 executado em quatro meses, com encontros semanais (15 encontros), de maneira remota pelas plataformas Google Meet e Youtube. Durante a abertura, os estudantes puderam conhecer as atividades e acompanhar uma apresenta\u00e7\u00e3o.<\/p>\n\n\n\n<figure class=\"wp-block-image size-large\"><img loading=\"lazy\" decoding=\"async\" width=\"1200\" height=\"531\" src=\"https:\/\/tvtecjundiai.com.br\/news\/wp-content\/uploads\/sites\/2\/2021\/06\/print-cultura-2-1200x531.jpg\" alt=\"\" class=\"wp-image-77230\" srcset=\"https:\/\/tvtecjundiai.com.br\/news\/wp-content\/uploads\/sites\/2\/2021\/06\/print-cultura-2-1200x531.jpg 1200w, https:\/\/tvtecjundiai.com.br\/news\/wp-content\/uploads\/sites\/2\/2021\/06\/print-cultura-2-300x133.jpg 300w, https:\/\/tvtecjundiai.com.br\/news\/wp-content\/uploads\/sites\/2\/2021\/06\/print-cultura-2-768x340.jpg 768w, https:\/\/tvtecjundiai.com.br\/news\/wp-content\/uploads\/sites\/2\/2021\/06\/print-cultura-2.jpg 1280w\" sizes=\"auto, (max-width: 1200px) 100vw, 1200px\" \/><figcaption>Atividade ter\u00e1 prosseguimento por 15 encontros com os alunos do Lar Nossa Senhora do Desterro<\/figcaption><\/figure>\n\n\n\n<p>Segundo o gestor da Unidade de Gest\u00e3o de Cultura (UGC), Marcelo Peroni, a atividade acrescenta \u00e0 forma\u00e7\u00e3o dos jovens. \u201cA iniciativa \u00e9 agregadora em v\u00e1rios sentidos, pois \u00e9 um projeto realizado por artistas locais com incentivo de empresa com unidade na cidade. \u00c9 investimento na forma\u00e7\u00e3o de jovens a partir da cultura\u201d, comenta.<\/p>\n\n\n\n<p>O projeto \u00e9 incentivado pela Duratex\/Deca, a partir da Secretaria de Cultura e Economia Criativa do Governo do Estado de S\u00e3o Paulo.<\/p>\n\n\n\n<p><em>(Texto\/Imagem: Prefeitura de Jundia\u00ed)<\/em><\/p>\n","protected":false},"excerpt":{"rendered":"<p>Durante a abertura, os estudantes puderam conhecer as atividades e acompanhar uma apresenta\u00e7\u00e3o<\/p>\n","protected":false},"author":28,"featured_media":77230,"comment_status":"closed","ping_status":"closed","sticky":false,"template":"","format":"standard","meta":{"footnotes":""},"categories":[8356,1],"tags":[],"class_list":["post-77229","post","type-post","status-publish","format-standard","has-post-thumbnail","hentry","category-jundiai","category-noticias"],"_links":{"self":[{"href":"https:\/\/tvtecjundiai.com.br\/news\/wp-json\/wp\/v2\/posts\/77229","targetHints":{"allow":["GET"]}}],"collection":[{"href":"https:\/\/tvtecjundiai.com.br\/news\/wp-json\/wp\/v2\/posts"}],"about":[{"href":"https:\/\/tvtecjundiai.com.br\/news\/wp-json\/wp\/v2\/types\/post"}],"author":[{"embeddable":true,"href":"https:\/\/tvtecjundiai.com.br\/news\/wp-json\/wp\/v2\/users\/28"}],"replies":[{"embeddable":true,"href":"https:\/\/tvtecjundiai.com.br\/news\/wp-json\/wp\/v2\/comments?post=77229"}],"version-history":[{"count":1,"href":"https:\/\/tvtecjundiai.com.br\/news\/wp-json\/wp\/v2\/posts\/77229\/revisions"}],"predecessor-version":[{"id":77231,"href":"https:\/\/tvtecjundiai.com.br\/news\/wp-json\/wp\/v2\/posts\/77229\/revisions\/77231"}],"wp:featuredmedia":[{"embeddable":true,"href":"https:\/\/tvtecjundiai.com.br\/news\/wp-json\/wp\/v2\/media\/77230"}],"wp:attachment":[{"href":"https:\/\/tvtecjundiai.com.br\/news\/wp-json\/wp\/v2\/media?parent=77229"}],"wp:term":[{"taxonomy":"category","embeddable":true,"href":"https:\/\/tvtecjundiai.com.br\/news\/wp-json\/wp\/v2\/categories?post=77229"},{"taxonomy":"post_tag","embeddable":true,"href":"https:\/\/tvtecjundiai.com.br\/news\/wp-json\/wp\/v2\/tags?post=77229"}],"curies":[{"name":"wp","href":"https:\/\/api.w.org\/{rel}","templated":true}]}}