{"id":77232,"date":"2021-06-08T18:26:59","date_gmt":"2021-06-08T21:26:59","guid":{"rendered":"https:\/\/tvtecjundiai.com.br\/news\/?p=77232"},"modified":"2021-06-08T18:26:59","modified_gmt":"2021-06-08T21:26:59","slug":"consumidor-superendividado-tera-atendimento-especial-feito-pelo-procon","status":"publish","type":"post","link":"https:\/\/tvtecjundiai.com.br\/news\/2021\/06\/08\/consumidor-superendividado-tera-atendimento-especial-feito-pelo-procon\/","title":{"rendered":"Consumidor superendividado ter\u00e1 atendimento especial feito pelo Procon"},"content":{"rendered":"\n<p>Atrav\u00e9s do Conv\u00eanio com a Funda\u00e7\u00e3o Procon SP, por meio da equipe do N\u00facleo de Tratamento do Superendividamento \u2013 NTS, da Diretoria de Rela\u00e7\u00f5es Institucionais, o PROCON Jundia\u00ed passar\u00e1 a receber os consumidores jundiaienses em situa\u00e7\u00e3o de superendividamento. O lan\u00e7amento desse servi\u00e7o contou com a presen\u00e7a do Prefeito de Jundia\u00ed Luiz Fernando Machado, do Diretor Executivo do ProconSP Dr. Fernando Capez, do Gestor da Unidade de Neg\u00f3cios Jur\u00eddicos e Cidadania de Jundia\u00ed, Dr. Fernando de Souza, do Diretor de Rela\u00e7\u00f5es Institucionais do ProconSP, Dr. Jo\u00e3o Silvestre Borro e com a Chefe do Procon de Jundia\u00ed, Dra. Gabriela Ribas Glinternik.<\/p>\n\n\n\n<p>O&nbsp;<a href=\"https:\/\/procon.jundiai.sp.gov.br\/servicos\/\" target=\"_blank\" rel=\"noreferrer noopener\">Programa de Apoio ao Superendividado \u2013 PAS&nbsp;<\/a>\u00e9 um trabalho conjunto do N\u00facleo de Tratamento do Superendividamento da Funda\u00e7\u00e3o Procon-SP e do Centro Judici\u00e1rio de Solu\u00e7\u00e3o de Conflitos e Cidadania \u2013 CEJUSC, do Tribunal de Justi\u00e7a do Estado de S\u00e3o Paulo \u2013 TJ\/SP, que tem como objetivo auxiliar os consumidores superendividados, orientando e promovendo a renegocia\u00e7\u00e3o de d\u00edvidas com os seus credores.<\/p>\n\n\n\n<figure class=\"wp-block-image size-large\"><img loading=\"lazy\" decoding=\"async\" width=\"1200\" height=\"894\" src=\"https:\/\/tvtecjundiai.com.br\/news\/wp-content\/uploads\/sites\/2\/2020\/04\/procon-24-1200x894.jpg\" alt=\"\" class=\"wp-image-50176\" srcset=\"https:\/\/tvtecjundiai.com.br\/news\/wp-content\/uploads\/sites\/2\/2020\/04\/procon-24-1200x894.jpg 1200w, https:\/\/tvtecjundiai.com.br\/news\/wp-content\/uploads\/sites\/2\/2020\/04\/procon-24-300x224.jpg 300w, https:\/\/tvtecjundiai.com.br\/news\/wp-content\/uploads\/sites\/2\/2020\/04\/procon-24-768x572.jpg 768w, https:\/\/tvtecjundiai.com.br\/news\/wp-content\/uploads\/sites\/2\/2020\/04\/procon-24.jpg 1240w\" sizes=\"auto, (max-width: 1200px) 100vw, 1200px\" \/><\/figure>\n\n\n\n<p>\u201cDessa forma, os munic\u00edpios estar\u00e3o habilitados para oferecer o correto atendimento ou orienta\u00e7\u00e3o aos mun\u00edcipes em rela\u00e7\u00e3o a d\u00edvidas e produtos financeiros, tipos de contrata\u00e7\u00e3o e endividamento contumaz e ao poss\u00edvel tratamento de consumidores em situa\u00e7\u00e3o de Superendividamento\u201d, comenta o Diretor Executivo, Capez.<\/p>\n\n\n\n<p>O prefeito Luiz Fernando Machado, por sua vez, destacou a satisfa\u00e7\u00e3o de ver mais um servi\u00e7o qualificado \u00e0 disposi\u00e7\u00e3o da popula\u00e7\u00e3o, envolvendo um tema t\u00e3o relevante e t\u00e3o desafiador quanto a quest\u00e3o dos n\u00edveis de endividamento da popula\u00e7\u00e3o. Segundo ele, \u201co superendividamento \u00e9 um fen\u00f4meno extremamente preocupante, pois tem reflexos negativos sobre diversos aspectos da vida das pessoas e poder prestar orienta\u00e7\u00e3o e suporte mais qualificados aos cidad\u00e3os que se encontram nessa situa\u00e7\u00e3o \u00e9, sem d\u00favida, uma a\u00e7\u00e3o muito importante para n\u00f3s.\u201d<\/p>\n\n\n\n<p>O ProconSP, ao longo dos anos atendeu 96 moradores de Jundia\u00ed. Com a capacita\u00e7\u00e3o que fizemos, os consumidores ser\u00e3o atendidos no pr\u00f3prio Procon Jundia\u00ed, que ser\u00e1 mais um elo neste programa, informa o Diretor Institucional, Borro.<\/p>\n\n\n\n<p>Mais informa\u00e7\u00f5es sobre o atendimento em Jundia\u00ed, acesse o nosso site: procon.jundiai.sp.gov.br.<\/p>\n\n\n\n<p><em>(Texto\/Imagem: TVTEC)<\/em><\/p>\n","protected":false},"excerpt":{"rendered":"<p>O trabalho \u00e9 resultado de um conv\u00eanio entre o Procon de Jundia\u00ed e o Procon-SP<\/p>\n","protected":false},"author":28,"featured_media":50176,"comment_status":"closed","ping_status":"closed","sticky":false,"template":"","format":"standard","meta":{"footnotes":""},"categories":[8356,1],"tags":[],"class_list":["post-77232","post","type-post","status-publish","format-standard","has-post-thumbnail","hentry","category-jundiai","category-noticias"],"_links":{"self":[{"href":"https:\/\/tvtecjundiai.com.br\/news\/wp-json\/wp\/v2\/posts\/77232","targetHints":{"allow":["GET"]}}],"collection":[{"href":"https:\/\/tvtecjundiai.com.br\/news\/wp-json\/wp\/v2\/posts"}],"about":[{"href":"https:\/\/tvtecjundiai.com.br\/news\/wp-json\/wp\/v2\/types\/post"}],"author":[{"embeddable":true,"href":"https:\/\/tvtecjundiai.com.br\/news\/wp-json\/wp\/v2\/users\/28"}],"replies":[{"embeddable":true,"href":"https:\/\/tvtecjundiai.com.br\/news\/wp-json\/wp\/v2\/comments?post=77232"}],"version-history":[{"count":1,"href":"https:\/\/tvtecjundiai.com.br\/news\/wp-json\/wp\/v2\/posts\/77232\/revisions"}],"predecessor-version":[{"id":77233,"href":"https:\/\/tvtecjundiai.com.br\/news\/wp-json\/wp\/v2\/posts\/77232\/revisions\/77233"}],"wp:featuredmedia":[{"embeddable":true,"href":"https:\/\/tvtecjundiai.com.br\/news\/wp-json\/wp\/v2\/media\/50176"}],"wp:attachment":[{"href":"https:\/\/tvtecjundiai.com.br\/news\/wp-json\/wp\/v2\/media?parent=77232"}],"wp:term":[{"taxonomy":"category","embeddable":true,"href":"https:\/\/tvtecjundiai.com.br\/news\/wp-json\/wp\/v2\/categories?post=77232"},{"taxonomy":"post_tag","embeddable":true,"href":"https:\/\/tvtecjundiai.com.br\/news\/wp-json\/wp\/v2\/tags?post=77232"}],"curies":[{"name":"wp","href":"https:\/\/api.w.org\/{rel}","templated":true}]}}