{"id":77250,"date":"2021-06-09T12:32:50","date_gmt":"2021-06-09T15:32:50","guid":{"rendered":"https:\/\/tvtecjundiai.com.br\/news\/?p=77250"},"modified":"2021-06-09T12:32:50","modified_gmt":"2021-06-09T15:32:50","slug":"centro-de-valorizacao-da-vida-recebe-inscricoes-para-novos-voluntarios-em-jundiai","status":"publish","type":"post","link":"https:\/\/tvtecjundiai.com.br\/news\/2021\/06\/09\/centro-de-valorizacao-da-vida-recebe-inscricoes-para-novos-voluntarios-em-jundiai\/","title":{"rendered":"Centro de Valoriza\u00e7\u00e3o da Vida recebe inscri\u00e7\u00f5es para novos volunt\u00e1rios em Jundia\u00ed"},"content":{"rendered":"\n<p>O Centro de Valoriza\u00e7\u00e3o da Vida (CVV) est\u00e1 com inscri\u00e7\u00f5es abertas para novos volunt\u00e1rios em Jundia\u00ed (SP). As inscri\u00e7\u00f5es s\u00e3o ilimitadas e para participar \u00e9 preciso fazer um curso preparat\u00f3rio e depois uma capacita\u00e7\u00e3o.<\/p>\n\n\n\n<p>Atualmente, 23 pessoas fazem parte do programa em Jundia\u00ed, mas, segundo a unidade, o ideal para atender \u00e0 demanda seriam 50 pessoas. No total, s\u00e3o cerca de quatro mil volunt\u00e1rios em todo o Brasil.<\/p>\n\n\n\n<figure class=\"wp-block-image size-large\"><img loading=\"lazy\" decoding=\"async\" width=\"984\" height=\"656\" src=\"https:\/\/tvtecjundiai.com.br\/news\/wp-content\/uploads\/sites\/2\/2021\/06\/foto-2-cvv-parceria-alerr.jpg\" alt=\"\" class=\"wp-image-77251\" srcset=\"https:\/\/tvtecjundiai.com.br\/news\/wp-content\/uploads\/sites\/2\/2021\/06\/foto-2-cvv-parceria-alerr.jpg 984w, https:\/\/tvtecjundiai.com.br\/news\/wp-content\/uploads\/sites\/2\/2021\/06\/foto-2-cvv-parceria-alerr-300x200.jpg 300w, https:\/\/tvtecjundiai.com.br\/news\/wp-content\/uploads\/sites\/2\/2021\/06\/foto-2-cvv-parceria-alerr-768x512.jpg 768w\" sizes=\"auto, (max-width: 984px) 100vw, 984px\" \/><figcaption>CVV recebe inscri\u00e7\u00f5es para novos volunt\u00e1rios em Jundia\u00ed (SP)<\/figcaption><\/figure>\n\n\n\n<p>O curso preparat\u00f3rio acontece entre os dias 26 e 27 de junho. Os interessados devem se inscrever at\u00e9 a pr\u00f3xima quarta-feira (23), pelo&nbsp;<a href=\"http:\/\/www.cvv.org.br\/\" target=\"_blank\" rel=\"noreferrer noopener\">site<\/a>. \u00c9 necess\u00e1rio ter pelo menos 18 anos de idade e n\u00e3o precisa de forma\u00e7\u00e3o.<\/p>\n\n\n\n<p>No curso, as pessoas ser\u00e3o orientadas sobre como prestar um bom atendimento, principalmente ouvir os outros neste momento de pandemia por conta de ansiedade e depress\u00e3o.<\/p>\n\n\n\n<p>Para quem quiser ser atendido por um dos volunt\u00e1rio basta ligar no 188. A liga\u00e7\u00e3o \u00e9 an\u00f4nima. Outra op\u00e7\u00e3o \u00e9 entrar em contato pelo chat no site ou pelo e-mail. Por conta da pandemia, o atendimento presencial est\u00e1 suspenso.<\/p>\n\n\n\n<p><em>(Texto: TVTEM\/Foto: SupCom ALE-RR)<\/em><\/p>\n","protected":false},"excerpt":{"rendered":"<p>Curso preparat\u00f3rio acontece entre os dias 26 e 27 de junho<\/p>\n","protected":false},"author":28,"featured_media":77251,"comment_status":"closed","ping_status":"closed","sticky":false,"template":"","format":"standard","meta":{"footnotes":""},"categories":[8356,1],"tags":[],"class_list":["post-77250","post","type-post","status-publish","format-standard","has-post-thumbnail","hentry","category-jundiai","category-noticias"],"_links":{"self":[{"href":"https:\/\/tvtecjundiai.com.br\/news\/wp-json\/wp\/v2\/posts\/77250","targetHints":{"allow":["GET"]}}],"collection":[{"href":"https:\/\/tvtecjundiai.com.br\/news\/wp-json\/wp\/v2\/posts"}],"about":[{"href":"https:\/\/tvtecjundiai.com.br\/news\/wp-json\/wp\/v2\/types\/post"}],"author":[{"embeddable":true,"href":"https:\/\/tvtecjundiai.com.br\/news\/wp-json\/wp\/v2\/users\/28"}],"replies":[{"embeddable":true,"href":"https:\/\/tvtecjundiai.com.br\/news\/wp-json\/wp\/v2\/comments?post=77250"}],"version-history":[{"count":1,"href":"https:\/\/tvtecjundiai.com.br\/news\/wp-json\/wp\/v2\/posts\/77250\/revisions"}],"predecessor-version":[{"id":77252,"href":"https:\/\/tvtecjundiai.com.br\/news\/wp-json\/wp\/v2\/posts\/77250\/revisions\/77252"}],"wp:featuredmedia":[{"embeddable":true,"href":"https:\/\/tvtecjundiai.com.br\/news\/wp-json\/wp\/v2\/media\/77251"}],"wp:attachment":[{"href":"https:\/\/tvtecjundiai.com.br\/news\/wp-json\/wp\/v2\/media?parent=77250"}],"wp:term":[{"taxonomy":"category","embeddable":true,"href":"https:\/\/tvtecjundiai.com.br\/news\/wp-json\/wp\/v2\/categories?post=77250"},{"taxonomy":"post_tag","embeddable":true,"href":"https:\/\/tvtecjundiai.com.br\/news\/wp-json\/wp\/v2\/tags?post=77250"}],"curies":[{"name":"wp","href":"https:\/\/api.w.org\/{rel}","templated":true}]}}