{"id":77262,"date":"2021-06-09T13:31:15","date_gmt":"2021-06-09T16:31:15","guid":{"rendered":"https:\/\/tvtecjundiai.com.br\/news\/?p=77262"},"modified":"2021-06-09T14:19:32","modified_gmt":"2021-06-09T17:19:32","slug":"governo-de-sp-mantem-regras-atuais-da-quarentena-ate-final-de-junho-1","status":"publish","type":"post","link":"https:\/\/tvtecjundiai.com.br\/news\/2021\/06\/09\/governo-de-sp-mantem-regras-atuais-da-quarentena-ate-final-de-junho-1\/","title":{"rendered":"Governo de SP mant\u00e9m regras atuais da quarentena at\u00e9 final de junho"},"content":{"rendered":"\n<p>O governo de S\u00e3o Paulo adiou novamente a libera\u00e7\u00e3o do funcionamento do com\u00e9rcio at\u00e9 as 22h, programada para ocorrer a partir do dia 14 de junho. \u00c9 a segunda vez que a amplia\u00e7\u00e3o do hor\u00e1rio e da capacidade \u00e9 postergada pela gest\u00e3o estadual.<\/p>\n\n\n\n<p>Inicialmente, a gest\u00e3o Jo\u00e3o Doria (PSDB) anunciou que a medida entraria em vigor no dia 1\u00b0 de junho. Depois, recuou e alterou a data para 14 de junho. Nesta quarta (9), decidiu n\u00e3o fazer altera\u00e7\u00f5es at\u00e9 o dia 30.<\/p>\n\n\n\n<p>Com a mudan\u00e7a, o estado continuar\u00e1 na atual fase da quarentena, que autoriza lojas, shoppings, academias, sal\u00f5es de beleza e restaurantes a operar at\u00e9 21h.<\/p>\n\n\n\n<p>&#8220;Devido ao aumento dos \u00edndices da pandemia, sobretudo de algumas \u00e1reas localizadas aqui do estado de S\u00e3o Paulo, o Centro de Conting\u00eancia da Covid-19 recomendou prorrogar por mais 2 semanas, de 14 a 30 de junho, a atual fase de transi\u00e7\u00e3o do Plano S\u00e3o Paulo&#8221;, afirmou Doria.<\/p>\n\n\n\n<p>A capacidade m\u00e1xima de funcionamento do com\u00e9rcio, que tamb\u00e9m tinha a previs\u00e3o de ser ampliada para 60% na pr\u00f3xima semana, seguir\u00e1 em 40%.<\/p>\n\n\n\n<figure class=\"wp-block-image size-large\"><img loading=\"lazy\" decoding=\"async\" width=\"984\" height=\"554\" src=\"https:\/\/tvtecjundiai.com.br\/news\/wp-content\/uploads\/sites\/2\/2021\/06\/whatsapp-image-2021-06-09-at-12.42.37.jpeg\" alt=\"\" class=\"wp-image-77263\" srcset=\"https:\/\/tvtecjundiai.com.br\/news\/wp-content\/uploads\/sites\/2\/2021\/06\/whatsapp-image-2021-06-09-at-12.42.37.jpeg 984w, https:\/\/tvtecjundiai.com.br\/news\/wp-content\/uploads\/sites\/2\/2021\/06\/whatsapp-image-2021-06-09-at-12.42.37-300x169.jpeg 300w, https:\/\/tvtecjundiai.com.br\/news\/wp-content\/uploads\/sites\/2\/2021\/06\/whatsapp-image-2021-06-09-at-12.42.37-768x432.jpeg 768w\" sizes=\"auto, (max-width: 984px) 100vw, 984px\" \/><figcaption>Fase de transi\u00e7\u00e3o permanece at\u00e9 final de junho&nbsp;<\/figcaption><\/figure>\n\n\n\n<p><strong>11 mil na UTI<\/strong><\/p>\n\n\n\n<p>A decis\u00e3o ocorre ap\u00f3s o estado ultrapassar 11 mil pacientes com COVID-19 internados em UTI, n\u00famero que havia sido apontado pela gest\u00e3o Jo\u00e3o Doria (PSDB) como limite de eventual novo aumento da epidemia ap\u00f3s as flexibiliza\u00e7\u00f5es da quarentena realizadas em maio.<\/p>\n\n\n\n<p>Ao anunciar novas flexibiliza\u00e7\u00f5es da fase atual da quarentena no dia 19 de maio, o governo admitiu que poderia haver um crescimento nos n\u00fameros de interna\u00e7\u00f5es e mortes por COVID-19 nas semanas seguintes, mas defendeu que os indicadores n\u00e3o seriam piores do que os verificados no pico anterior da pandemia e que, por isso, a mudan\u00e7a era acertada.<\/p>\n\n\n\n<p>Apesar dos n\u00fameros elevados, o comit\u00ea de sa\u00fade que assessora o governo paulista afirma que o crescimento \u00e9 atualmente mais lento e nega risco de novo pico da doen\u00e7a.<\/p>\n\n\n\n<p><strong>Fase de transi\u00e7\u00e3o<\/strong><br>No final de maio, o com\u00e9rcio foi autorizado a elevar a capacidade m\u00e1xima de 30% para 40%. Na pr\u00e1tica, por\u00e9m, n\u00e3o h\u00e1 lei, multa ou fiscaliza\u00e7\u00e3o para verificar esse percentual.<\/p>\n\n\n\n<p>O estado de S\u00e3o Paulo est\u00e1, desde 18 de abril, na chamada \u201cfase de transi\u00e7\u00e3o\u201d do Plano S\u00e3o Paulo, que regula o funcionamento dos setores da economia.<\/p>\n\n\n\n<p>Esta fase, criada para representar uma etapa transit\u00f3ria da fase emergencial, a mais rigorosa da quarentena, n\u00e3o leva em considera\u00e7\u00e3o os indicadores da pandemia no estado.<\/p>\n\n\n\n<p>Se \u00edndices como taxa de ocupa\u00e7\u00e3o de leitos fossem levados em conta, a maior parte da popula\u00e7\u00e3o do estado estaria na chamada fase vermelha.<\/p>\n\n\n\n<p><strong>Indicadores da epidemia<\/strong><br>Ao ultrapassar o patamar de mais de 11 mil pacientes em UTI nesta semana, S\u00e3o Paulo voltou para um patamar que n\u00e3o observado desde 23 de abril.<\/p>\n\n\n\n<p>Segundo levantamento feito pela TV Globo com dados da Secretaria Estadual de Sa\u00fade, a interna\u00e7\u00e3o total de UTI t\u00eam subido diariamente no estado h\u00e1 22 dias consecutivos.<\/p>\n\n\n\n<p>Abril foi o m\u00eas mais letal desde o in\u00edcio da pandemia. O colapso no sistema de sa\u00fade tamb\u00e9m fez com que mais de 500 pessoas morressem \u00e0 espera de um leito de UTI no estado.<\/p>\n\n\n\n<p>Embora em maio tenha sido observada uma queda no n\u00famero de interna\u00e7\u00f5es, casos e mortes, essa queda n\u00e3o foi suficiente para voltar a patamares anteriores \u00e0s do pico da segunda onda.<\/p>\n\n\n\n<p>Esse novo aumento de interna\u00e7\u00f5es de junho &#8211; chamado de terceira onda da epidemia ou de repique da segunda onda &#8211; preocupa cientistas e infectologistas porque acontece no momento em que o sistema de sa\u00fade j\u00e1 est\u00e1 sobrecarregado com taxas de ocupa\u00e7\u00e3o acima de 80%.<\/p>\n\n\n\n<p>Em fevereiro, antes do in\u00edcio da segunda onda, as ocupa\u00e7\u00f5es de UTI no estado mantinham m\u00e9dia de 66%.<\/p>\n\n\n\n<p>Na capital paulista, as taxas de ocupa\u00e7\u00e3o de leitos n\u00e3o-Covid tamb\u00e9m j\u00e1 est\u00e3o atualmente acima de 90%, o que aumenta a dificuldade para que estruturas sejam adaptadas de forma emergencial.<\/p>\n\n\n\n<p>O secret\u00e1rio municipal da Sa\u00fade, Edson Aparecido, estima que valores parecidos ao colapso de abril podem voltar a ser registrados na cidade de S\u00e3o Paulo j\u00e1 na pr\u00f3xima semana.<\/p>\n\n\n\n<p><em>(Texto: G1\/Imagem: Divulga\u00e7\u00e3o Governo de SP\/TVTEC)<\/em><\/p>\n","protected":false},"excerpt":{"rendered":"<p>Fase em vigor, que permite o funcionamento de estabelecimentos at\u00e9 21h, seguir\u00e1 at\u00e9 30 de junho<\/p>\n","protected":false},"author":28,"featured_media":77278,"comment_status":"closed","ping_status":"closed","sticky":false,"template":"","format":"standard","meta":{"footnotes":""},"categories":[8356,1],"tags":[],"class_list":["post-77262","post","type-post","status-publish","format-standard","has-post-thumbnail","hentry","category-jundiai","category-noticias"],"_links":{"self":[{"href":"https:\/\/tvtecjundiai.com.br\/news\/wp-json\/wp\/v2\/posts\/77262","targetHints":{"allow":["GET"]}}],"collection":[{"href":"https:\/\/tvtecjundiai.com.br\/news\/wp-json\/wp\/v2\/posts"}],"about":[{"href":"https:\/\/tvtecjundiai.com.br\/news\/wp-json\/wp\/v2\/types\/post"}],"author":[{"embeddable":true,"href":"https:\/\/tvtecjundiai.com.br\/news\/wp-json\/wp\/v2\/users\/28"}],"replies":[{"embeddable":true,"href":"https:\/\/tvtecjundiai.com.br\/news\/wp-json\/wp\/v2\/comments?post=77262"}],"version-history":[{"count":2,"href":"https:\/\/tvtecjundiai.com.br\/news\/wp-json\/wp\/v2\/posts\/77262\/revisions"}],"predecessor-version":[{"id":77279,"href":"https:\/\/tvtecjundiai.com.br\/news\/wp-json\/wp\/v2\/posts\/77262\/revisions\/77279"}],"wp:featuredmedia":[{"embeddable":true,"href":"https:\/\/tvtecjundiai.com.br\/news\/wp-json\/wp\/v2\/media\/77278"}],"wp:attachment":[{"href":"https:\/\/tvtecjundiai.com.br\/news\/wp-json\/wp\/v2\/media?parent=77262"}],"wp:term":[{"taxonomy":"category","embeddable":true,"href":"https:\/\/tvtecjundiai.com.br\/news\/wp-json\/wp\/v2\/categories?post=77262"},{"taxonomy":"post_tag","embeddable":true,"href":"https:\/\/tvtecjundiai.com.br\/news\/wp-json\/wp\/v2\/tags?post=77262"}],"curies":[{"name":"wp","href":"https:\/\/api.w.org\/{rel}","templated":true}]}}