{"id":77265,"date":"2021-06-09T13:50:22","date_gmt":"2021-06-09T16:50:22","guid":{"rendered":"https:\/\/tvtecjundiai.com.br\/news\/?p=77265"},"modified":"2021-06-09T14:12:48","modified_gmt":"2021-06-09T17:12:48","slug":"governo-de-sp-antecipa-datas-de-vacinacao-contra-covid-19-para-toda-a-populacao-adulta-1","status":"publish","type":"post","link":"https:\/\/tvtecjundiai.com.br\/news\/2021\/06\/09\/governo-de-sp-antecipa-datas-de-vacinacao-contra-covid-19-para-toda-a-populacao-adulta-1\/","title":{"rendered":"Governo de SP antecipa datas de vacina\u00e7\u00e3o contra COVID-19 para toda a popula\u00e7\u00e3o adulta"},"content":{"rendered":"\n<p>O governo de S\u00e3o Paulo anunciou nesta quarta-feira (9) que vai antecipar a vacina\u00e7\u00e3o contra COVID-19 do p\u00fablico geral, por faixa et\u00e1ria, e tamb\u00e9m de diversos grupos priorit\u00e1rios, como trabalhadores da educa\u00e7\u00e3o e pessoas com defici\u00eancia permanente.<\/p>\n\n\n\n<p>Em m\u00e9dia, cada faixa et\u00e1ria teve sua proje\u00e7\u00e3o de vacina\u00e7\u00e3o antecipada em cerca de 15 dias, em compara\u00e7\u00e3o com o calend\u00e1rio divulgado anteriormente.<\/p>\n\n\n\n<p>Veja o novo calend\u00e1rio:<\/p>\n\n\n\n<ul class=\"wp-block-list\"><li>Trabalhadores da Educa\u00e7\u00e3o B\u00e1sica com 45 e 46 anos: 9 de junho<\/li><li>Gestantes e pu\u00e9rperas sem comorbidades acima de 18 anos: 10 de junho<\/li><li>Pessoas com defici\u00eancia permanente (sem BPC): 10 de junho<\/li><li>Trabalhadores da Educa\u00e7\u00e3o B\u00e1sica de 18 a 44 anos: 11 de junho<\/li><li>Pessoas de 55 a 59 anos: 16 de junho a 8 de julho<\/li><li>Pessoas com 54 anos: 9 a 19 de julho<\/li><li>Pessoas com 50 a 53 anos: 20 de julho a 3 de agosto<\/li><li>Pessoas com 45 a 49 anos: 4 a 18 de agosto<\/li><li>Pessoas com 40 a 44 anos: 19 a 28 de agosto<\/li><li>Pessoas com 35 a 39 anos: 29 de agosto a 7 de setembro<\/li><li>Pessoas de 30 a 34 anos: 8 a 17 de setembro<\/li><li>Pessoas de 25 a 29 anos: 18 a 27 de setembro<\/li><li>Pessoas de 18 a 24 anos: 28 de setembro a 18 de outubro<\/li><\/ul>\n\n\n\n<p>Nesta sexta (9), a gest\u00e3o de Jo\u00e3o Doria (PSDB) tamb\u00e9m decidiu manter as atuais regras de funcionamento do com\u00e9rcio e adiou novamente a amplia\u00e7\u00e3o do funcionamento dos servi\u00e7os at\u00e9 as 22h.<\/p>\n\n\n\n<p>At\u00e9 o dia 30 de junho, todo os setores poder\u00e3o operar das 6h \u00e0s 21h, com recomenda\u00e7\u00e3o de que o p\u00fablico seja limitado a 40% da capacidade. O segundo adiamento da flexibiliza\u00e7\u00e3o ocorre ap\u00f3s o estado ultrapassar 11 mil internados na UTI.<\/p>\n\n\n\n<figure class=\"wp-block-image size-large\"><img loading=\"lazy\" decoding=\"async\" width=\"984\" height=\"541\" src=\"https:\/\/tvtecjundiai.com.br\/news\/wp-content\/uploads\/sites\/2\/2021\/06\/calendario-sp.jpg\" alt=\"\" class=\"wp-image-77266\" srcset=\"https:\/\/tvtecjundiai.com.br\/news\/wp-content\/uploads\/sites\/2\/2021\/06\/calendario-sp.jpg 984w, https:\/\/tvtecjundiai.com.br\/news\/wp-content\/uploads\/sites\/2\/2021\/06\/calendario-sp-300x165.jpg 300w, https:\/\/tvtecjundiai.com.br\/news\/wp-content\/uploads\/sites\/2\/2021\/06\/calendario-sp-768x422.jpg 768w\" sizes=\"auto, (max-width: 984px) 100vw, 984px\" \/><figcaption>Governo de S\u00e3o Paulo divulga novo calend\u00e1rio de proje\u00e7\u00e3o de vacina\u00e7\u00e3o contra COVID-19 nesta quarta (9)<\/figcaption><\/figure>\n\n\n\n<p><strong>Professores, gr\u00e1vidas e pessoas com defici\u00eancia<\/strong><br>A partir desta quarta-feira (9) podem se vacinar os profissionais da educa\u00e7\u00e3o b\u00e1sica com 45 e 46 anos de idade. J\u00e1 aqueles com idade entre 18 e 44 anos poder\u00e3o receber o imunizante a partir da pr\u00f3xima sexta-feira (11).<\/p>\n\n\n\n<p>J\u00e1 as gr\u00e1vidas e as pu\u00e9rperas (mulheres que deram a luz h\u00e1 menos de 45 dias) devem receber a vacina a partir desta quinta (10), independente de sua condi\u00e7\u00e3o de sa\u00fade. Antes, a vacina\u00e7\u00e3o deste grupo era restrita a mulheres com comorbidades.<\/p>\n\n\n\n<p>Tamb\u00e9m nesta quinta-feira (10) poder\u00e3o se vacinar as pessoas com defici\u00eancia permanente, mas que n\u00e3o recebem o Benef\u00edcio de Presta\u00e7\u00e3o Continuada (BPC).<\/p>\n\n\n\n<figure class=\"wp-block-image size-large\"><img loading=\"lazy\" decoding=\"async\" width=\"984\" height=\"555\" src=\"https:\/\/tvtecjundiai.com.br\/news\/wp-content\/uploads\/sites\/2\/2021\/06\/crono-vacinacao-sp.jpg\" alt=\"\" class=\"wp-image-77267\" srcset=\"https:\/\/tvtecjundiai.com.br\/news\/wp-content\/uploads\/sites\/2\/2021\/06\/crono-vacinacao-sp.jpg 984w, https:\/\/tvtecjundiai.com.br\/news\/wp-content\/uploads\/sites\/2\/2021\/06\/crono-vacinacao-sp-300x169.jpg 300w, https:\/\/tvtecjundiai.com.br\/news\/wp-content\/uploads\/sites\/2\/2021\/06\/crono-vacinacao-sp-768x433.jpg 768w\" sizes=\"auto, (max-width: 984px) 100vw, 984px\" \/><figcaption>Data de in\u00edcio da vacina\u00e7\u00e3o contra COVID-19 de grupos priorit\u00e1rios em S\u00e3o Paulo<\/figcaption><\/figure>\n\n\n\n<p><strong>Adiantamento por faixa et\u00e1ria<\/strong><br>O governo anunciou ainda o adiantamento da vacina\u00e7\u00e3o de pessoas sem comorbidades. Aquelas com idade entre 55 a 59 anos poder\u00e3o receber a vacina a partir da pr\u00f3xima quarta-feira (16).<\/p>\n\n\n\n<p>Em m\u00e9dia, cada faixa et\u00e1ria teve sua proje\u00e7\u00e3o de vacina\u00e7\u00e3o antecipada em cerca de 15 dias, em compara\u00e7\u00e3o com o calend\u00e1rio divulgado anteriormente.<\/p>\n\n\n\n<p>Segundo Regiane de Paula, coordenadora do Programa Estadual de Imuniza\u00e7\u00e3o, o calend\u00e1rio foi montado levando em considera\u00e7\u00e3o a proje\u00e7\u00e3o de entregas feita pelo Minist\u00e9rio da Sa\u00fade.<\/p>\n\n\n\n<p>A promessa do governo estadual \u00e9 a de que toda a popula\u00e7\u00e3o com mais de 18 anos tenha recebido ao menos uma dose de vacina contra Covid at\u00e9 o dia 18 de outubro, data que a gest\u00e3o estadual passou a chamar de &#8220;Dia da Esperan\u00e7a&#8221;.<\/p>\n\n\n\n<p>&#8220;O Dia da Esperan\u00e7a mostra o cronograma completo de vacina\u00e7\u00e3o no estado de S\u00e3o Paulo e aponta quantos dias faltam para a imuniza\u00e7\u00e3o de cada grupo, de acordo com as idades. Faltam 111 dias para que possamos iniciar a imuniza\u00e7\u00e3o do \u00faltimo grupo, de 18 a 24 anos, de forma com que todos os brasileiros de S\u00e3o Paulo recebam a primeira dose da vacina. O Dia da Esperan\u00e7a nos une em uma grande contagem regressiva pela esperan\u00e7a e pela vida&#8221;, disse Regiane de Paula nesta quarta.<\/p>\n\n\n\n<p><em>(Texto: G1\/Imagem: Reprodu\u00e7\u00e3o\/Governo do Estado de S\u00e3o Paulo)<\/em><\/p>\n","protected":false},"excerpt":{"rendered":"<p>Em m\u00e9dia, cada faixa et\u00e1ria teve sua proje\u00e7\u00e3o de vacina\u00e7\u00e3o antecipada em cerca de 15 dias<\/p>\n","protected":false},"author":28,"featured_media":77277,"comment_status":"closed","ping_status":"closed","sticky":false,"template":"","format":"standard","meta":{"footnotes":""},"categories":[8356,1],"tags":[],"class_list":["post-77265","post","type-post","status-publish","format-standard","has-post-thumbnail","hentry","category-jundiai","category-noticias"],"_links":{"self":[{"href":"https:\/\/tvtecjundiai.com.br\/news\/wp-json\/wp\/v2\/posts\/77265","targetHints":{"allow":["GET"]}}],"collection":[{"href":"https:\/\/tvtecjundiai.com.br\/news\/wp-json\/wp\/v2\/posts"}],"about":[{"href":"https:\/\/tvtecjundiai.com.br\/news\/wp-json\/wp\/v2\/types\/post"}],"author":[{"embeddable":true,"href":"https:\/\/tvtecjundiai.com.br\/news\/wp-json\/wp\/v2\/users\/28"}],"replies":[{"embeddable":true,"href":"https:\/\/tvtecjundiai.com.br\/news\/wp-json\/wp\/v2\/comments?post=77265"}],"version-history":[{"count":2,"href":"https:\/\/tvtecjundiai.com.br\/news\/wp-json\/wp\/v2\/posts\/77265\/revisions"}],"predecessor-version":[{"id":77269,"href":"https:\/\/tvtecjundiai.com.br\/news\/wp-json\/wp\/v2\/posts\/77265\/revisions\/77269"}],"wp:featuredmedia":[{"embeddable":true,"href":"https:\/\/tvtecjundiai.com.br\/news\/wp-json\/wp\/v2\/media\/77277"}],"wp:attachment":[{"href":"https:\/\/tvtecjundiai.com.br\/news\/wp-json\/wp\/v2\/media?parent=77265"}],"wp:term":[{"taxonomy":"category","embeddable":true,"href":"https:\/\/tvtecjundiai.com.br\/news\/wp-json\/wp\/v2\/categories?post=77265"},{"taxonomy":"post_tag","embeddable":true,"href":"https:\/\/tvtecjundiai.com.br\/news\/wp-json\/wp\/v2\/tags?post=77265"}],"curies":[{"name":"wp","href":"https:\/\/api.w.org\/{rel}","templated":true}]}}