{"id":7727,"date":"2018-03-21T09:40:32","date_gmt":"2018-03-21T12:40:32","guid":{"rendered":"https:\/\/tvtecjundiai.com.br\/news\/?p=7727"},"modified":"2018-03-21T09:40:32","modified_gmt":"2018-03-21T12:40:32","slug":"economia-pat-divulga-vagas-disponiveis-em-jundiai-e-regiao-21-3","status":"publish","type":"post","link":"https:\/\/tvtecjundiai.com.br\/news\/2018\/03\/21\/economia-pat-divulga-vagas-disponiveis-em-jundiai-e-regiao-21-3\/","title":{"rendered":"Economia: PAT divulga vagas dispon\u00edveis em Jundia\u00ed e regi\u00e3o (21)"},"content":{"rendered":"<p>Confira as vagas<\/p>\n<div id=\"pat\">\n<ul>\n<li><strong>Auxiliar de TI (Tecnologia da Informa\u00e7\u00e3o)<\/strong>\u00a0(liberado em 20\/03\/2018) \u2013 6 meses de experi\u00eancia em CTPS; ensino superior incompleto; cursando minimo 2\u00ba semestre; conhecimento em sistema Protheus; somente candidatos de Jundia\u00ed.<\/li>\n<li><strong>Bombeiro Civil<\/strong>\u00a0(liberado em 19\/03\/2018) \u2013 6 meses de experi\u00eancia n\u00e3o em CTPS; ensino m\u00e9dio incompleto; com curso conclu\u00eddo; somente candidatos de Jundia\u00ed.<\/li>\n<li><strong>Fresador CNC<\/strong>\u00a0(liberado em 20\/03\/2018) \u2013 6 meses de experi\u00eancia em CTPS. ensino m\u00e9dio completo; com curso conclu\u00eddo; somente candidatos de Jundia\u00ed.<\/li>\n<li><strong>Jardineiro<\/strong>\u00a0(liberado em 19\/03\/2018) \u2013 6 meses de experi\u00eancia; ensino fundamental completo; conhecimento em ro\u00e7adeiras, pulverizador e soprador; somente candidatos de Jundia\u00ed.<\/li>\n<li><strong>Mec\u00e2nico de Manuten\u00e7\u00e3o de Maquinas Industriais<\/strong>\u00a0(liberado em 20\/03\/2018) \u2013 6 meses de experiencia em CTPS; ensino m\u00e9dio completo; experi\u00eancia em metal\u00fargica; candidatos de Jundia\u00ed, Louveira, Vinhedo, Itupeva e Campo Limpo Paulista.<\/li>\n<li><strong>M\u00e9dico Veterin\u00e1rio<\/strong>\u00a0(liberado em 19\/03\/2018) \u2013 Ensino superior completo; curso veterin\u00e1rio; com CRMV ativo; somente candidatos Jundia\u00ed V\u00e1rzea Paulista e Campo Limpo Paulista.<\/li>\n<li><strong>Motorista de Caminh\u00e3o<\/strong>\u00a0(liberado em 20\/03\/2018) \u2013 6 meses de experi\u00eancia em CTPS; ensino fundamental completo; necess\u00e1rio CNH &#8220;D&#8221;.<\/li>\n<li><strong>Torneiro Mec\u00e2nico<\/strong>\u00a0(liberado em 20\/03\/2018) \u2013 6 meses de experi\u00eancia em CTPS; ensino m\u00e9dio completo; curso conclu\u00eddo; somente candidatos de Jundia\u00ed.<\/li>\n<li><strong>Vaga exclusiva PCD (Pessoas com Defici\u00eancia)<\/strong>\u00a0(liberado em 20\/03\/2018) \u2013 Auxiliar de Linha de Produ\u00e7\u00e3o &#8211; 3 meses de experi\u00eancia em CTPS; ensino fundamental completo; necess\u00e1rio laudo m\u00e9dico; somente candidatos de Jundia\u00ed, Louveira e Vinhedo.<\/li>\n<li><strong>Vendedor Pracista<\/strong>\u00a0(liberado em 15\/03\/2018) \u2013 6 meses de experiencia em CTPS; ensino m\u00e9dio completo; necess\u00e1rio CNH &#8220;A&#8221; e moto pr\u00f3pria; somente candidatos de Jundia\u00ed, V\u00e1rzea Paulista e Campo Limpo Paulista.<\/li>\n<\/ul>\n<p>Os interessados devem comparecer \u00e0 rua Zacarias de Goes, 530 \u2013 Centro. O atendimento do PAT Jundia\u00ed \u00e9 feito de segunda a sexta-feira, das 8 \u00e0s 16h30 horas. \u00c9 necess\u00e1rio levar RG, CPF, carteira de trabalho, PIS ou cart\u00e3o do cidad\u00e3o<\/p>\n<p>\u00daltima atualiza\u00e7\u00e3o em\u00a021\/03\/2018 09:05<\/p>\n<p><em>(Fonte: Prefeitura de Jundia\u00ed)<\/em><\/p>\n<\/div>\n","protected":false},"excerpt":{"rendered":"<p>Pode haver altera\u00e7\u00e3o no quadro de disponibilidade durante a semana<\/p>\n","protected":false},"author":11,"featured_media":7091,"comment_status":"closed","ping_status":"closed","sticky":false,"template":"","format":"standard","meta":{"footnotes":""},"categories":[29,1],"tags":[286,37,39,253,185,43],"class_list":["post-7727","post","type-post","status-publish","format-standard","has-post-thumbnail","hentry","category-destaque","category-noticias","tag-carteira-de-trabalho","tag-emprego","tag-pat","tag-pat-de-jundiai","tag-trabalho","tag-vagas-de-emprego"],"_links":{"self":[{"href":"https:\/\/tvtecjundiai.com.br\/news\/wp-json\/wp\/v2\/posts\/7727","targetHints":{"allow":["GET"]}}],"collection":[{"href":"https:\/\/tvtecjundiai.com.br\/news\/wp-json\/wp\/v2\/posts"}],"about":[{"href":"https:\/\/tvtecjundiai.com.br\/news\/wp-json\/wp\/v2\/types\/post"}],"author":[{"embeddable":true,"href":"https:\/\/tvtecjundiai.com.br\/news\/wp-json\/wp\/v2\/users\/11"}],"replies":[{"embeddable":true,"href":"https:\/\/tvtecjundiai.com.br\/news\/wp-json\/wp\/v2\/comments?post=7727"}],"version-history":[{"count":1,"href":"https:\/\/tvtecjundiai.com.br\/news\/wp-json\/wp\/v2\/posts\/7727\/revisions"}],"predecessor-version":[{"id":7728,"href":"https:\/\/tvtecjundiai.com.br\/news\/wp-json\/wp\/v2\/posts\/7727\/revisions\/7728"}],"wp:featuredmedia":[{"embeddable":true,"href":"https:\/\/tvtecjundiai.com.br\/news\/wp-json\/wp\/v2\/media\/7091"}],"wp:attachment":[{"href":"https:\/\/tvtecjundiai.com.br\/news\/wp-json\/wp\/v2\/media?parent=7727"}],"wp:term":[{"taxonomy":"category","embeddable":true,"href":"https:\/\/tvtecjundiai.com.br\/news\/wp-json\/wp\/v2\/categories?post=7727"},{"taxonomy":"post_tag","embeddable":true,"href":"https:\/\/tvtecjundiai.com.br\/news\/wp-json\/wp\/v2\/tags?post=7727"}],"curies":[{"name":"wp","href":"https:\/\/api.w.org\/{rel}","templated":true}]}}